{"id":6015,"date":"2024-05-08T17:29:50","date_gmt":"2024-05-08T16:29:50","guid":{"rendered":"https:\/\/amadalamazigh.press.ma\/fr\/?p=6015"},"modified":"2024-05-09T13:26:25","modified_gmt":"2024-05-09T12:26:25","slug":"lunion-africaine-pourrait-elle-mettre-fin-au-genocide-a-lencontre-des-touaregues-et-des-maures-dazawad","status":"publish","type":"post","link":"https:\/\/amadalamazigh.press.ma\/fr\/lunion-africaine-pourrait-elle-mettre-fin-au-genocide-a-lencontre-des-touaregues-et-des-maures-dazawad\/","title":{"rendered":"L\u2019Union Africaine pourrait-elle mettre fin au g\u00e9nocide \u00e0 l&rsquo;encontre des Touar\u00e8gues et des Maures d\u2019Azawad ?"},"content":{"rendered":"<p><strong><img data-recalc-dims=\"1\" loading=\"lazy\" decoding=\"async\" class=\"size-medium wp-image-6016 alignleft\" src=\"https:\/\/i0.wp.com\/amadalamazigh.press.ma\/fr\/wp-content\/uploads\/2024\/05\/IMG-20240508-WA0003.jpg?resize=169%2C250&#038;ssl=1\" alt=\"\" width=\"169\" height=\"250\" \/>Monsieur Mohamed OULD CHEIKH EL-GHAZOUANI, <\/strong><strong>Pr\u00e9sident de la R\u00e9publique Islamique de Mauritanie <\/strong><strong>&amp; Pr\u00e9sident en exercice de l\u2019Union Africaine,<\/strong><\/p>\n<p>Objet\u00a0: <strong>L\u2019Union Africaine pourrait-elle s\u2019unir pour mettre fin au g\u00e9nocide en cours contre les populations Touar\u00e8gues et Maures d\u2019Azawad ?<\/strong><strong>\u00a0 \u00a0 \u00a0\u00a0<\/strong><\/p>\n<p>Monsieur Le Pr\u00e9sident,<\/p>\n<p>En premier lieu, nous tenons \u00e0 vous exprimer, avec un l\u00e9ger retard, nos vives f\u00e9licitations pour votre \u00e9lection, en tant qu\u2019un Amazigho-Maure \u00e0 la t\u00eate de la pr\u00e9sidence tournante de l\u2019Union Africaine pour cette ann\u00e9e en cours de 2024\/2974. Et f\u00e9liciter l\u2019UA pour la nomination de monsieur Adama DIENG comme premier envoy\u00e9 sp\u00e9cial de l\u2019UA pour la pr\u00e9vention du crime de g\u00e9nocide et d\u2019autres atrocit\u00e9s de masse, afin de combattre l\u2019id\u00e9ologie de la haine et la pr\u00e9vention du g\u00e9nocide sur le continent africain, \u00e0 l\u2019occasion de la 30-\u00e8me comm\u00e9moration du g\u00e9nocide de 1994 contre les Tutsis au Rwanda.<\/p>\n<p>Nous avons l\u2019honneur de vous exposer la d\u00e9licate question de la violence meurtri\u00e8re d\u00e9cha\u00een\u00e9e \u00e0 l\u2019encontre des populations autochtones du Nord du Mali, en l\u2019occurrence les Touar\u00e8gues et les Maures de la r\u00e9gion d\u2019Azawad, de la part des forces militaires maliennes (les Fama), avec l\u2019appui inhumain et criminel des milices de mercenaires russes de groupe \u00ab\u00a0Wagner\u00a0\u00bb, qui ne cessent de pratiquer m\u00e9thodiquement des op\u00e9rations de nettoyage ethnique \u00e0 l\u2019encontre de ces populations civiles Azawadiennes, dans cette r\u00e9gion sah\u00e9lo-saharienne, en plein c\u0153ur de notre continent africain.<\/p>\n<p>En effet, il est vraiment intol\u00e9rable que les 54 membres de l\u2019UA continuent \u00e0 rester silencieux sur ce g\u00e9nocide, ainsi que les m\u00e9dias internationaux et l\u2019opinion public internationale. Cet assourdissant silence fait de nos Etats africains des complices notoires de cette atroce \u00e9puration ethnique.<\/p>\n<p>Nous portons \u00e0 votre connaissance que notre ONG, l\u2019Assembl\u00e9e Mondiale Amazighe, avais pris l\u2019initiative d\u2019interpeller les pr\u00e9sidents Mr. Emmanuel Macron [1], Mr. Vladimir POUTINE [2], Mr. Abdelhamid DBEIBEH, Chef du Gouvernement d&rsquo;Union Nationale de Libye, et les ministres des affaires \u00e9trang\u00e8res Messieurs Nasser BOURITA pour le Maroc, M. Abdoulaye DIOP pour le Mali, M. Sameh CHOUKRY pour l\u2019Egypte, M.\u00a0Nabil AMMAR pour laTunisie, M.\u00a0Mohamed SALEM OULD MERZOUG pour votre pays, Mme. A\u00efssata TALL SALL pour le S\u00e9n\u00e9gal, Mme. Ragnaghn\u00e8wend\u00e9 Olivia ROUAMBA, pour le Burkina Fasso, M. Mahamat Saleh ANNADIF [3], l\u2019Union Europ\u00e9enne [4] et Monsieur l\u2019Ambassadeur des USA au Maroc. Ce dernier a eu l\u2019amabilit\u00e9 de prendre au s\u00e9rieux notre appel de d\u00e9tresse et de nous r\u00e9pondre en nous envoyant l\u2019un de ses \u00e9missaires \u00e0 nous rencontrer le 19 d\u00e9cembre dernier, et \u00e0 qui nous avions fourni certains rapports de diverses ONG des droits de l\u2019homme [5] sur ce crime contre l\u2019humanit\u00e9, totalement occult\u00e9 par les conflits arm\u00e9s en Ukraine et \u00e0 Gaza.<\/p>\n<p>Monsieur Le Pr\u00e9sident,<\/p>\n<p>Si le Mali, le Burkina-Faso et le Niger ont connu divers coups d&rsquo;\u00c9tat, c\u2019est principalement \u00e0 cause de leur impuissance de faire face \u00e0 l\u2019ins\u00e9curit\u00e9 provoqu\u00e9e par les groupes terroristes djihadistes ! Alors la question fondamentale,\u00a0qu\u2019on feint d\u2019ignorer, est de savoir qui est le commanditaire de ces groupes terroristes\u00a0?<\/p>\n<p>Sachant que cette vaste r\u00e9gion d\u00e9sertique du Grand Sahara et du Sahel f\u00fbt auparavant un havre de paix, o\u00f9 vivaient en harmonie et en respect divers groupes ethniques, notamment les Touar\u00e8gues, les Maures, les Peuls et les Dogons, les Toubous, les Songha\u00efs\u2026<\/p>\n<p>Au sein de notre ONG, l\u2019Assembl\u00e9e Mondiale Amazighe, nous avions toujours la conviction qu\u2019il s\u2019agit des services secrets militaires alg\u00e9riens, notamment par la cr\u00e9ation du groupe salafiste<em>\u00a0<strong>Al Qa\u00efda au Maghreb islamique (AQMI)<\/strong>, <\/em>attest\u00e9e par l\u2019\u00e9tude de Fran\u00e7ois G\u00e8ze et Salima Mellah [6], dirig\u00e9 maintenant par le c\u00e9l\u00e8bre touar\u00e8gue Iyad AG GHALI d&rsquo;Ansar Dine (qui a opt\u00e9 pour une nouvelle d\u00e9nomination, le Groupe de Soutien \u00e0 l&rsquo;Islam et aux Musulmans-GSIM). Ce qui nous am\u00e8ne \u00e0 poser cette cruciale question\u00a0: pourquoi\u00a0?<\/p>\n<p>De ce fait, ces sinistres et criminels services alg\u00e9riens (de la DRS ou de la DGDSE), responsables directs de tous les meurtres commis, -et qui continuent \u00e0 \u00eatre commis-, ont pour principal but g\u00e9ostrat\u00e9gique la d\u00e9stabilisation de ces pays du Sahel. Et cela pour un triple objectif.<\/p>\n<p>Primo, en transformant le Sahel en une poudri\u00e8re, ils emp\u00eachent quiconque de proc\u00e9der aux forages pour la recherche des hydrocarbures et l\u2019exploitation des richesses de sous-sol, \u00e0 cause de leur folle crainte que les pays limitrophes, comme le Mali ou le Niger, r\u00e9ussissent \u00e0 pomper les m\u00eames poches p\u00e9trolif\u00e8res et r\u00e9serves gazi\u00e8res qui s\u2019y trouvent au sud.<\/p>\n<p>Secundo, leur crainte que les Touaregs maliens r\u00e9ussissent \u00e0 b\u00e9n\u00e9ficier d\u2019un statut d\u2019autonomie politique r\u00e9gional et que les Touaregs alg\u00e9riens s\u2019en inspirent !<\/p>\n<p>Tercio, affaiblir \u00e9conomiquement ces pays sah\u00e9liens, d\u00e9j\u00e0 enclav\u00e9s, afin de maintenir son \u00ab\u00a0suppos\u00e9 h\u00e9g\u00e9monie de grande puissance\u00a0(<strong><em>al9uwa adariba<\/em><\/strong> <strong><em>\u0627\u0644\u0642\u0648\u0629 \u0627\u0644\u0636\u0627\u0631\u0628\u0629<\/em><\/strong><strong>)<\/strong>!\u00bb \u00a0au sein de cette r\u00e9gion de Sahel. Rappelons-nous que leurs fameux \u00e9mirs sanguinaires d\u2019AQMI, tels Mokhtar BELMOKHTAR et Abdelmalek DROUKDEL, ont bien r\u00e9ussi \u00e0 expulser d\u2019Afrique le Rallye Paris-Dakar vers l\u2019Am\u00e9rique du Sud, privant ainsi les populations autochtones d\u2019une forte manne financi\u00e8re et de ses potentialit\u00e9s touristiques !<\/p>\n<p>Nous pensons qu\u2019il est de l\u2019int\u00e9r\u00eat de tout le monde \u00e0 revenir, s\u00e9rieusement, \u00e0 la proposition r\u00e9aliste de Mr. Romano PRODI, ex-pr\u00e9sident de la Commission Europ\u00e9enne et envoy\u00e9 sp\u00e9cial du Secr\u00e9taire g\u00e9n\u00e9ral de l&rsquo;ONU pour le Sahel de 2012 \u00e0 2014. A une question de<em>\u00a0Jeune Afrique\u00a0<\/em>de savoir si un Etat de l\u2019Azawad lui para\u00eet-il viable\u00a0? Il avait r\u00e9pondu, sagement, que<em>\u00a0:\u00a0<\/em>\u00ab\u00a0<strong>je\u00a0<em>fonde l\u2019espoir d\u2019un accord acceptable entre Bamako et les groupes arm\u00e9s. Car je consid\u00e8re que, sans accord avec le Nord, il n\u2019y aura jamais de paix au Mali<\/em><\/strong><em>\u00a0\u00bb<\/em>\u00a0[7]<em>.\u00a0<\/em>C\u2019\u00e9tait, en fin de compte, la solution \u00e0 laquelle elles se sont accord\u00e9s les parties au conflit malien \u00e0 Ouagadougou, le 4 d\u00e9cembre 2012, \u00e0 l\u2019initiative de l\u2019ex-pr\u00e9sident burkinab\u00e9 Blaise COMPAORE, qui comptait avec le soutien de la Communaut\u00e9 Economique des Etats d\u2019Afrique de l\u2019Ouest (CEDEAO) o\u00f9 la partie gouvernementale et la partie des repr\u00e9sentants du Mouvement National de Lib\u00e9ration de l\u2019Azawad (MNLA), en insistant sur \u00ab\u00a0le rejet du terrorisme\u00a0\u00bb et sur le respect de l\u2019int\u00e9grit\u00e9 territoriale, se sont accord\u00e9s sur <strong><em>la \u00ab\u00a0n\u00e9cessit\u00e9 de cr\u00e9er un cadre de dialogue pour obtenir la cessation des hostilit\u00e9s\u00a0\u00bb<\/em><\/strong> et o\u00f9 le MNLA renoncerait \u00e0 l\u2019ind\u00e9pendance du Nord en \u00e9change de garanties sur une <strong>\u00ab\u00a0large autonomie\u00a0\u00bb<\/strong>, \u00e0 l\u2019instar de l\u2019exemple de la proposition marocaine de 2007 pour l\u2019ONU pour r\u00e9gler la question saharienne, et que le leader touareg Bilal AG CHERIF vient de soumettre de nouveau ce 30 avril pass\u00e9 [8].<\/p>\n<p>En d\u00e9finitive, comme l\u2019avait d\u00e9clar\u00e9 le grand roi Amazigh panafricain <strong>MASSINISSA<\/strong> deux mill\u00e9naires de cela : \u00ab\u00a0<strong>l\u2019Afrique aux Africains<\/strong> \u00bb, tous les pays d\u2019Afrique sont appel\u00e9s, plus que jamais, \u00e0 unir leurs efforts et \u00e0 user de toute leur influence diplomatique pour obtenir la paix, combattre le fl\u00e9au de terrorisme djihadiste et mettre fin aux guerres fratricides.<\/p>\n<p>Par cons\u00e9quent et afin d\u2019y arriver, il faudrait\u00a0:<\/p>\n<p>&#8211; Primo, arr\u00eater de d\u00e9rouler le tapis rouge aux responsables gouvernementales des Etats qui fomentent le terrorisme islamiste, en l\u2019occurrence l\u2019Alg\u00e9rie, et de couper toute relation diplomatique et \u00e9conomique avec eux ;<\/p>\n<p>&#8211; Segundo, interpeller la F\u00e9d\u00e9ration de Russie afin de retirer ses sanguinaires milices mercenaires de Wagner de l\u2019Afrique, et plus particuli\u00e8rement du Mali et de la Libye. Il est inacceptable, que certains de nos pays africains qui d\u00e9sirent se lib\u00e9rer du n\u00e9o-colonialisme fran\u00e7ais, tombent dans un nouveau n\u00e9o-colonialisme plus cruel, et qu\u2019avec les ressources aurif\u00e8res du peuple autochtone d\u2019Azawad, on finance leur extermination\u00a0!<\/p>\n<p>&#8211; et Tercio, afin d\u2019\u00e9viter d\u2019\u00eatre des complices notoires de ce nouveau nettoyage ethnique, il faudrait \u0153uvrer le plus urgemment possible, \u00e0 convaincre les dirigeants militaires du Mali et les combattants Touar\u00e8gues et Maures d\u2019Azawad \u00e0 s\u2019asseoir autour d\u2019une table ronde, o\u00f9<em>\u00a0<\/em>l&rsquo;instauration d&rsquo;un syst\u00e8me territorial f\u00e9d\u00e9ral constituerait la meilleure option politique pour sauver le Mali et la r\u00e9gion du Sahel.<\/p>\n<p>En vous remerciant profond\u00e9ment pour tous vos efforts et vos moyens que vous d\u00e9ployez pour venir au secours et offrir assistance et aides humanitaires \u00e0 la centaine de milliers de R\u00e9fugi\u00e9s et D\u00e9plac\u00e9s Azawadiens, qui trouvent refuge au sein de votre territoire dont le Camp de Mbera, veuillez agr\u00e9er, Monsieur Le Pr\u00e9sident, nos salutations les plus fraternelles.<\/p>\n<p style=\"text-align: center;\">Rachid RAHA, Pr\u00e9sident de l\u2019Assembl\u00e9e Mondiale Amazighe (AMA)<\/p>\n<p><strong>Copie\u00a0: \u00a0<\/strong><\/p>\n<p>Mr.\u00a0 Moussa FAKI MAHAMAT, Pr\u00e9sident de la Commission de l\u2019UNION AFRICAINE (AU)<\/p>\n<p>Mr. Leonardo SANTOS SIM\u00e3O Repr\u00e9sentant sp\u00e9cial pour l\u2019Afrique de l\u2019Ouest et le Sahel du Secr\u00e9taire g\u00e9n\u00e9ral de l\u2019ONU<\/p>\n<p><strong>Notes\u00a0:<\/strong><\/p>\n[1]-\u00a0<a href=\"http:\/\/amamazigh.org\/2021\/06\/ni-serval-ni-barkhane-ni-takuda-ne-peuvent-securiser-le-sahel-les-seuls-a-le-concretiser-sur-le-terrain-ce-sont-les-touaregues\/\">http:\/\/amamazigh.org\/2021\/06\/ni-serval-ni-barkhane-ni-takuda-ne-peuvent-securiser-le-sahel-les-seuls-a-le-concretiser-sur-le-terrain-ce-sont-les-touaregues\/<\/a><\/p>\n[2]-\u00a0<a href=\"http:\/\/www.afrik.com\/mali-la-russie-accusee-de-declarer-la-guerre-aux-les-touaregs\">www.afrik.com\/mali-la-russie-accusee-de-declarer-la-guerre-aux-les-touaregs<\/a><\/p>\n[3]-\u00a0<a href=\"https:\/\/amadalamazigh.press.ma\/fr\/lassemblee-mondiale-amazighe-interpelle-les-etats-africains-pour-stopper-le-genocide-des-touaregues-dazawad-et-travailler-pour-la-paix-au-sahel\/\">https:\/\/amadalamazigh.press.ma\/fr\/lassemblee-mondiale-amazighe-interpelle-les-etats-africains-pour-stopper-le-genocide-des-touaregues-dazawad-et-travailler-pour-la-paix-au-sahel\/<\/a><\/p>\n[4]-\u00a0<a href=\"https:\/\/amadalamazigh.press.ma\/fr\/lunion-europeenne-pourrait-il-sauver-les-hommes-bleus-de-sahara-du-genocide-russo-malien\/\">https:\/\/amadalamazigh.press.ma\/fr\/lunion-europeenne-pourrait-il-sauver-les-hommes-bleus-de-sahara-du-genocide-russo-malien\/<\/a><\/p>\n[5]-\u00a0<a href=\"https:\/\/amadalamazigh.press.ma\/fr\/lassociation-kal-akal-denonce-les-graves-violations-des-droits-de-lhomme-a-azawad\/\">https:\/\/amadalamazigh.press.ma\/fr\/lassociation-kal-akal-denonce-les-graves-violations-des-droits-de-lhomme-a-azawad\/<\/a><\/p>\n[6]-\u00a0<a href=\"http:\/\/www.algeria-watch.org\/fr\/aw\/gspc_etrange_histoire_intro.htm\">www.algeria-watch.org\/fr\/aw\/gspc_etrange_histoire_intro.htm<\/a><\/p>\n[7]-\u00a0<a href=\"http:\/\/www.jeuneafrique.com\/134517\/politique\/romano-prodi-sans-accord-avec-le-nord-il-n-y-aura-jamais-de-paix-au-mali\/\">www.jeuneafrique.com\/134517\/politique\/romano-prodi-sans-accord-avec-le-nord-il-n-y-aura-jamais-de-paix-au-mali\/<\/a><\/p>\n[8]-\u00a0<a href=\"https:\/\/www.lemonde.fr\/afrique\/article\/2024\/05\/03\/au-mali-les-groupes-separatistes-forment-une-nouvelle-coalition_6231328_3212.html\">https:\/\/www.lemonde.fr\/afrique\/article\/2024\/05\/03\/au-mali-les-groupes-separatistes-forment-une-nouvelle-coalition_6231328_3212.html<\/a><\/p>\n","protected":false},"excerpt":{"rendered":"<p>Monsieur Mohamed OULD CHEIKH EL-GHAZOUANI, Pr\u00e9sident de la R\u00e9publique Islamique de Mauritanie &amp; Pr\u00e9sident en exercice de l\u2019Union Africaine, Objet\u00a0: L\u2019Union Africaine pourrait-elle s\u2019unir pour mettre fin au g\u00e9nocide en cours contre les populations Touar\u00e8gues et Maures d\u2019Azawad ?\u00a0 \u00a0 \u00a0\u00a0 Monsieur Le Pr\u00e9sident, En premier lieu, nous tenons \u00e0 vous exprimer, avec un l\u00e9ger &hellip;<\/p>\n","protected":false},"author":2,"featured_media":6016,"comment_status":"open","ping_status":"closed","sticky":false,"template":"","format":"standard","meta":{"jetpack_post_was_ever_published":false,"_jetpack_newsletter_access":"","_jetpack_dont_email_post_to_subs":false,"_jetpack_newsletter_tier_id":0,"_jetpack_memberships_contains_paywalled_content":false,"_jetpack_memberships_contains_paid_content":false,"footnotes":"","jetpack_publicize_message":"","jetpack_publicize_feature_enabled":true,"jetpack_social_post_already_shared":true,"jetpack_social_options":{"image_generator_settings":{"template":"highway","default_image_id":0,"font":"","enabled":false},"version":2}},"categories":[11],"tags":[],"class_list":["post-6015","post","type-post","status-publish","format-standard","has-post-thumbnail","","category-touareg"],"jetpack_publicize_connections":[],"jetpack_featured_media_url":"https:\/\/i0.wp.com\/amadalamazigh.press.ma\/fr\/wp-content\/uploads\/2024\/05\/IMG-20240508-WA0003-e1715185893365.jpg?fit=526%2C545&ssl=1","jetpack_shortlink":"https:\/\/wp.me\/p9uxE2-1z1","jetpack_sharing_enabled":true,"_links":{"self":[{"href":"https:\/\/amadalamazigh.press.ma\/fr\/wp-json\/wp\/v2\/posts\/6015","targetHints":{"allow":["GET"]}}],"collection":[{"href":"https:\/\/amadalamazigh.press.ma\/fr\/wp-json\/wp\/v2\/posts"}],"about":[{"href":"https:\/\/amadalamazigh.press.ma\/fr\/wp-json\/wp\/v2\/types\/post"}],"author":[{"embeddable":true,"href":"https:\/\/amadalamazigh.press.ma\/fr\/wp-json\/wp\/v2\/users\/2"}],"replies":[{"embeddable":true,"href":"https:\/\/amadalamazigh.press.ma\/fr\/wp-json\/wp\/v2\/comments?post=6015"}],"version-history":[{"count":3,"href":"https:\/\/amadalamazigh.press.ma\/fr\/wp-json\/wp\/v2\/posts\/6015\/revisions"}],"predecessor-version":[{"id":6029,"href":"https:\/\/amadalamazigh.press.ma\/fr\/wp-json\/wp\/v2\/posts\/6015\/revisions\/6029"}],"wp:featuredmedia":[{"embeddable":true,"href":"https:\/\/amadalamazigh.press.ma\/fr\/wp-json\/wp\/v2\/media\/6016"}],"wp:attachment":[{"href":"https:\/\/amadalamazigh.press.ma\/fr\/wp-json\/wp\/v2\/media?parent=6015"}],"wp:term":[{"taxonomy":"category","embeddable":true,"href":"https:\/\/amadalamazigh.press.ma\/fr\/wp-json\/wp\/v2\/categories?post=6015"},{"taxonomy":"post_tag","embeddable":true,"href":"https:\/\/amadalamazigh.press.ma\/fr\/wp-json\/wp\/v2\/tags?post=6015"}],"curies":[{"name":"wp","href":"https:\/\/api.w.org\/{rel}","templated":true}]}}