{"id":602,"date":"2016-03-16T12:45:12","date_gmt":"2016-03-16T12:45:12","guid":{"rendered":"http:\/\/amadalamazigh.press.ma\/fr\/?p=602"},"modified":"2016-03-21T12:57:28","modified_gmt":"2016-03-21T12:57:28","slug":"les-amazighs-demandent-aux-pays-europeens-de-couper-les-relations-diplomatiques-avecles-pays-qui-financent-le-terrorisme-dont-larabie-saoudite-et-le-qatar","status":"publish","type":"post","link":"https:\/\/amadalamazigh.press.ma\/fr\/les-amazighs-demandent-aux-pays-europeens-de-couper-les-relations-diplomatiques-avecles-pays-qui-financent-le-terrorisme-dont-larabie-saoudite-et-le-qatar\/","title":{"rendered":"Les Amazighs demandent aux pays europ\u00e9ens de couper les relations diplomatiques avecles pays qui financent le terrorisme dont l\u2019Arabie Saoudite et le Qatar"},"content":{"rendered":"<p style=\"text-align: justify;\"><img data-recalc-dims=\"1\" loading=\"lazy\" decoding=\"async\" class=\"size-medium wp-image-603 alignleft\" src=\"https:\/\/i0.wp.com\/amadalamazigh.press.ma\/fr\/wp-content\/uploads\/2016\/03\/un-375x250.jpg?resize=375%2C250\" alt=\"un\" width=\"375\" height=\"250\" srcset=\"https:\/\/i0.wp.com\/amadalamazigh.press.ma\/fr\/wp-content\/uploads\/2016\/03\/un.jpg?resize=375%2C250&amp;ssl=1 375w, https:\/\/i0.wp.com\/amadalamazigh.press.ma\/fr\/wp-content\/uploads\/2016\/03\/un.jpg?w=400&amp;ssl=1 400w\" sizes=\"auto, (max-width: 375px) 100vw, 375px\" \/>Lors d&rsquo;une lettre addresser aux pays europ\u00e9ens Rachid RAHA;\u00a0Pr\u00e9sident de l\u2019Assembl\u00e9e Mondiale Amazighe; demande ces pays de couper les relations diplomatiques avecles pays qui financent le terrorisme dont l\u2019Arabie Saoudite et le Qatar.<\/p>\n<p style=\"text-align: justify;\"><span style=\"color: #ff0000;\">ci joint Le contenu de la lettre:<\/span><\/p>\n<p style=\"text-align: justify;\"><span style=\"color: #333333;\">Honorables Eurod\u00e9put\u00e9s (es),\u00a0du Parlement Europ\u00e9en<\/span><\/p>\n<p style=\"text-align: justify;\"><span style=\"color: #333333;\"><strong>Objet<\/strong>: ventes d\u2019armes des pays europ\u00e9ens \u00e0 l\u2019Arabie Saoudite, au Qatar et aux autres pays qui soutiennent le terrorisme<\/span><\/p>\n<p style=\"text-align: justify;\">Mesdames et messieurs les eurod\u00e9put\u00e9s(es)<\/p>\n<p style=\"text-align: justify;\">Permettez-nous de vous exprimer nos vives f\u00e9licitations pour votre R\u00e9solution, du jeudi 25 f\u00e9vrier dernier, par laquelle o\u00f9 vous avez exig\u00e9 que les pays de l\u2019Union Europ\u00e9enne cessent de vendre des armes \u00e0 l\u2019Arabie Saoudite. Cette derni\u00e8re non seulement utilise ces armes contre les civils au Y\u00e9men mais, en plus, finance aussi le terrorisme international (Cf., <a href=\"http:\/\/www.kabyle.com\/revue-de-presse\/wahhabisme-ideologie-totalitaire-24166\" target=\"_blank\">www.kabyle.com\/revue-de-presse\/wahhabisme-ideologie-totalitaire-24166<\/a>, comme vient de le d\u00e9clarer, r\u00e9cemment, le pr\u00e9sident am\u00e9ricain Barack Obama, pourtant principal alli\u00e9 de ce pays de Golfe.<\/p>\n<p style=\"text-align: justify;\">Or, comme vous le savez, l\u2019Arabie Saoudite n\u2019est pas le seul Etat dans ce cas. Le Qatar aussi se retrouve dans la m\u00eame situation (comme je vous l\u2019avez signal\u00e9 dans mon courrier \u00e9lectronique du 20 avril dernier). C\u2019est pourquoi il serait opportun que le Parlement Europ\u00e9en \u00e9tende la R\u00e9solution pr\u00e9cit\u00e9e \u00e0 l\u2019ensemble des pays qui font un usage des armes contre les populations civiles et\/ou qui financent le terrorisme en violation des principes et r\u00e8gles du droit international humanitaire, notamment le Qatar.<\/p>\n<p style=\"text-align: justify;\">Les intentions de ce petit pays du Golfe sont claires et son objectif est triple :<\/p>\n<p style=\"text-align: justify;\">\u00a0\u00a0\u00a0\u00a0\u00a0\u00a0\u00a0\u00a0\u00a0\u00a0\u00a0 &#8211; s\u2019accaparer des ressources p\u00e9troli\u00e8res de la Libye.<\/p>\n<p style=\"text-align: justify;\">&#8211;\u00a0\u00a0 \u00abwahhabiser\u00bb l\u2019Afrique. Le Qatar voudrait appliquer la m\u00eame politique h\u00e9g\u00e9monique que celle de d\u00e9funt dictateur libyen Mouammar Khadafi\u00a0qui souhaitait \u00ab\u00a0arabiser\u00a0\u00bb tout le continent africain. A la place de la politique d\u2019arabisation id\u00e9ologique, \u00a0le Qatar, souhaite \u00ab\u00a0wahhabiser\u00a0\u00bb l\u2019Afrique \u00a0par la violence, en soutenant les mouvements djihadistes, qui font l\u2019all\u00e9geance tant\u00f4t \u00e0 Al Qaeda, tant\u00f4t \u00e0 Daech. Comme il l\u2019a d\u00e9j\u00e0 fait en finan\u00e7ant, au Nord du Mali, Ansar Eddine d\u2019Iyad Ag Ghalli. (Cf., <u><a href=\"http:\/\/www.kabyle.com\/articles\/guerre-du-qatar-contre-amazighs-24367-09052015\" target=\"_blank\">www.kabyle.com\/articles\/guerre-du-qatar-contre-amazighs-24367-09052015<\/a><\/u>).<\/p>\n<p style=\"text-align: justify;\">&#8211;\u00a0\u00a0 Ruiner les pays cibl\u00e9s et leurs entreprises pour mieux s\u2019en accaparer et r\u00e9aliser de substantiels profits.A l\u2019exemple du certains magnats saoudiens, qui ach\u00e8tent des entreprises en faillite, apr\u00e8s il les redressent, et ensuite il les vendent \u00e0 des prix faramineux apr\u00e8s leurs cotisation au sein des bourses mondiales, les qatariens appliquent le m\u00eame principe, non pas seulement sur des entreprises sinon sur des \u00e9tats entiers\u00a0!<\/p>\n<p style=\"text-align: justify;\">Malheureusement, c\u2019est ce qui est en train de se passer concr\u00e8tement avec l\u2019\u00e9tat tunisien, apr\u00e8s sa \u00ab\u00a0r\u00e9volution de jasmin\u00a0\u00bb, en \u00e9tant la cible privil\u00e9gi\u00e9e d\u2019attentats r\u00e9p\u00e9titives de la part des groupes terroristes, en provoquant la ruine de son \u00e9conomie nationale, bas\u00e9e bien s\u00fbr sur le tourisme internationale (voir les documents ci-joins)! Et \u00e0 propos de cette question, nous avons d\u00e9j\u00e0 pr\u00e9venu le pr\u00e9sident tunisien Monsieur B\u00e9ji Ca\u00efd Essebsi en juillet dernier apr\u00e8s les attaques de Soussa, en le conseillant de couper cat\u00e9goriquement ses relations diplomatiques avec ce pays de Golfe (Cf., <u><a href=\"http:\/\/www.kabyle.com\/lassemblee-mondiale-amazighe-demande-tunisie-couper-ses-relations-diplomatiques-qatar-24615-06072015\" target=\"_blank\">www.kabyle.com\/lassemblee-mondiale-amazighe-demande-tunisie-couper-ses-relations-diplomatiques-qatar-24615-06072015<\/a><\/u>).<\/p>\n<p style=\"text-align: justify;\">Les pays europ\u00e9ens devraient \u00eatre plus fermes et couper toutes relations commerciales et diplomatiques avec l\u2019ensemble des pays qui financent le terrorisme, et plus particuli\u00e8rement l\u2019Arabie Saoudite et le Qatar, pour le plus grand bien de l\u2019humanit\u00e9.<\/p>\n<p style=\"text-align: justify;\">Veuillez agr\u00e9er, Mesdames et messieurs les eurod\u00e9put\u00e9s(es), l\u2019assurance de notre consid\u00e9ration fort distingu\u00e9e.<\/p>\n<p style=\"text-align: center;\"><strong>Rachid RAHA,<\/strong><\/p>\n<p style=\"text-align: center;\"><strong>Pr\u00e9sident de l\u2019Assembl\u00e9e Mondiale Amazighe<\/strong><\/p>\n","protected":false},"excerpt":{"rendered":"<p>Lors d&rsquo;une lettre addresser aux pays europ\u00e9ens Rachid RAHA;\u00a0Pr\u00e9sident de l\u2019Assembl\u00e9e Mondiale Amazighe; demande ces pays de couper les relations diplomatiques avecles pays qui financent le terrorisme dont l\u2019Arabie Saoudite et le Qatar. ci joint Le contenu de la lettre: Honorables Eurod\u00e9put\u00e9s (es),\u00a0du Parlement Europ\u00e9en Objet: ventes d\u2019armes des pays europ\u00e9ens \u00e0 l\u2019Arabie Saoudite, au &hellip;<\/p>\n","protected":false},"author":2,"featured_media":603,"comment_status":"open","ping_status":"open","sticky":false,"template":"","format":"standard","meta":{"jetpack_post_was_ever_published":false,"_jetpack_newsletter_access":"","_jetpack_dont_email_post_to_subs":false,"_jetpack_newsletter_tier_id":0,"_jetpack_memberships_contains_paywalled_content":false,"_jetpack_memberships_contains_paid_content":false,"footnotes":"","jetpack_publicize_message":"","jetpack_publicize_feature_enabled":true,"jetpack_social_post_already_shared":false,"jetpack_social_options":{"image_generator_settings":{"template":"highway","default_image_id":0,"font":"","enabled":false},"version":2}},"categories":[10],"tags":[],"class_list":["post-602","post","type-post","status-publish","format-standard","has-post-thumbnail","","category-maroc"],"jetpack_publicize_connections":[],"jetpack_featured_media_url":"https:\/\/i0.wp.com\/amadalamazigh.press.ma\/fr\/wp-content\/uploads\/2016\/03\/un.jpg?fit=400%2C267&ssl=1","jetpack_shortlink":"https:\/\/wp.me\/p9uxE2-9I","jetpack_sharing_enabled":true,"_links":{"self":[{"href":"https:\/\/amadalamazigh.press.ma\/fr\/wp-json\/wp\/v2\/posts\/602","targetHints":{"allow":["GET"]}}],"collection":[{"href":"https:\/\/amadalamazigh.press.ma\/fr\/wp-json\/wp\/v2\/posts"}],"about":[{"href":"https:\/\/amadalamazigh.press.ma\/fr\/wp-json\/wp\/v2\/types\/post"}],"author":[{"embeddable":true,"href":"https:\/\/amadalamazigh.press.ma\/fr\/wp-json\/wp\/v2\/users\/2"}],"replies":[{"embeddable":true,"href":"https:\/\/amadalamazigh.press.ma\/fr\/wp-json\/wp\/v2\/comments?post=602"}],"version-history":[{"count":3,"href":"https:\/\/amadalamazigh.press.ma\/fr\/wp-json\/wp\/v2\/posts\/602\/revisions"}],"predecessor-version":[{"id":606,"href":"https:\/\/amadalamazigh.press.ma\/fr\/wp-json\/wp\/v2\/posts\/602\/revisions\/606"}],"wp:featuredmedia":[{"embeddable":true,"href":"https:\/\/amadalamazigh.press.ma\/fr\/wp-json\/wp\/v2\/media\/603"}],"wp:attachment":[{"href":"https:\/\/amadalamazigh.press.ma\/fr\/wp-json\/wp\/v2\/media?parent=602"}],"wp:term":[{"taxonomy":"category","embeddable":true,"href":"https:\/\/amadalamazigh.press.ma\/fr\/wp-json\/wp\/v2\/categories?post=602"},{"taxonomy":"post_tag","embeddable":true,"href":"https:\/\/amadalamazigh.press.ma\/fr\/wp-json\/wp\/v2\/tags?post=602"}],"curies":[{"name":"wp","href":"https:\/\/api.w.org\/{rel}","templated":true}]}}