{"id":6132,"date":"2024-07-01T15:05:12","date_gmt":"2024-07-01T14:05:12","guid":{"rendered":"https:\/\/amadalamazigh.press.ma\/fr\/?p=6132"},"modified":"2024-07-01T15:06:41","modified_gmt":"2024-07-01T14:06:41","slug":"ouzzin-aherdan-nous-quitte-le-fondateur-de-la-revue-amazigh-nest-plus","status":"publish","type":"post","link":"https:\/\/amadalamazigh.press.ma\/fr\/ouzzin-aherdan-nous-quitte-le-fondateur-de-la-revue-amazigh-nest-plus\/","title":{"rendered":"OUZZIN AHERDAN NOUS QUITTE: Le fondateur de la revue AMAZIGH n\u2019est plus"},"content":{"rendered":"<figure id=\"attachment_6134\" aria-describedby=\"caption-attachment-6134\" style=\"width: 333px\" class=\"wp-caption alignleft\"><img data-recalc-dims=\"1\" loading=\"lazy\" decoding=\"async\" class=\"wp-image-6134 size-medium\" src=\"https:\/\/i0.wp.com\/amadalamazigh.press.ma\/fr\/wp-content\/uploads\/2024\/07\/aherdane2.jpg?resize=333%2C250&#038;ssl=1\" alt=\"\" width=\"333\" height=\"250\" \/><figcaption id=\"caption-attachment-6134\" class=\"wp-caption-text\"><span style=\"color: #000080;\"><strong>Par : Moha Moukhlis<\/strong><\/span><\/figcaption><\/figure>\n<p>Adieu ssi Ouzzin<\/p>\n<p>Il est n\u00e9 au milieu du si\u00e8cle pass\u00e9, sous \u00ab la tente \u00bb, au c\u0153ur de l\u2019Assoun (campement de la tribu) des A\u00eft Amer d\u2019Oulm\u00e8s, d\u2019une famille de notables amazighes. Son grand p\u00e8re Muhend Ou Mhend \u00e9tait ca\u00efd. Son p\u00e8re et lui-m\u00eame m\u2019ont affirm\u00e9 qu\u2019ils seraient originaires de Talssint (Sud-Est). Leurs anc\u00eatres se sont d\u00e9plac\u00e9s progressivement pour venir s\u2019installer au Moyen Atlas : ils seront accueillis et int\u00e9gr\u00e9 par la conf\u00e9d\u00e9ration des A\u00eft Sgougou de Mrirt avec lesquels ils entretiennent des relations de solidarit\u00e9s. Plus tard, ils iront s\u2019installer \u00e0 Oulm\u00e8s.<\/p>\n<p>Ouzzin Aherdan s\u2019engagea au c\u00f4t\u00e9 de son d\u00e9funt p\u00e8re, Mahjoubi Aherdan, pour la d\u00e9fense de la culture amazighe \u00e0 partir des ann\u00e9es 70. Il fonde la revue AMAZIGH qui eut pour ambition de vulgariser la culture amazighe et \u00e0 laquelle ont particip\u00e9, entre autre, les professeurs Mohammed Chafiq, Mohamed Chtatou, feu Abdelmalek Ousadden et feu Sedki Ali Azaykou. La publication par ce dernier, dans le premier num\u00e9ro de la version arabe de la revue AMAZIGH d\u2019un article sur les Amazighes lui a valu d\u2019\u00eatre incarc\u00e9r\u00e9 et condamn\u00e9 \u00e0 deux ans de prison ferme. Le Directeur de la revue et Abdelmalek Oussaden seront arr\u00eat\u00e9s \u00e9galement.<\/p>\n<p>La mouvance arabiste et panarabiste qui b\u00e9n\u00e9ficiaient \u00e0 l\u2019\u00e9poque du soutien des r\u00e9gimes syrien, irakien, \u00e9gyptien et libyen ont fait du combat contre les revendications amazighes en Afrique du nord un devoir \u00ab nationaliste \u00bb.<\/p>\n<p>Ouzzin Aherdan, vivra en direct le \u00ab complot \u00bb foment\u00e9 par le Ministre de l\u2019int\u00e9rieur de l\u2019\u00e9poque, Driss Basri, contre le Mouvement populaire, avec la complicit\u00e9 de cadres issus de cette formation. Au d\u00e9but des ann\u00e9es quatre-vingt-dix, il fonda la revue TIFINAGH et chapeautera la r\u00e9daction du journal TIDMI, puis AGRAW AMAZIGH. Il est fondateur du Congr\u00e8s Mondial Amazighe et entretient des relations constantes avec les activistes du mouvement amazighe en Afrique du nord et dans la Diaspora : libyens, canariens, alg\u00e9riens, maliens, nig\u00e9riens\u2026C\u2019est gr\u00e2ce \u00e0 lui et \u00e0 ses revues que la question touar\u00e8gue fut vulgaris\u00e9 au Maroc.<\/p>\n<p>Ouzzin Aherdan est un militant amazighe qui a refus\u00e9 toutes les compromissions. Il a pr\u00e9f\u00e9r\u00e9 vivre en amazighe debout. Le combat pour l\u2019amazighit\u00e9 a constitu\u00e9 sa raison d\u2019\u00eatre. Sa maison a servi de carrefour \u00e0 tous les militants. Il a apport\u00e9 son soutien ind\u00e9fectible au d\u00e9tenus de l\u2019Association Tilelli de Goulmima en 1994, aux d\u00e9tenus du groupe Hamid Ouadouch, aux activistes Kabyles, libyens et Touaregs. Il a constamment soutenu les majorit\u00e9s minoris\u00e9es et les minorit\u00e9s culturelles et ethniques dans le monde : indiens d\u2019Am\u00e9rique, Kurdes, Corses, Catallans\u2026<\/p>\n<p>Il nous a quitt\u00e9 le 29\/06\/24 et est enterr\u00e9 aux c\u00f4t\u00e9 de son p\u00e8re et sa m\u00e8re, au sein de la maison paternelle \u00e0 Oulm\u00e8s. La consternation et la sympathie que sa mort a induites au niveau national et transnational, notamment sur les r\u00e9seaux sociaux, constituent un t\u00e9moignage \u00e9difiant sur un homme qui conjugua la grandeur et la modestie des valeurs ancestrales amazighes : bont\u00e9, g\u00e9n\u00e9rosit\u00e9 et fid\u00e9lit\u00e9.<\/p>\n<p>Repose en paix ssi Ouzzin. Ton combat fut exemplaire et ton h\u00e9ritage cons\u00e9quent. Mes sinc\u00e8res condol\u00e9ances \u00e0 sa femme Nezha Gharbaoui, ses filles Iswane et Mayssa, son fr\u00e8res Youssef et ses s\u0153urs, la famille Aqqa Aherdan et tous les membres de la grande famille Aherdan.<\/p>\n<p><img data-recalc-dims=\"1\" loading=\"lazy\" decoding=\"async\" class=\"aligncenter wp-image-6133 size-large\" src=\"https:\/\/i0.wp.com\/amadalamazigh.press.ma\/fr\/wp-content\/uploads\/2024\/07\/aherdan.jpg?resize=618%2C464&#038;ssl=1\" alt=\"\" width=\"618\" height=\"464\" srcset=\"https:\/\/i0.wp.com\/amadalamazigh.press.ma\/fr\/wp-content\/uploads\/2024\/07\/aherdan.jpg?resize=1024%2C768&amp;ssl=1 1024w, https:\/\/i0.wp.com\/amadalamazigh.press.ma\/fr\/wp-content\/uploads\/2024\/07\/aherdan.jpg?resize=333%2C250&amp;ssl=1 333w, https:\/\/i0.wp.com\/amadalamazigh.press.ma\/fr\/wp-content\/uploads\/2024\/07\/aherdan.jpg?resize=200%2C150&amp;ssl=1 200w, https:\/\/i0.wp.com\/amadalamazigh.press.ma\/fr\/wp-content\/uploads\/2024\/07\/aherdan.jpg?resize=1536%2C1152&amp;ssl=1 1536w, https:\/\/i0.wp.com\/amadalamazigh.press.ma\/fr\/wp-content\/uploads\/2024\/07\/aherdan.jpg?w=2016&amp;ssl=1 2016w, https:\/\/i0.wp.com\/amadalamazigh.press.ma\/fr\/wp-content\/uploads\/2024\/07\/aherdan.jpg?w=1236&amp;ssl=1 1236w, https:\/\/i0.wp.com\/amadalamazigh.press.ma\/fr\/wp-content\/uploads\/2024\/07\/aherdan.jpg?w=1854&amp;ssl=1 1854w\" sizes=\"auto, (max-width: 618px) 100vw, 618px\" \/><\/p>\n","protected":false},"excerpt":{"rendered":"<p>Adieu ssi Ouzzin Il est n\u00e9 au milieu du si\u00e8cle pass\u00e9, sous \u00ab la tente \u00bb, au c\u0153ur de l\u2019Assoun (campement de la tribu) des A\u00eft Amer d\u2019Oulm\u00e8s, d\u2019une famille de notables amazighes. Son grand p\u00e8re Muhend Ou Mhend \u00e9tait ca\u00efd. Son p\u00e8re et lui-m\u00eame m\u2019ont affirm\u00e9 qu\u2019ils seraient originaires de Talssint (Sud-Est). Leurs anc\u00eatres &hellip;<\/p>\n","protected":false},"author":2,"featured_media":6134,"comment_status":"open","ping_status":"closed","sticky":false,"template":"","format":"standard","meta":{"jetpack_post_was_ever_published":false,"_jetpack_newsletter_access":"","_jetpack_dont_email_post_to_subs":false,"_jetpack_newsletter_tier_id":0,"_jetpack_memberships_contains_paywalled_content":false,"_jetpack_memberships_contains_paid_content":false,"footnotes":"","jetpack_publicize_message":"","jetpack_publicize_feature_enabled":true,"jetpack_social_post_already_shared":true,"jetpack_social_options":{"image_generator_settings":{"template":"highway","default_image_id":0,"font":"","enabled":false},"version":2}},"categories":[13],"tags":[],"class_list":["post-6132","post","type-post","status-publish","format-standard","has-post-thumbnail","","category-opinions"],"jetpack_publicize_connections":[],"jetpack_featured_media_url":"https:\/\/i0.wp.com\/amadalamazigh.press.ma\/fr\/wp-content\/uploads\/2024\/07\/aherdane2-e1719842785627.jpg?fit=2016%2C1333&ssl=1","jetpack_shortlink":"https:\/\/wp.me\/p9uxE2-1AU","jetpack_sharing_enabled":true,"_links":{"self":[{"href":"https:\/\/amadalamazigh.press.ma\/fr\/wp-json\/wp\/v2\/posts\/6132","targetHints":{"allow":["GET"]}}],"collection":[{"href":"https:\/\/amadalamazigh.press.ma\/fr\/wp-json\/wp\/v2\/posts"}],"about":[{"href":"https:\/\/amadalamazigh.press.ma\/fr\/wp-json\/wp\/v2\/types\/post"}],"author":[{"embeddable":true,"href":"https:\/\/amadalamazigh.press.ma\/fr\/wp-json\/wp\/v2\/users\/2"}],"replies":[{"embeddable":true,"href":"https:\/\/amadalamazigh.press.ma\/fr\/wp-json\/wp\/v2\/comments?post=6132"}],"version-history":[{"count":1,"href":"https:\/\/amadalamazigh.press.ma\/fr\/wp-json\/wp\/v2\/posts\/6132\/revisions"}],"predecessor-version":[{"id":6135,"href":"https:\/\/amadalamazigh.press.ma\/fr\/wp-json\/wp\/v2\/posts\/6132\/revisions\/6135"}],"wp:featuredmedia":[{"embeddable":true,"href":"https:\/\/amadalamazigh.press.ma\/fr\/wp-json\/wp\/v2\/media\/6134"}],"wp:attachment":[{"href":"https:\/\/amadalamazigh.press.ma\/fr\/wp-json\/wp\/v2\/media?parent=6132"}],"wp:term":[{"taxonomy":"category","embeddable":true,"href":"https:\/\/amadalamazigh.press.ma\/fr\/wp-json\/wp\/v2\/categories?post=6132"},{"taxonomy":"post_tag","embeddable":true,"href":"https:\/\/amadalamazigh.press.ma\/fr\/wp-json\/wp\/v2\/tags?post=6132"}],"curies":[{"name":"wp","href":"https:\/\/api.w.org\/{rel}","templated":true}]}}