{"id":6209,"date":"2024-08-09T13:47:35","date_gmt":"2024-08-09T12:47:35","guid":{"rendered":"https:\/\/amadalamazigh.press.ma\/fr\/?p=6209"},"modified":"2024-08-09T13:47:35","modified_gmt":"2024-08-09T12:47:35","slug":"lama-proteste-de-nouveau-contre-lexclusion-de-lenseignement-de-la-langue-amazighe-aux-enfants-des-citoyens-marocains-residant-a-letranger","status":"publish","type":"post","link":"https:\/\/amadalamazigh.press.ma\/fr\/lama-proteste-de-nouveau-contre-lexclusion-de-lenseignement-de-la-langue-amazighe-aux-enfants-des-citoyens-marocains-residant-a-letranger\/","title":{"rendered":"L&rsquo;AMA proteste de nouveau contre l&rsquo;exclusion de l&rsquo;enseignement de la langue amazighe aux enfants des citoyens marocains r\u00e9sidant \u00e0 l&rsquo;\u00e9tranger"},"content":{"rendered":"<p style=\"text-align: center;\"><strong><img data-recalc-dims=\"1\" loading=\"lazy\" decoding=\"async\" class=\"size-medium wp-image-6210 alignleft\" src=\"https:\/\/i0.wp.com\/amadalamazigh.press.ma\/fr\/wp-content\/uploads\/2024\/08\/Raha_MRE.jpg?resize=171%2C250&#038;ssl=1\" alt=\"\" width=\"171\" height=\"250\" srcset=\"https:\/\/i0.wp.com\/amadalamazigh.press.ma\/fr\/wp-content\/uploads\/2024\/08\/Raha_MRE.jpg?resize=171%2C250&amp;ssl=1 171w, https:\/\/i0.wp.com\/amadalamazigh.press.ma\/fr\/wp-content\/uploads\/2024\/08\/Raha_MRE.jpg?resize=702%2C1024&amp;ssl=1 702w, https:\/\/i0.wp.com\/amadalamazigh.press.ma\/fr\/wp-content\/uploads\/2024\/08\/Raha_MRE.jpg?resize=1053%2C1536&amp;ssl=1 1053w, https:\/\/i0.wp.com\/amadalamazigh.press.ma\/fr\/wp-content\/uploads\/2024\/08\/Raha_MRE.jpg?w=1404&amp;ssl=1 1404w, https:\/\/i0.wp.com\/amadalamazigh.press.ma\/fr\/wp-content\/uploads\/2024\/08\/Raha_MRE.jpg?w=1236&amp;ssl=1 1236w\" sizes=\"auto, (max-width: 171px) 100vw, 171px\" \/>L&rsquo;AMA proteste de nouveau contre l&rsquo;exclusion de l&rsquo;enseignement de la langue amazighe aux enfants des citoyens marocains r\u00e9sidant \u00e0 l&rsquo;\u00e9tranger <\/strong><\/p>\n<p><strong>A l\u2019attention de Messieurs\u00a0:<\/strong><\/p>\n<p><strong>Nasser BOURITA,\u00a0<\/strong>Ministre des Affaires \u00c9trang\u00e8res, de la Coop\u00e9ration et des Marocains r\u00e9sidant \u00e0 l\u2019\u00e9tranger (MRE) du Royaume du Maroc,<\/p>\n<p><strong>Chakib BENMOUSSA,\u00a0<\/strong>Ministre de l\u2019Education Nationale et du Pr\u00e9scolaire<\/p>\n<p><strong>Omar AZZIMAN,\u00a0<\/strong>Pr\u00e9sident d\u00e9l\u00e9gu\u00e9 de la Fondation Hassan II pour les MRE<strong>\u00a0<\/strong><\/p>\n<p><strong>Driss EL YAZAMI,\u00a0<\/strong>Pr\u00e9sident du Conseil de la Communaut\u00e9 Marocaine \u00e0 l\u2019Etranger (CCME)<\/p>\n<p>Objet:<strong> quand allez-vous int\u00e9grer l&rsquo;enseignement de la langue amazighe aux enfants des citoyens marocains r\u00e9sidant \u00e0 l&rsquo;\u00e9tranger ?<\/strong><\/p>\n<p>Messieurs, azul,<\/p>\n<p>A l\u2019occasion de la <strong>journ\u00e9e internationale des peuples autochtones<\/strong>, c\u00e9l\u00e9br\u00e9e chaque 9 ao\u00fbt dans le monde, et de la <strong>journ\u00e9e nationale de migrant<\/strong> du 10 ao\u00fbt, nous avons le plaisir de vous adresser une nouvelle fois, comme nous l\u2019avons fait l\u2019ann\u00e9e derni\u00e8re, notre correspondance afin de protester, \u00e9nergiquement et l\u00e9gitimement, de votre incompr\u00e9hensible politique de la persistance de la discrimination raciale \u00e0 l\u2019encontre des Amazighs de la communaut\u00e9 marocaine r\u00e9sidante \u00e0 l&rsquo;\u00e9tranger de la part de vos respectives institutions.<\/p>\n<p>Dans un discours adress\u00e9 \u00e0 la nation \u00e0 l&rsquo;occasion du 69\u00e8me anniversaire de la r\u00e9volution du roi et du peuple, Sa Majest\u00e9 le Roi Mohamed VI avait appel\u00e9 \u00e0 \u00ab\u00a0<strong><em>moderniser et r\u00e9habiliter le cadre institutionnel de la communaut\u00e9 marocaine \u00e0 l&rsquo;\u00e9tranger, et reconsid\u00e9rer le mod\u00e8le de gouvernance des institutions, en vue d&rsquo;accro\u00eetre leur efficacit\u00e9 et leur int\u00e9gration\u00a0<\/em><\/strong><em>\u00bb.<\/em>\u00a0Dans son allocution, Sa Majest\u00e9 a ajout\u00e9 : \u00ab\u00a0<strong><em>Nous devons constamment nous demander : que leur avons-nous pr\u00e9vu pour consolider ce lien avec la patrie ? Le cadre l\u00e9gislatif et les politiques publiques tiennent-ils compte de leur vie priv\u00e9e ? Les mesures administratives sont-elles \u00e0 la mesure de leur situation ? <u>Leur avons-nous fourni l&rsquo;encadrement religieux et \u00e9ducatif n\u00e9cessaire <\/u>?<\/em><\/strong><em> \u00bb \u2026<\/em><\/p>\n<p>Deux ann\u00e9es se sont, d\u00e9j\u00e0, pass\u00e9es apr\u00e8s cet important Discours Royal, et nous ne comprenons plus quelles sont les raisons qui poussent vos diff\u00e9rentes institutions \u00e0 continuer \u00e0 nier et \u00e0 exclure l&rsquo;enseignement de la langue autochtone, nationale et co-officielle amazighe aux enfants des citoyens marocains r\u00e9sidants \u00e0 l&rsquo;\u00e9tranger ? Pourtant, et \u00e0 chaque occasion, nos diverses institutions nationales, dont les v\u00f4tres, ne cessent pas de souligner que l&rsquo;amazigh est un bien commun pour tous les Marocains, sans exception. Alors pourquoi cette n\u00e9gligence continuelle de l\u2019article 5 de la Constitution, de la loi organique n\u00b0 26-16 et des discours royaux\u00a0?<\/p>\n<p>Aujourd&rsquo;hui, on est en droit de s&rsquo;interroger sur le sort des discours royaux et o\u00f9 est pass\u00e9e \u00ab\u00a0<strong><em>la modernisation et la r\u00e9habilitation du cadre institutionnel de la communaut\u00e9 marocaine \u00e0 l&rsquo;\u00e9tranger\u00a0?<\/em><\/strong>\u00a0\u00bb, et de se demander, de nouveau, \u00ab\u00a0<strong><em>si le mod\u00e8le de gouvernance des institutions existantes a-t-il \u00e9t\u00e9 effectivement revu, dans le but d&rsquo;accro\u00eetre leur efficacit\u00e9 et leur int\u00e9gration ?<\/em><\/strong>\u00a0\u00bb.<\/p>\n<p>Permettez-nous de vous confesser que, malheureusement, nous n\u2019avons vu aucun changement tangible au sein des diff\u00e9rentes autorit\u00e9s concern\u00e9es, et qu&rsquo;elles n&rsquo;ont gu\u00e8re interagit avec la volont\u00e9 royale exprim\u00e9e dans le texte de ce discours, confectionn\u00e9 exclusivement \u00e0 nos concitoyens r\u00e9sidant hors du Maroc.<\/p>\n<p>Cependant, nous, en tant que soci\u00e9t\u00e9 civile, suivant de tr\u00e8s pr\u00e8s ce dossier li\u00e9 \u00e0 la communaut\u00e9 marocaine r\u00e9sidente \u00e0 l\u2019\u00e9tranger, nous n&rsquo;avons ressenti aucune volont\u00e9 politique de la part d&rsquo;aucune de vos institutions de traiter la langue amazighe comme langue officielle de l&rsquo;\u00c9tat et un bien commun de tous les Marocains. Au contraire, nous constatons que vos institutions ont fait preuve d&rsquo;un cuisant \u00e9chec \u00e0 mettre en \u0153uvre ce que Sa Majest\u00e9 avait d\u00e9sir\u00e9, et par cons\u00e9quent, votre incapacit\u00e9 \u00e0 s&rsquo;acquitter de vos fonctions comme il se doit, et nous mentionnons en particulier la discrimination persistante et incompr\u00e9hensible \u00e0 l&rsquo;encontre de l\u2019int\u00e9gration de la langue et de l\u2019identit\u00e9 amazighes de la communaut\u00e9 marocaine \u00e0 l&rsquo;\u00e9tranger dans le domaine \u00e9ducatif.<\/p>\n<p>Nous avons envoy\u00e9, \u00e0 plusieurs reprises, des courriers au Ministre de l&rsquo;Education Nationale et \u00e0 diverses institutions similaires concernant l&rsquo;enseignement du tamazight aux enfants des Marocains \u00e0 l&rsquo;\u00e9tranger [1]. Nous avons attir\u00e9 plus d&rsquo;une fois l&rsquo;attention du ministre de l&rsquo;\u00c9ducation nationale sur le fait que le m\u00e9pris et la n\u00e9gligence de ce minist\u00e8re pour l&rsquo;enseignement de l&rsquo;amazigh aux enfants de la communaut\u00e9 marocaine \u00e0 l\u2019\u00e9tranger est une d\u00e9marche d\u00e9lib\u00e9r\u00e9e qui refl\u00e8te une discrimination raciale, qui va tout \u00e0 fait \u00e0 l\u2019encontre de l&rsquo;esprit de la Constitution, du contenu de l&rsquo;article 5 de celle-ci, et aux objectifs de la loi organique n\u00b0 16-26 relatif \u00e0 la mise en \u0153uvre des \u00e9tapes d&rsquo;activation de l&rsquo;officialit\u00e9 de l&rsquo;amazigh et des modalit\u00e9s de son int\u00e9gration dans le domaine de l&rsquo;\u00e9ducation et dans les domaines prioritaires de la vie publique, adopt\u00e9e, depuis cinq ans [2]. Sans oublier de porter \u00e0 votre connaissance que cela se fait en violation flagrante des articles 7 et 8 de la Convention internationale des droits de l&rsquo;enfant et des principales recommandations \u00e9mises par l&rsquo;<strong>UNESCO<\/strong> et par la <strong>Banque Mondiale <\/strong>[3] concernant l&rsquo;importance cruciale de la langue maternelle dans l&rsquo;\u00e9ducation des enfants.<\/p>\n<p>Nous insistons \u00e0 vous exprimer que nous sommes tr\u00e8s surpris par cette exclusion totale de la culture et de la langue amazighe, et nous consid\u00e9rons que la poursuite de la ratification des lois, d\u00e9cisions et projets int\u00e9ressant le domaine des langues et de la culture marocaines aux \u00e9migr\u00e9s avec l&rsquo;exclusion injustifi\u00e9e de la langue amazighe repr\u00e9sente d\u00e9lib\u00e9r\u00e9ment une discrimination raciale \u00e0 l\u2019encontre de la langue et de la culture de millions de Marocains, \u00e0 l&rsquo;int\u00e9rieur et \u00e0 l&rsquo;ext\u00e9rieur du Maroc, tout en soulignant que l&rsquo;\u00e9crasante majorit\u00e9 de ladite communaut\u00e9 marocaine r\u00e9sidente dans divers pays europ\u00e9ens et dans le monde se r\u00e9v\u00e8le d\u2019origine amazighe et amazighophone.<\/p>\n<p>Nous vous rappelons de la correspondance d\u00e9pos\u00e9e, au d\u00e9but de cette ann\u00e9e, \u00e0 notre ministre des affaires \u00e9trang\u00e8res \u00e0 propos des recommandations du Comit\u00e9 pour l\u2019\u00e9limination de la discrimination raciale (CERD) des Nations Unies concernant le respect des DROITS DES AMAZIGHS et de la LANGUE AMAZIGHE, o\u00f9 l\u2019ONU demande au Royaume du Maroc d\u2019intensifier vos efforts visant \u00e0 mettre en \u0153uvre et sur le terrain ces pertinentes recommandations onusiennes, \u00a0surtout qu\u2019elles sont parfaitement compatibles avec la volont\u00e9 et les orientations royales et ainsi qu\u2019avec les dispositions de notre Constitution du 1er juillet 2011 [4].<\/p>\n<p>Nous vous r\u00e9affirmons <strong>la n\u00e9cessit\u00e9 d&rsquo;enseigner la langue amazighe\u00a0<\/strong><strong>aux enfants des Citoyens Marocains R\u00e9sidant \u00e0 l\u2019Etranger<\/strong>, et nous vous redemandons de travailler \u00e0 partir de vos institutions pour \u00e9tablir une pleine \u00e9galit\u00e9 des chances entre les deux langues officielles de notre royaume, entre la langue arabe et la langue amazighe, et ceci en vous exigeant de\u00a0:<\/p>\n<p>&#8211;\u00a0\u00a0\u00a0\u00a0\u00a0\u00a0\u00a0 Primo, respecter la loi supr\u00eame qu\u2019est la Constitution et son article cinq;<\/p>\n<p>&#8211;\u00a0\u00a0\u00a0\u00a0\u00a0\u00a0\u00a0 Secundo, de r\u00e9pondre favorablement aux recommandations onusiennes du CERD qui vous demande d\u2019intensifier vos efforts visant \u00e0 mettre en \u0153uvre la loi organique n\u00b0 26-16 relatives au caract\u00e8re officiel de la langue amazighe, et en recommandant, tout particuli\u00e8rement,<strong> d\u2019<u>accro\u00eetre l\u2019enseignement de l\u2019amazighe dans tous les niveaux \u00e9ducatifs <\/u><\/strong><u>\u2026[5]. <\/u><\/p>\n<p>&#8211;\u00a0\u00a0\u00a0\u00a0\u00a0\u00a0\u00a0 Tercio, d\u2019appliquer sur le terrain les recommandations du Conseil National des Droits de l\u2019Homme qui, r\u00e9cemment et \u00e0 son tour,\u00a0recommande, en mati\u00e8re des droits culturels, de renforcer les comp\u00e9tences linguistiques des employ\u00e9s de l\u2019\u00c9tat et de l\u2019administration qui fournissent des services publics dans la langue amazighe, et <strong><u>d\u2019accorder la plus haute priorit\u00e9 \u00e0 l\u2019int\u00e9gration de l\u2019amazigh dans les cours \u00e9l\u00e9mentaires de l\u2019enseignement public<\/u><\/strong><u>\u2026[6].<\/u><\/p>\n<p>&#8211;\u00a0\u00a0\u00a0\u00a0\u00a0\u00a0\u00a0 Quarto, interagir positivement avec la volont\u00e9 royale, et rappelez-vous que Sa Majest\u00e9 le Roi Mohamed VI avait affirm\u00e9, \u00e0 l\u2019occasion de la d\u00e9cision de reconnaissance de nouvel an amazigh, le 3 mai 2023, que:\u00a0<strong>\u00ab\u00a0<em><u>l\u2019Amazighe en tant que composante essentielle de l\u2019identit\u00e9 marocaine authentique riche par la pluralit\u00e9 de ses affluents et patrimoine commun \u00e0 tous les Marocains sans exception<\/u><\/em>\u00a0<\/strong>\u00bb, c\u2019est-\u00e0-dire tous les citoyens Marocains, que ce soit ceux qui r\u00e9sident \u00e0 l\u2019int\u00e9rieur du \u00ab\u00a0Tamurt n Yakuch\u00a0\u00bb (qu\u2019est le nom \u00e9tymologique originel autochtone du Maroc), et que ce soit ceux qui r\u00e9sident \u00e0 l\u2019\u00e9tranger, hors de nos fronti\u00e8res territoriales.<\/p>\n<p>En d\u00e9finitive, nous appelons vivement \u00e0 votre sens de responsabilit\u00e9 et \u00e0 votre devoir national, en tant que hauts responsables de vos institutions respectives, \u00e0 traiter s\u00e9rieusement cet important dossier li\u00e9 \u00e0 l\u2019enseignement de la langue et de la culture amazighes<strong>\u00a0<\/strong>aux enfants des Citoyens Marocains R\u00e9sidents \u00e0 l\u2019Etranger. De surcro\u00eet, et sans aucun doute, \u00e7a constitue une formidable et salutaire initiative d\u2019impliquer notre pays africain \u00e0 contribuer \u00e0 la participation active et \u00e0 la r\u00e9ussite souhait\u00e9e de la <strong>D\u00e9cennie Internationale des Langues Autochtones 2022-2032<\/strong> que le <strong>M\u00e9canisme d\u2019experts sur les droits des peuples autochtones des Nations Unies<\/strong> et l\u2019<strong>UNESCO<\/strong> avaient lanc\u00e9 le 13 d\u00e9cembre 2022\/2972 \u00e0 Paris [7]\u00a0!<\/p>\n<p>Veuillez agr\u00e9er, Messieurs, l\u2019expression de nos salutations distingu\u00e9es.<\/p>\n<p style=\"text-align: center;\">Sign\u00e9 : Rachid RAHA,<\/p>\n<p style=\"text-align: center;\">Amghar n Agraw Amadlan Amazigh (AMA)<\/p>\n<p style=\"text-align: center;\">Pr\u00e9sident de l\u2019Assembl\u00e9e Mondiale Amazighe (AMA)<\/p>\n<p><strong><em><u>Notes\u00a0:<\/u><\/em><\/strong><\/p>\n[1]- \u00a0<a href=\"https:\/\/amadalamazigh.press.ma\/fr\/journee-nationale-de-migrant-discrimination-persistante-a-lencontre-des-amazighs-de-la-communaute-marocaine-residente-a-letranger\/\">https:\/\/amadalamazigh.press.ma\/fr\/journee-nationale-de-migrant-discrimination-persistante-a-lencontre-des-amazighs-de-la-communaute-marocaine-residente-a-letranger\/<\/a><\/p>\n[2]- \u00a0<a href=\"https:\/\/amadalamazigh.press.ma\/pdf\/26.16.pdf\">https:\/\/amadalamazigh.press.ma\/pdf\/26.16.pdf<\/a><\/p>\n[3]- \u00a0<a href=\"https:\/\/amamazigh.org\/2023\/05\/la-banque-mondiale-repond-a-lassemblee-mondiale-amazighe-sur-le-sujet-de-la-sauvegarde-de-lecole-marocaine\/\">https:\/\/amamazigh.org\/2023\/05\/la-banque-mondiale-repond-a-lassemblee-mondiale-amazighe-sur-le-sujet-de-la-sauvegarde-de-lecole-marocaine\/<\/a><\/p>\n[4]- \u00a0<a href=\"https:\/\/amadalamazigh.press.ma\/fr\/lassemblee-mondiale-amazighe-demande-au-ministre-marocain-des-affaires-etrangeres-de-respecter-les-recommandations-onusiennes-concernant-les-droits-des-amazighs\/\">https:\/\/amadalamazigh.press.ma\/fr\/lassemblee-mondiale-amazighe-demande-au-ministre-marocain-des-affaires-etrangeres-de-respecter-les-recommandations-onusiennes-concernant-les-droits-des-amazighs\/<\/a><\/p>\n[5]- <a href=\"https:\/\/amadalamazigh.press.ma\/fr\/lonu-recommande-au-maroc-dintensifier-ses-efforts-a-mettre-en-oeuvre-la-loi-organique-n-26-16-relative-au-caractere-officiel-de-la-langue-amazighe\/\">https:\/\/amadalamazigh.press.ma\/fr\/lonu-recommande-au-maroc-dintensifier-ses-efforts-a-mettre-en-oeuvre-la-loi-organique-n-26-16-relative-au-caractere-officiel-de-la-langue-amazighe\/<\/a><\/p>\n[6]- <a href=\"https:\/\/amadalamazigh.press.ma\/fr\/le-conseil-national-des-droits-de-lhomme-cndh-met-en-evidence-les-blocages-des-droits-linguistiques-des-amazighs\/\">https:\/\/amadalamazigh.press.ma\/fr\/le-conseil-national-des-droits-de-lhomme-cndh-met-en-evidence-les-blocages-des-droits-linguistiques-des-amazighs\/<\/a><\/p>\n[7]- <a href=\"http:\/\/www.youtube.com\/watch?v=Kf_afdec3XI&amp;list=PLO6nQolenTletZBnJ2kHAp3N2RDhHg4Rv\">www.youtube.com\/watch?v=Kf_afdec3XI&amp;list=PLO6nQolenTletZBnJ2kHAp3N2RDhHg4Rv<\/a><\/p>\n","protected":false},"excerpt":{"rendered":"<p>L&rsquo;AMA proteste de nouveau contre l&rsquo;exclusion de l&rsquo;enseignement de la langue amazighe aux enfants des citoyens marocains r\u00e9sidant \u00e0 l&rsquo;\u00e9tranger A l\u2019attention de Messieurs\u00a0: Nasser BOURITA,\u00a0Ministre des Affaires \u00c9trang\u00e8res, de la Coop\u00e9ration et des Marocains r\u00e9sidant \u00e0 l\u2019\u00e9tranger (MRE) du Royaume du Maroc, Chakib BENMOUSSA,\u00a0Ministre de l\u2019Education Nationale et du Pr\u00e9scolaire Omar AZZIMAN,\u00a0Pr\u00e9sident d\u00e9l\u00e9gu\u00e9 de &hellip;<\/p>\n","protected":false},"author":2,"featured_media":6210,"comment_status":"open","ping_status":"closed","sticky":false,"template":"","format":"standard","meta":{"jetpack_post_was_ever_published":false,"_jetpack_newsletter_access":"","_jetpack_dont_email_post_to_subs":false,"_jetpack_newsletter_tier_id":0,"_jetpack_memberships_contains_paywalled_content":false,"_jetpack_memberships_contains_paid_content":false,"footnotes":"","jetpack_publicize_message":"","jetpack_publicize_feature_enabled":true,"jetpack_social_post_already_shared":true,"jetpack_social_options":{"image_generator_settings":{"template":"highway","default_image_id":0,"font":"","enabled":false},"version":2}},"categories":[18,10],"tags":[],"class_list":["post-6209","post","type-post","status-publish","format-standard","has-post-thumbnail","","category-hors-tamazgha","category-maroc"],"jetpack_publicize_connections":[],"jetpack_featured_media_url":"https:\/\/i0.wp.com\/amadalamazigh.press.ma\/fr\/wp-content\/uploads\/2024\/08\/Raha_MRE.jpg?fit=1404%2C2048&ssl=1","jetpack_shortlink":"https:\/\/wp.me\/p9uxE2-1C9","jetpack_sharing_enabled":true,"_links":{"self":[{"href":"https:\/\/amadalamazigh.press.ma\/fr\/wp-json\/wp\/v2\/posts\/6209","targetHints":{"allow":["GET"]}}],"collection":[{"href":"https:\/\/amadalamazigh.press.ma\/fr\/wp-json\/wp\/v2\/posts"}],"about":[{"href":"https:\/\/amadalamazigh.press.ma\/fr\/wp-json\/wp\/v2\/types\/post"}],"author":[{"embeddable":true,"href":"https:\/\/amadalamazigh.press.ma\/fr\/wp-json\/wp\/v2\/users\/2"}],"replies":[{"embeddable":true,"href":"https:\/\/amadalamazigh.press.ma\/fr\/wp-json\/wp\/v2\/comments?post=6209"}],"version-history":[{"count":1,"href":"https:\/\/amadalamazigh.press.ma\/fr\/wp-json\/wp\/v2\/posts\/6209\/revisions"}],"predecessor-version":[{"id":6211,"href":"https:\/\/amadalamazigh.press.ma\/fr\/wp-json\/wp\/v2\/posts\/6209\/revisions\/6211"}],"wp:featuredmedia":[{"embeddable":true,"href":"https:\/\/amadalamazigh.press.ma\/fr\/wp-json\/wp\/v2\/media\/6210"}],"wp:attachment":[{"href":"https:\/\/amadalamazigh.press.ma\/fr\/wp-json\/wp\/v2\/media?parent=6209"}],"wp:term":[{"taxonomy":"category","embeddable":true,"href":"https:\/\/amadalamazigh.press.ma\/fr\/wp-json\/wp\/v2\/categories?post=6209"},{"taxonomy":"post_tag","embeddable":true,"href":"https:\/\/amadalamazigh.press.ma\/fr\/wp-json\/wp\/v2\/tags?post=6209"}],"curies":[{"name":"wp","href":"https:\/\/api.w.org\/{rel}","templated":true}]}}