{"id":6363,"date":"2024-10-24T18:03:59","date_gmt":"2024-10-24T17:03:59","guid":{"rendered":"https:\/\/amadalamazigh.press.ma\/fr\/?p=6363"},"modified":"2025-06-10T17:24:33","modified_gmt":"2025-06-10T16:24:33","slug":"le-gfc-denonce-la-perte-de-biodiversite-et-les-fausses-solutions-excluantes","status":"publish","type":"post","link":"https:\/\/amadalamazigh.press.ma\/fr\/le-gfc-denonce-la-perte-de-biodiversite-et-les-fausses-solutions-excluantes\/","title":{"rendered":"Le GFC d\u00e9nonce la perte de biodiversit\u00e9 et les fausses solutions excluantes"},"content":{"rendered":"<p><img data-recalc-dims=\"1\" loading=\"lazy\" decoding=\"async\" class=\"size-medium wp-image-6364 alignleft\" src=\"https:\/\/i0.wp.com\/amadalamazigh.press.ma\/fr\/wp-content\/uploads\/2024\/10\/cop16-press-conference-1.jpg?resize=450%2C208&#038;ssl=1\" alt=\"\" width=\"450\" height=\"208\" srcset=\"https:\/\/i0.wp.com\/amadalamazigh.press.ma\/fr\/wp-content\/uploads\/2024\/10\/cop16-press-conference-1.jpg?resize=450%2C208&amp;ssl=1 450w, https:\/\/i0.wp.com\/amadalamazigh.press.ma\/fr\/wp-content\/uploads\/2024\/10\/cop16-press-conference-1.jpg?resize=1024%2C472&amp;ssl=1 1024w, https:\/\/i0.wp.com\/amadalamazigh.press.ma\/fr\/wp-content\/uploads\/2024\/10\/cop16-press-conference-1.jpg?resize=1536%2C708&amp;ssl=1 1536w, https:\/\/i0.wp.com\/amadalamazigh.press.ma\/fr\/wp-content\/uploads\/2024\/10\/cop16-press-conference-1.jpg?w=1600&amp;ssl=1 1600w, https:\/\/i0.wp.com\/amadalamazigh.press.ma\/fr\/wp-content\/uploads\/2024\/10\/cop16-press-conference-1.jpg?w=1236&amp;ssl=1 1236w\" sizes=\"auto, (max-width: 450px) 100vw, 450px\" \/>Les membres et les dirigeants de la Coalition mondiale des for\u00eats ont tenu une conf\u00e9rence de presse aujourd&rsquo;hui \u00e0 la Conf\u00e9rence des Nations Unies sur la biodiversit\u00e9 (COP16), soulignant la n\u00e9cessit\u00e9 pour les pays de se concentrer sur des solutions r\u00e9elles et communautaires \u00e0 la crise de la biodiversit\u00e9 et de r\u00e9sister au lobbying des entreprises et \u00e0 la marchandisation de la nature.<\/p>\n<p>Les fausses solutions sont destructrices ; elles ne sont pas seulement de mauvaises id\u00e9es. Elles d\u00e9truisent et emp\u00eachent activement les vraies solutions pour arr\u00eater la perte de biodiversit\u00e9\u2026 Les compensations de biodiversit\u00e9 divisent les \u00e9l\u00e9ments de la nature pour les transformer en marchandises en utilisant la mentalit\u00e9 du march\u00e9. L&rsquo;id\u00e9e est que vous pouvez mettre un prix sur tout ce que vous voyez dans une jungle ou une for\u00eat ; vous pouvez le vendre, le troquer ou l&rsquo;\u00e9changer. Ce n&rsquo;est pas vrai ; c&rsquo;est une id\u00e9e fausse.<\/p>\n<p>Alors que les gouvernements et les groupes de la soci\u00e9t\u00e9 civile se r\u00e9unissent \u00e0 Cali, en Colombie, pour \u00e9valuer les progr\u00e8s r\u00e9alis\u00e9s dans le cadre des engagements pris dans le cadre du Cadre mondial pour la biodiversit\u00e9, le GFC est une voix de premier plan en faveur d&rsquo;une protection des for\u00eats et de la biodiversit\u00e9 fond\u00e9e sur les droits, par opposition \u00e0 une conservation de type forteresse et \u00e0 des programmes de compensation n\u00e9fastes pour la biodiversit\u00e9 qui permettent aux activit\u00e9s habituelles de se poursuivre.<\/p>\n<p>Laisser la protection de la biodiversit\u00e9 aux forces du march\u00e9 n\u2019est pas une option, a expliqu\u00e9 Malig :<\/p>\n<p>Les fausses solutions et la d\u00e9forestation sont les principales causes de la perte de biodiversit\u00e9. Pour y mettre un terme, nous devons reconna\u00eetre et renforcer les droits des peuples autochtones, des communaut\u00e9s locales et des femmes qui ont pr\u00e9serv\u00e9 les for\u00eats, la biodiversit\u00e9 et les \u00e9cosyst\u00e8mes pendant des si\u00e8cles et qui sont en premi\u00e8re ligne de la crise \u00e0 laquelle nous sommes confront\u00e9s partout dans le monde.<\/p>\n<p>Malig a mentionn\u00e9 les pratiques agro\u00e9cologiques comme un exemple de v\u00e9ritable solution \u00e0 la double crise de la perte de biodiversit\u00e9 et du changement climatique, affirmant que les voix des femmes en particulier devraient \u00eatre au premier plan du d\u00e9bat sur la biodiversit\u00e9.<\/p>\n<p><img data-recalc-dims=\"1\" loading=\"lazy\" decoding=\"async\" class=\"aligncenter wp-image-6365 size-large\" src=\"https:\/\/i0.wp.com\/amadalamazigh.press.ma\/fr\/wp-content\/uploads\/2024\/10\/diel-mochire-at-cop16-gfc-press-conference.jpg?resize=618%2C348&#038;ssl=1\" alt=\"\" width=\"618\" height=\"348\" srcset=\"https:\/\/i0.wp.com\/amadalamazigh.press.ma\/fr\/wp-content\/uploads\/2024\/10\/diel-mochire-at-cop16-gfc-press-conference.jpg?resize=1024%2C576&amp;ssl=1 1024w, https:\/\/i0.wp.com\/amadalamazigh.press.ma\/fr\/wp-content\/uploads\/2024\/10\/diel-mochire-at-cop16-gfc-press-conference.jpg?resize=444%2C250&amp;ssl=1 444w, https:\/\/i0.wp.com\/amadalamazigh.press.ma\/fr\/wp-content\/uploads\/2024\/10\/diel-mochire-at-cop16-gfc-press-conference.jpg?w=1280&amp;ssl=1 1280w\" sizes=\"auto, (max-width: 618px) 100vw, 618px\" \/><\/p>\n<p>Deux repr\u00e9sentants des groupes membres du GFC ont pris la parole lors de la conf\u00e9rence de presse : Dil Mochire de la R\u00e9publique d\u00e9mocratique du Congo et Handine Mohammed du Maroc. Ils ont soulign\u00e9 les probl\u00e8mes de l&rsquo;exploitation mini\u00e8re ill\u00e9gale, de la pollution de l&rsquo;eau et de la perte des connaissances traditionnelles sur l&rsquo;environnement.<\/p>\n<p>Mochire a d\u00e9crit le conflit arm\u00e9 en R\u00e9publique d\u00e9mocratique du Congo comme une \u00ab guerre \u00e9conomique \u00bb qui prive les communaut\u00e9s locales de ressources dans un pays connu pour sa biodiversit\u00e9 consid\u00e9rable. Il a d\u00e9clar\u00e9 que l\u2019exploitation mini\u00e8re ill\u00e9gale conduit \u00e0 l\u2019accaparement des terres et \u00e0 la p\u00e9nurie d\u2019eau. Dans les endroits o\u00f9 le gouvernement a cherch\u00e9 \u00e0 d\u00e9signer des zones prot\u00e9g\u00e9es, les peuples autochtones sont d\u00e9poss\u00e9d\u00e9s par des mesures de conservation de type forteresse :<\/p>\n<p>Notre pays a mis en place des mandats pour les zones prot\u00e9g\u00e9es, et la police les prot\u00e8ge, mais les peuples autochtones et locaux ne sont pas inform\u00e9s. Cela cr\u00e9e des conflits. Ils vivent dans des conditions o\u00f9 ils ne savent pas o\u00f9 aller. Gr\u00e2ce au Cadre mondial pour la biodiversit\u00e9, nous pouvons assurer une meilleure protection et disposer de davantage d&rsquo;options pour prot\u00e9ger et garantir le r\u00e9gime foncier des peuples autochtones.<\/p>\n<p><img data-recalc-dims=\"1\" loading=\"lazy\" decoding=\"async\" class=\"aligncenter wp-image-6366 size-large\" src=\"https:\/\/i0.wp.com\/amadalamazigh.press.ma\/fr\/wp-content\/uploads\/2024\/10\/mohammad-gfc-cop16-press-conf-1.jpg?resize=618%2C348&#038;ssl=1\" alt=\"\" width=\"618\" height=\"348\" srcset=\"https:\/\/i0.wp.com\/amadalamazigh.press.ma\/fr\/wp-content\/uploads\/2024\/10\/mohammad-gfc-cop16-press-conf-1.jpg?resize=1024%2C576&amp;ssl=1 1024w, https:\/\/i0.wp.com\/amadalamazigh.press.ma\/fr\/wp-content\/uploads\/2024\/10\/mohammad-gfc-cop16-press-conf-1.jpg?resize=444%2C250&amp;ssl=1 444w, https:\/\/i0.wp.com\/amadalamazigh.press.ma\/fr\/wp-content\/uploads\/2024\/10\/mohammad-gfc-cop16-press-conf-1.jpg?w=1280&amp;ssl=1 1280w\" sizes=\"auto, (max-width: 618px) 100vw, 618px\" \/><\/p>\n<p>Handaine Mohammad, du Comit\u00e9 de coordination des peuples autochtones d&rsquo;Afrique (IPACC), a compar\u00e9 les n\u00e9gociations sur la CDB \u00e0 une querelle de famille pour savoir qui paierait le m\u00e9dicament n\u00e9cessaire pour sauver une grand-m\u00e8re malade. Si le GBF est une feuille de route prometteuse qui a pris tant de temps \u00e0 \u00e9laborer et qui peut gu\u00e9rir notre relation avec la biodiversit\u00e9, a-t-il demand\u00e9, pourquoi les pays ne le financent-ils pas ?<\/p>\n<p>Mohammad a \u00e9galement soulign\u00e9 que les pays ont besoin d\u2019une l\u00e9gislation nationale pour soutenir la protection de la biodiversit\u00e9 et des for\u00eats fond\u00e9e sur les droits :<\/p>\n<p>Il y a la question du partage des b\u00e9n\u00e9fices, de la mise en \u0153uvre du GBF et du cadre l\u00e9gislatif au niveau international. Le probl\u00e8me est de savoir comment les pays vont modifier leur l\u00e9gislation. De nombreux pays ne reconnaissent pas les peuples autochtones. Il faut une l\u00e9gislation nationale pour s&rsquo;adapter au GBF.<\/p>\n<p><img data-recalc-dims=\"1\" loading=\"lazy\" decoding=\"async\" class=\"aligncenter wp-image-6367 size-large\" src=\"https:\/\/i0.wp.com\/amadalamazigh.press.ma\/fr\/wp-content\/uploads\/2024\/10\/valentina-cop-16-gfc-press-conference-1.jpg?resize=618%2C348&#038;ssl=1\" alt=\"\" width=\"618\" height=\"348\" srcset=\"https:\/\/i0.wp.com\/amadalamazigh.press.ma\/fr\/wp-content\/uploads\/2024\/10\/valentina-cop-16-gfc-press-conference-1.jpg?resize=1024%2C576&amp;ssl=1 1024w, https:\/\/i0.wp.com\/amadalamazigh.press.ma\/fr\/wp-content\/uploads\/2024\/10\/valentina-cop-16-gfc-press-conference-1.jpg?resize=444%2C250&amp;ssl=1 444w, https:\/\/i0.wp.com\/amadalamazigh.press.ma\/fr\/wp-content\/uploads\/2024\/10\/valentina-cop-16-gfc-press-conference-1.jpg?resize=1536%2C864&amp;ssl=1 1536w, https:\/\/i0.wp.com\/amadalamazigh.press.ma\/fr\/wp-content\/uploads\/2024\/10\/valentina-cop-16-gfc-press-conference-1.jpg?w=1600&amp;ssl=1 1600w, https:\/\/i0.wp.com\/amadalamazigh.press.ma\/fr\/wp-content\/uploads\/2024\/10\/valentina-cop-16-gfc-press-conference-1.jpg?w=1236&amp;ssl=1 1236w\" sizes=\"auto, (max-width: 618px) 100vw, 618px\" \/><\/p>\n<p>Il a \u00e9galement appel\u00e9 \u00e0 la justice linguistique dans les n\u00e9gociations de l\u2019ONU sur la biodiversit\u00e9, notamment parce que la sagesse des communaut\u00e9s locales et autochtones r\u00e9side dans les langues locales :<\/p>\n<p>Le probl\u00e8me est que tous les accords internationaux portent sur le savoir ancestral, mais ils n&rsquo;insistent pas sur l&rsquo;inclusion des langues autochtones. Nous ne pourrons pas profiter de l&rsquo;eau du fleuve si nous fermons sa source. Si nous n&rsquo;avons pas de langues autochtones, nous perdrons notre savoir traditionnel.<\/p>\n<p>Les membres de la Coalition mondiale pour les for\u00eats sont \u00e0 Cali pour demander que l\u2019on se concentre sur de v\u00e9ritables solutions \u00e0 la perte de biodiversit\u00e9. Selon eux, cela ne peut pas passer par la vente de cr\u00e9dits ou de compensations, ce qui revient en fait \u00e0 \u00ab payer pour polluer \u00bb. Cela se fait aux d\u00e9pens des populations les plus vuln\u00e9rables, notamment les femmes et les communaut\u00e9s foresti\u00e8res.<\/p>\n<p>Certains de ces programmes, comme les \u00ab solutions fond\u00e9es sur la nature \u00bb, sont des noms attrayants pour des m\u00e9canismes de march\u00e9 d\u00e9fendus par les m\u00eames industries qui ont provoqu\u00e9 la crise de la biodiversit\u00e9, comme les combustibles fossiles et l\u2019exploitation mini\u00e8re.<\/p>\n<p>Souparna Lahiri, conseill\u00e8re principale en mati\u00e8re de climat du GFC, a parl\u00e9 des compensations de biodiversit\u00e9, expliquant :<\/p>\n<p>Il s\u2019agit d\u2019une licence sociale g\u00e9n\u00e9rale permettant aux entreprises de d\u00e9truire la biodiversit\u00e9 et de dire que nous paierons pour cette destruction. Ce n\u2019est pas un cadre pour prot\u00e9ger et conserver la biodiversit\u00e9. Si l\u2019on veut le transformer en un cadre pour r\u00e9ellement prot\u00e9ger la biodiversit\u00e9 et mettre un terme \u00e0 la d\u00e9forestation, il doit \u00eatre inclusif et repr\u00e9sentatif et prendre en compte les v\u00e9ritables solutions des peuples autochtones, des communaut\u00e9s locales et des femmes.<\/p>\n<p>Il a d\u00e9plor\u00e9 le fait que ces acteurs, qui ont propos\u00e9 de v\u00e9ritables solutions pour s\u2019attaquer aux causes profondes de la perte de biodiversit\u00e9 et pas seulement \u00e0 ses sympt\u00f4mes, soient pour la plupart absents de la table des n\u00e9gociations :<\/p>\n<p>Nous parlons de mettre un terme \u00e0 la perte de biodiversit\u00e9, de mettre un terme \u00e0 la d\u00e9forestation, de r\u00e9soudre la crise climatique et de la biodiversit\u00e9, mais nous ne comprenons pas que les communaut\u00e9s et les personnes qui peuvent r\u00e9ellement agir ne sont pas incluses et repr\u00e9sent\u00e9es dans les espaces o\u00f9 nous n\u00e9gocions. Le langage et l&rsquo;ambiance [de l&rsquo;ONU] sont tellement irrespectueux \u00e0 leur \u00e9gard, et nous le constatons ann\u00e9e apr\u00e8s ann\u00e9e.<\/p>\n<p>Lahiri a \u00e9galement d\u00e9clar\u00e9 que les progr\u00e8s ont \u00e9t\u00e9 lents en raison du manque d\u2019engagement :<\/p>\n<p>Les objectifs d&rsquo;Aichi n&rsquo;ont pas \u00e9t\u00e9 atteints, et ce n&rsquo;est pas faute de moyens financiers, mais plut\u00f4t en raison d&rsquo;un manque de volont\u00e9 politique et de la domination des entreprises sur les d\u00e9cisions politiques. Les gouvernements doivent rendre des comptes \u00e0 leurs citoyens et \u00e0 leurs communaut\u00e9s. Tant que nous n&rsquo;aurons pas atteint ces objectifs, nous ne pourrons pas enrayer la perte et la destruction de la biodiversit\u00e9.<\/p>\n<p><img data-recalc-dims=\"1\" loading=\"lazy\" decoding=\"async\" class=\"aligncenter wp-image-6368 size-large\" src=\"https:\/\/i0.wp.com\/amadalamazigh.press.ma\/fr\/wp-content\/uploads\/2024\/10\/WhatsApp-Image-2024-10-23-at-14.30.10_3c15accf.jpg?resize=618%2C348&#038;ssl=1\" alt=\"\" width=\"618\" height=\"348\" srcset=\"https:\/\/i0.wp.com\/amadalamazigh.press.ma\/fr\/wp-content\/uploads\/2024\/10\/WhatsApp-Image-2024-10-23-at-14.30.10_3c15accf.jpg?resize=1024%2C576&amp;ssl=1 1024w, https:\/\/i0.wp.com\/amadalamazigh.press.ma\/fr\/wp-content\/uploads\/2024\/10\/WhatsApp-Image-2024-10-23-at-14.30.10_3c15accf.jpg?resize=444%2C250&amp;ssl=1 444w, https:\/\/i0.wp.com\/amadalamazigh.press.ma\/fr\/wp-content\/uploads\/2024\/10\/WhatsApp-Image-2024-10-23-at-14.30.10_3c15accf.jpg?resize=1536%2C864&amp;ssl=1 1536w, https:\/\/i0.wp.com\/amadalamazigh.press.ma\/fr\/wp-content\/uploads\/2024\/10\/WhatsApp-Image-2024-10-23-at-14.30.10_3c15accf.jpg?w=1600&amp;ssl=1 1600w, https:\/\/i0.wp.com\/amadalamazigh.press.ma\/fr\/wp-content\/uploads\/2024\/10\/WhatsApp-Image-2024-10-23-at-14.30.10_3c15accf.jpg?w=1236&amp;ssl=1 1236w\" sizes=\"auto, (max-width: 618px) 100vw, 618px\" \/><\/p>\n<p>Ce sentiment a \u00e9t\u00e9 repris par Valentina Figuera Martinez, coordinatrice de la campagne pour la justice de genre au GFC, qui a qualifi\u00e9 la lenteur des n\u00e9gociations de \u00ab frustrante \u00bb.<\/p>\n<p>Martinez a soulign\u00e9 que les gouvernements, quelle que soit leur all\u00e9geance politique, ont souvent leur mot \u00e0 dire en subventionnant et en soutenant les entreprises responsables de la destruction de l\u2019environnement, et que la soci\u00e9t\u00e9 civile a pour r\u00f4le de les tenir responsables. Elle a d\u00e9clar\u00e9 :<\/p>\n<p>Nous constatons une dissociation de la r\u00e9alit\u00e9 dans de nombreuses n\u00e9gociations. Si l\u2019on veut vraiment transformer le GBF et obtenir des changements substantiels en mati\u00e8re de biodiversit\u00e9 et de perte de for\u00eats, il faut nouer davantage de partenariats, non pas avec des entreprises, mais avec les populations foresti\u00e8res, les groupes de femmes, les groupes autochtones et les groupes locaux qui font le travail sur le terrain.<\/p>\n<p>De nombreuses organisations de la soci\u00e9t\u00e9 civile ont r\u00e9cemment rejoint le GFC en signant une d\u00e9claration en faveur de solutions concr\u00e8tes pour lutter contre la perte de biodiversit\u00e9 . Cette d\u00e9claration pr\u00f4ne des approches \u00e9cosyst\u00e9miques, accordant la priorit\u00e9 aux droits des peuples autochtones, reconnaissant les droits des \u00e9cosyst\u00e8mes et valorisant les connaissances traditionnelles et le leadership local.<\/p>\n<p>Le GFC tiendra une autre conf\u00e9rence de presse dans la Zone Bleue le mardi 29 octobre, \u00e0 16h30, heure normale de Colombie (UTC-5).<\/p>\n","protected":false},"excerpt":{"rendered":"<p>Les membres et les dirigeants de la Coalition mondiale des for\u00eats ont tenu une conf\u00e9rence de presse aujourd&rsquo;hui \u00e0 la Conf\u00e9rence des Nations Unies sur la biodiversit\u00e9 (COP16), soulignant la n\u00e9cessit\u00e9 pour les pays de se concentrer sur des solutions r\u00e9elles et communautaires \u00e0 la crise de la biodiversit\u00e9 et de r\u00e9sister au lobbying des &hellip;<\/p>\n","protected":false},"author":2,"featured_media":6364,"comment_status":"open","ping_status":"closed","sticky":false,"template":"","format":"standard","meta":{"jetpack_post_was_ever_published":false,"_jetpack_newsletter_access":"","_jetpack_dont_email_post_to_subs":false,"_jetpack_newsletter_tier_id":0,"_jetpack_memberships_contains_paywalled_content":false,"_jetpack_memberships_contains_paid_content":false,"footnotes":"","jetpack_publicize_message":"","jetpack_publicize_feature_enabled":true,"jetpack_social_post_already_shared":true,"jetpack_social_options":{"image_generator_settings":{"template":"highway","default_image_id":0,"font":"","enabled":false},"version":2}},"categories":[18],"tags":[],"class_list":["post-6363","post","type-post","status-publish","format-standard","has-post-thumbnail","","category-hors-tamazgha"],"jetpack_publicize_connections":[],"jetpack_featured_media_url":"https:\/\/i0.wp.com\/amadalamazigh.press.ma\/fr\/wp-content\/uploads\/2024\/10\/cop16-press-conference-1.jpg?fit=1600%2C738&ssl=1","jetpack_shortlink":"https:\/\/wp.me\/p9uxE2-1ED","jetpack_sharing_enabled":true,"_links":{"self":[{"href":"https:\/\/amadalamazigh.press.ma\/fr\/wp-json\/wp\/v2\/posts\/6363","targetHints":{"allow":["GET"]}}],"collection":[{"href":"https:\/\/amadalamazigh.press.ma\/fr\/wp-json\/wp\/v2\/posts"}],"about":[{"href":"https:\/\/amadalamazigh.press.ma\/fr\/wp-json\/wp\/v2\/types\/post"}],"author":[{"embeddable":true,"href":"https:\/\/amadalamazigh.press.ma\/fr\/wp-json\/wp\/v2\/users\/2"}],"replies":[{"embeddable":true,"href":"https:\/\/amadalamazigh.press.ma\/fr\/wp-json\/wp\/v2\/comments?post=6363"}],"version-history":[{"count":5,"href":"https:\/\/amadalamazigh.press.ma\/fr\/wp-json\/wp\/v2\/posts\/6363\/revisions"}],"predecessor-version":[{"id":6943,"href":"https:\/\/amadalamazigh.press.ma\/fr\/wp-json\/wp\/v2\/posts\/6363\/revisions\/6943"}],"wp:featuredmedia":[{"embeddable":true,"href":"https:\/\/amadalamazigh.press.ma\/fr\/wp-json\/wp\/v2\/media\/6364"}],"wp:attachment":[{"href":"https:\/\/amadalamazigh.press.ma\/fr\/wp-json\/wp\/v2\/media?parent=6363"}],"wp:term":[{"taxonomy":"category","embeddable":true,"href":"https:\/\/amadalamazigh.press.ma\/fr\/wp-json\/wp\/v2\/categories?post=6363"},{"taxonomy":"post_tag","embeddable":true,"href":"https:\/\/amadalamazigh.press.ma\/fr\/wp-json\/wp\/v2\/tags?post=6363"}],"curies":[{"name":"wp","href":"https:\/\/api.w.org\/{rel}","templated":true}]}}