{"id":6544,"date":"2024-12-25T12:47:39","date_gmt":"2024-12-25T11:47:39","guid":{"rendered":"https:\/\/amadalamazigh.press.ma\/fr\/?p=6544"},"modified":"2024-12-25T12:47:39","modified_gmt":"2024-12-25T11:47:39","slug":"riposte-internationale-solidarite-avec-said-salhi-et-appel-a-la-justice-en-algerie","status":"publish","type":"post","link":"https:\/\/amadalamazigh.press.ma\/fr\/riposte-internationale-solidarite-avec-said-salhi-et-appel-a-la-justice-en-algerie\/","title":{"rendered":"RIPOSTE INTERNATIONALE: Solidarit\u00e9 avec Said Salhi et Appel \u00e0 la Justice en Alg\u00e9rie"},"content":{"rendered":"<p><img data-recalc-dims=\"1\" loading=\"lazy\" decoding=\"async\" class=\"size-medium wp-image-2911 alignright\" src=\"https:\/\/i0.wp.com\/amadalamazigh.press.ma\/fr\/wp-content\/uploads\/2020\/08\/riposte-internationale-logo.jpg?resize=354%2C250&#038;ssl=1\" alt=\"\" width=\"354\" height=\"250\" srcset=\"https:\/\/i0.wp.com\/amadalamazigh.press.ma\/fr\/wp-content\/uploads\/2020\/08\/riposte-internationale-logo.jpg?resize=354%2C250&amp;ssl=1 354w, https:\/\/i0.wp.com\/amadalamazigh.press.ma\/fr\/wp-content\/uploads\/2020\/08\/riposte-internationale-logo.jpg?w=842&amp;ssl=1 842w\" sizes=\"auto, (max-width: 354px) 100vw, 354px\" \/>RIPOSTE INTERNATIONALE, Fid\u00e8le \u00e0 son mandat, ne cesse de d\u00e9noncer depuis sa cr\u00e9ation l&rsquo;arbitraire et les proc\u00e8s exp\u00e9ditif, in\u00e9quitables et l&rsquo;ensemble des violations caract\u00e9ris\u00e9es et r\u00e9p\u00e9t\u00e9es des droits humains en Alg\u00e9rie.<\/p>\n<p>RIPOSTE INTERNATIONALE condamne la parodie de proc\u00e8s ayant conduit \u00e0 la condamnation du d\u00e9fenseur des droits humain Said SALHI aujourd&rsquo;hui en exil, ex-vice-pr\u00e9sident de la LADDH, ligue Alg\u00e9rienne pour les droits humains dissoute arbitrairement en juin 2022.<br \/>\nElle, d\u00e9nonce le verdict rendu par contumace \u00e0 2 ans de prison ferme assortie d&rsquo;une amende de 200 000 DA, contre le d\u00e9fenseur pour des opinions exprim\u00e9es sur les r\u00e9seaux sociaux.<\/p>\n<p>RIPOSTE INTERNATIONALE consid\u00e8re cette condamnation de trop comme une preuve de plus, de la volont\u00e9 du r\u00e9gime alg\u00e9rien d&rsquo;en finir avec toutes les voix discordantes et libres.<\/p>\n<p>RIPOSTE INTERNATIONALE exprime \u00e0 l&rsquo;occasion son soutien total \u00e0 Said SALHI dans cette \u00e9preuve et l&rsquo;assure de sa solidarit\u00e9 ind\u00e9fectible pleine et enti\u00e8re.<\/p>\n<p>RIPOSTE INTERNATIONALE rappelle son engagement permanent en faveur des droits humains. Elle r\u00e9it\u00e8re son soutien \u00e0 toutes les victimes de l&rsquo;arbitraire et rappelle le droit de tout un chacun \u00e0 un proc\u00e8s \u00e9quitable et le respect des droits fondamentaux et des conventions internationales des droits humains ratifi\u00e9es par l&rsquo;Alg\u00e9rie. Elle appelle \u00e0 l&rsquo;arr\u00eat de la r\u00e9pression, l&rsquo;abandon des poursuites contre les militants et activistes et la lib\u00e9ration de l&rsquo;ensemble des d\u00e9tenus d&rsquo;opinion.<\/p>\n<p>RIPOSTE INTERNATIONALE prend \u00e0 t\u00e9moin les instances internationales sur ces faits et les invite \u00e0 interpeller le r\u00e9gime alg\u00e9rien sur ces d\u00e9rives autoritaires.<\/p>\n","protected":false},"excerpt":{"rendered":"<p>RIPOSTE INTERNATIONALE, Fid\u00e8le \u00e0 son mandat, ne cesse de d\u00e9noncer depuis sa cr\u00e9ation l&rsquo;arbitraire et les proc\u00e8s exp\u00e9ditif, in\u00e9quitables et l&rsquo;ensemble des violations caract\u00e9ris\u00e9es et r\u00e9p\u00e9t\u00e9es des droits humains en Alg\u00e9rie. RIPOSTE INTERNATIONALE condamne la parodie de proc\u00e8s ayant conduit \u00e0 la condamnation du d\u00e9fenseur des droits humain Said SALHI aujourd&rsquo;hui en exil, ex-vice-pr\u00e9sident de &hellip;<\/p>\n","protected":false},"author":2,"featured_media":2911,"comment_status":"open","ping_status":"closed","sticky":false,"template":"","format":"standard","meta":{"jetpack_post_was_ever_published":false,"_jetpack_newsletter_access":"","_jetpack_dont_email_post_to_subs":false,"_jetpack_newsletter_tier_id":0,"_jetpack_memberships_contains_paywalled_content":false,"_jetpack_memberships_contains_paid_content":false,"footnotes":"","jetpack_publicize_message":"","jetpack_publicize_feature_enabled":true,"jetpack_social_post_already_shared":true,"jetpack_social_options":{"image_generator_settings":{"template":"highway","default_image_id":0,"font":"","enabled":false},"version":2}},"categories":[8],"tags":[],"class_list":["post-6544","post","type-post","status-publish","format-standard","has-post-thumbnail","","category-algerie"],"jetpack_publicize_connections":[],"jetpack_featured_media_url":"https:\/\/i0.wp.com\/amadalamazigh.press.ma\/fr\/wp-content\/uploads\/2020\/08\/riposte-internationale-logo.jpg?fit=842%2C595&ssl=1","jetpack_shortlink":"https:\/\/wp.me\/p9uxE2-1Hy","jetpack_sharing_enabled":true,"_links":{"self":[{"href":"https:\/\/amadalamazigh.press.ma\/fr\/wp-json\/wp\/v2\/posts\/6544","targetHints":{"allow":["GET"]}}],"collection":[{"href":"https:\/\/amadalamazigh.press.ma\/fr\/wp-json\/wp\/v2\/posts"}],"about":[{"href":"https:\/\/amadalamazigh.press.ma\/fr\/wp-json\/wp\/v2\/types\/post"}],"author":[{"embeddable":true,"href":"https:\/\/amadalamazigh.press.ma\/fr\/wp-json\/wp\/v2\/users\/2"}],"replies":[{"embeddable":true,"href":"https:\/\/amadalamazigh.press.ma\/fr\/wp-json\/wp\/v2\/comments?post=6544"}],"version-history":[{"count":1,"href":"https:\/\/amadalamazigh.press.ma\/fr\/wp-json\/wp\/v2\/posts\/6544\/revisions"}],"predecessor-version":[{"id":6545,"href":"https:\/\/amadalamazigh.press.ma\/fr\/wp-json\/wp\/v2\/posts\/6544\/revisions\/6545"}],"wp:featuredmedia":[{"embeddable":true,"href":"https:\/\/amadalamazigh.press.ma\/fr\/wp-json\/wp\/v2\/media\/2911"}],"wp:attachment":[{"href":"https:\/\/amadalamazigh.press.ma\/fr\/wp-json\/wp\/v2\/media?parent=6544"}],"wp:term":[{"taxonomy":"category","embeddable":true,"href":"https:\/\/amadalamazigh.press.ma\/fr\/wp-json\/wp\/v2\/categories?post=6544"},{"taxonomy":"post_tag","embeddable":true,"href":"https:\/\/amadalamazigh.press.ma\/fr\/wp-json\/wp\/v2\/tags?post=6544"}],"curies":[{"name":"wp","href":"https:\/\/api.w.org\/{rel}","templated":true}]}}