{"id":6613,"date":"2025-02-02T17:04:01","date_gmt":"2025-02-02T16:04:01","guid":{"rendered":"https:\/\/amadalamazigh.press.ma\/fr\/?p=6613"},"modified":"2025-02-02T17:04:01","modified_gmt":"2025-02-02T16:04:01","slug":"enlevement-de-hichem-aboud-le-gouvernement-espagnol-repond-a-la-question-parlementaire","status":"publish","type":"post","link":"https:\/\/amadalamazigh.press.ma\/fr\/enlevement-de-hichem-aboud-le-gouvernement-espagnol-repond-a-la-question-parlementaire\/","title":{"rendered":"Enl\u00e8vement de Hichem Aboud: Le gouvernement espagnol r\u00e9pond \u00e0 la question parlementaire"},"content":{"rendered":"<p><img data-recalc-dims=\"1\" loading=\"lazy\" decoding=\"async\" class=\"size-medium wp-image-6349 alignright\" src=\"https:\/\/i0.wp.com\/amadalamazigh.press.ma\/fr\/wp-content\/uploads\/2024\/10\/hicham-aboud.jpg?resize=447%2C250&#038;ssl=1\" alt=\"\" width=\"447\" height=\"250\" srcset=\"https:\/\/i0.wp.com\/amadalamazigh.press.ma\/fr\/wp-content\/uploads\/2024\/10\/hicham-aboud.jpg?resize=447%2C250&amp;ssl=1 447w, https:\/\/i0.wp.com\/amadalamazigh.press.ma\/fr\/wp-content\/uploads\/2024\/10\/hicham-aboud.jpg?resize=1024%2C572&amp;ssl=1 1024w, https:\/\/i0.wp.com\/amadalamazigh.press.ma\/fr\/wp-content\/uploads\/2024\/10\/hicham-aboud.jpg?resize=1536%2C858&amp;ssl=1 1536w, https:\/\/i0.wp.com\/amadalamazigh.press.ma\/fr\/wp-content\/uploads\/2024\/10\/hicham-aboud.jpg?w=1917&amp;ssl=1 1917w, https:\/\/i0.wp.com\/amadalamazigh.press.ma\/fr\/wp-content\/uploads\/2024\/10\/hicham-aboud.jpg?w=1236&amp;ssl=1 1236w, https:\/\/i0.wp.com\/amadalamazigh.press.ma\/fr\/wp-content\/uploads\/2024\/10\/hicham-aboud.jpg?w=1854&amp;ssl=1 1854w\" sizes=\"auto, (max-width: 447px) 100vw, 447px\" \/>Dans une br\u00e8ve r\u00e9ponse \u00e9crite \u00e0 une question parlementaire, le gouvernement espagnol a confirm\u00e9 que l\u2019enqu\u00eate de l\u2019enl\u00e8vement du journaliste et \u00e9crivain alg\u00e9rien Hichem Aboud est actuellement en cours. La r\u00e9ponse, \u00e9mise le 18 d\u00e9cembre 2024 et\u00a0<span data-darkreader-inline-color=\"\"><a href=\"https:\/\/www.congreso.es\/es\/busqueda-de-iniciativas?p_p_id=iniciativas&amp;p_p_lifecycle=0&amp;p_p_state=normal&amp;p_p_mode=view&amp;_iniciativas_mode=mostrarDetalle&amp;_iniciativas_legislatura=XV&amp;_iniciativas_id=184\/016897\" target=\"_blank\" rel=\"noopener\" data-darkreader-inline-color=\"\">publi\u00e9e sur le Bulletin du Congr\u00e8s espagnol le 23 janvier 2025<\/a><\/span>, r\u00e9pond aux\u00a0<span data-darkreader-inline-color=\"\"><a href=\"https:\/\/www.lemediterraneen24.com\/officiel-les-deputes-espagnols-interpellent-le-gouvernement-sur-laffaire-hichem-aboud\/\" target=\"_blank\" rel=\"noopener\" data-darkreader-inline-color=\"\">questions pos\u00e9es<\/a><\/span>\u00a0par six d\u00e9put\u00e9s du parti conservateur VOX (Grupo VOX, GVOX) concernant l\u2019enl\u00e8vement et le sauvetage ult\u00e9rieur d\u2019Aboud \u00e0 Barcelone.<\/p>\n<p>La <span data-darkreader-inline-color=\"\"><a href=\"https:\/\/www.congreso.es\/entradap\/l15p\/e5\/e_0052150_n_000.pdf\" target=\"_blank\" rel=\"noopener\" data-darkreader-inline-color=\"\">r\u00e9ponse du gouvernemen Espagnol<\/a><\/span>\u00a0<strong>r\u00e9f. 184\/016897<\/strong>,\u00a0<span data-darkreader-inline-color=\"\"><a href=\"https:\/\/www.congreso.es\/es\/busqueda-de-iniciativas?p_p_id=iniciativas&amp;p_p_lifecycle=0&amp;p_p_state=normal&amp;p_p_mode=view&amp;_iniciativas_mode=mostrarDetalle&amp;_iniciativas_legislatura=XV&amp;_iniciativas_id=184\/016897\" target=\"_blank\" rel=\"noopener\" data-darkreader-inline-color=\"\">publi\u00e9e au Bulletin des Cortes Generales<\/a><\/span>\u00a0<strong>num\u00e9ro D-270 du 23\/01\/2025<\/strong>, indique que l\u2019incident rel\u00e8ve de la comp\u00e9tence de deux tribunaux espagnols : Juge d\u2019Instruction num\u00e9ro 1 de Lebrija (Sevilla) et le Juge d\u2019Instruction num\u00e9ro 7 de Barcelone. Aucun autre d\u00e9tail n\u2019a \u00e9t\u00e9 fourni, ce qui indique l\u2019adh\u00e9sion de l\u2019administration aux protocoles limitant les commentaires publics sur les enqu\u00eates en cours. La r\u00e9ponse \u00e9tait arriv\u00e9e juste avant la date limite du 19 d\u00e9cembre 2024 fix\u00e9e pour que le gouvernement r\u00e9ponde \u00e0 la question parlementaire \u00e9crite,\u00a0<span data-darkreader-inline-color=\"\"><a href=\"https:\/\/www.lemediterraneen24.com\/officiel-les-deputes-espagnols-interpellent-le-gouvernement-sur-laffaire-hichem-aboud\/\" target=\"_blank\" rel=\"noopener\" data-darkreader-inline-color=\"\">qui avaient \u00e9t\u00e9 formellement soumise<\/a><\/span>\u00a0le 11 novembre 2024.<\/p>\n<p><img data-recalc-dims=\"1\" loading=\"lazy\" decoding=\"async\" class=\"aligncenter wp-image-6614 size-large\" src=\"https:\/\/i0.wp.com\/amadalamazigh.press.ma\/fr\/wp-content\/uploads\/2025\/02\/repnse.jpg?resize=618%2C482&#038;ssl=1\" alt=\"\" width=\"618\" height=\"482\" srcset=\"https:\/\/i0.wp.com\/amadalamazigh.press.ma\/fr\/wp-content\/uploads\/2025\/02\/repnse.jpg?resize=1024%2C798&amp;ssl=1 1024w, https:\/\/i0.wp.com\/amadalamazigh.press.ma\/fr\/wp-content\/uploads\/2025\/02\/repnse.jpg?resize=321%2C250&amp;ssl=1 321w, https:\/\/i0.wp.com\/amadalamazigh.press.ma\/fr\/wp-content\/uploads\/2025\/02\/repnse.jpg?resize=1536%2C1197&amp;ssl=1 1536w, https:\/\/i0.wp.com\/amadalamazigh.press.ma\/fr\/wp-content\/uploads\/2025\/02\/repnse.jpg?w=1611&amp;ssl=1 1611w, https:\/\/i0.wp.com\/amadalamazigh.press.ma\/fr\/wp-content\/uploads\/2025\/02\/repnse.jpg?w=1236&amp;ssl=1 1236w\" sizes=\"auto, (max-width: 618px) 100vw, 618px\" \/><\/p>\n<p>En novembre 2024, les d\u00e9put\u00e9s de VOX, men\u00e9s par le repr\u00e9sentant de Madrid Francisco Javier Ortega Smith-Molina,\u00a0<span data-darkreader-inline-color=\"\"><a href=\"https:\/\/www.lemediterraneen24.com\/officiel-les-deputes-espagnols-interpellent-le-gouvernement-sur-laffaire-hichem-aboud\/\" target=\"_blank\" rel=\"noopener\" data-darkreader-inline-color=\"\">ont demand\u00e9 des \u00e9claircissements sur des aspects cl\u00e9s de l\u2019affaire<\/a><\/span>, notamment la nationalit\u00e9 et le statut juridique des suspects d\u00e9tenus dans le cadre de l\u2019enl\u00e8vement d\u2019Aboud, leurs ant\u00e9c\u00e9dents criminels et leurs liens pr\u00e9sum\u00e9s avec le crime organis\u00e9. L\u2019enl\u00e8vement a attir\u00e9 l\u2019attention internationale apr\u00e8s que M. Aboud, connu pour ses \u00e9crits critiques sur la politique alg\u00e9rienne, a \u00e9t\u00e9 secouru par la Guardia Civil espagnole \u00e0 Lebrija (S\u00e9ville). Il a \u00e9t\u00e9 retrouv\u00e9 le 18 Octobre 2024, soit 23 heures apr\u00e8s son enl\u00e8vement, ligot\u00e9 et b\u00e2illonn\u00e9. Les suspects tentant de le faire monter de force sur un bateau fluvial, afin de l\u2019exfiltrer hors d\u2019Espagne et de le remettre aux services de renseignements alg\u00e9riens dans les eaux internationales. Deux personnes sont toujours en d\u00e9tention pr\u00e9ventive. L\u2019un est un franco-s\u00e9n\u00e9gal r\u00e9pondant au nom de Dieng Amadou et le second de nationalit\u00e9 marocaine. et les enqu\u00eates se poursuivent au sein des services judiciaires, policiers et de renseignement espagnols.<\/p>\n<p style=\"text-align: right;\"><strong>Source: lemediterraneen24.com<\/strong><\/p>\n","protected":false},"excerpt":{"rendered":"<p>Dans une br\u00e8ve r\u00e9ponse \u00e9crite \u00e0 une question parlementaire, le gouvernement espagnol a confirm\u00e9 que l\u2019enqu\u00eate de l\u2019enl\u00e8vement du journaliste et \u00e9crivain alg\u00e9rien Hichem Aboud est actuellement en cours. La r\u00e9ponse, \u00e9mise le 18 d\u00e9cembre 2024 et\u00a0publi\u00e9e sur le Bulletin du Congr\u00e8s espagnol le 23 janvier 2025, r\u00e9pond aux\u00a0questions pos\u00e9es\u00a0par six d\u00e9put\u00e9s du parti conservateur &hellip;<\/p>\n","protected":false},"author":2,"featured_media":6349,"comment_status":"open","ping_status":"closed","sticky":false,"template":"","format":"standard","meta":{"jetpack_post_was_ever_published":false,"_jetpack_newsletter_access":"","_jetpack_dont_email_post_to_subs":false,"_jetpack_newsletter_tier_id":0,"_jetpack_memberships_contains_paywalled_content":false,"_jetpack_memberships_contains_paid_content":false,"footnotes":"","jetpack_publicize_message":"","jetpack_publicize_feature_enabled":true,"jetpack_social_post_already_shared":true,"jetpack_social_options":{"image_generator_settings":{"template":"highway","default_image_id":0,"font":"","enabled":false},"version":2}},"categories":[8],"tags":[],"class_list":["post-6613","post","type-post","status-publish","format-standard","has-post-thumbnail","","category-algerie"],"jetpack_publicize_connections":[],"jetpack_featured_media_url":"https:\/\/i0.wp.com\/amadalamazigh.press.ma\/fr\/wp-content\/uploads\/2024\/10\/hicham-aboud.jpg?fit=1917%2C1071&ssl=1","jetpack_shortlink":"https:\/\/wp.me\/p9uxE2-1IF","jetpack_sharing_enabled":true,"_links":{"self":[{"href":"https:\/\/amadalamazigh.press.ma\/fr\/wp-json\/wp\/v2\/posts\/6613","targetHints":{"allow":["GET"]}}],"collection":[{"href":"https:\/\/amadalamazigh.press.ma\/fr\/wp-json\/wp\/v2\/posts"}],"about":[{"href":"https:\/\/amadalamazigh.press.ma\/fr\/wp-json\/wp\/v2\/types\/post"}],"author":[{"embeddable":true,"href":"https:\/\/amadalamazigh.press.ma\/fr\/wp-json\/wp\/v2\/users\/2"}],"replies":[{"embeddable":true,"href":"https:\/\/amadalamazigh.press.ma\/fr\/wp-json\/wp\/v2\/comments?post=6613"}],"version-history":[{"count":1,"href":"https:\/\/amadalamazigh.press.ma\/fr\/wp-json\/wp\/v2\/posts\/6613\/revisions"}],"predecessor-version":[{"id":6615,"href":"https:\/\/amadalamazigh.press.ma\/fr\/wp-json\/wp\/v2\/posts\/6613\/revisions\/6615"}],"wp:featuredmedia":[{"embeddable":true,"href":"https:\/\/amadalamazigh.press.ma\/fr\/wp-json\/wp\/v2\/media\/6349"}],"wp:attachment":[{"href":"https:\/\/amadalamazigh.press.ma\/fr\/wp-json\/wp\/v2\/media?parent=6613"}],"wp:term":[{"taxonomy":"category","embeddable":true,"href":"https:\/\/amadalamazigh.press.ma\/fr\/wp-json\/wp\/v2\/categories?post=6613"},{"taxonomy":"post_tag","embeddable":true,"href":"https:\/\/amadalamazigh.press.ma\/fr\/wp-json\/wp\/v2\/tags?post=6613"}],"curies":[{"name":"wp","href":"https:\/\/api.w.org\/{rel}","templated":true}]}}