{"id":6616,"date":"2025-02-02T17:08:40","date_gmt":"2025-02-02T16:08:40","guid":{"rendered":"https:\/\/amadalamazigh.press.ma\/fr\/?p=6616"},"modified":"2025-02-02T17:08:40","modified_gmt":"2025-02-02T16:08:40","slug":"algerie-rapporteuse-speciale-consternee-par-la-poursuite-de-la-criminalisation-des-defenseurs-des-droits-humains-apres-sa-visite","status":"publish","type":"post","link":"https:\/\/amadalamazigh.press.ma\/fr\/algerie-rapporteuse-speciale-consternee-par-la-poursuite-de-la-criminalisation-des-defenseurs-des-droits-humains-apres-sa-visite\/","title":{"rendered":"Alg\u00e9rie : Rapporteuse sp\u00e9ciale constern\u00e9e par la poursuite de la criminalisation des d\u00e9fenseurs des droits humains apr\u00e8s sa visite"},"content":{"rendered":"<p><img data-recalc-dims=\"1\" loading=\"lazy\" decoding=\"async\" class=\"size-medium wp-image-6617 alignright\" src=\"https:\/\/i0.wp.com\/amadalamazigh.press.ma\/fr\/wp-content\/uploads\/2025\/02\/Alg.jpg?resize=450%2C204&#038;ssl=1\" alt=\"\" width=\"450\" height=\"204\" srcset=\"https:\/\/i0.wp.com\/amadalamazigh.press.ma\/fr\/wp-content\/uploads\/2025\/02\/Alg.jpg?resize=450%2C204&amp;ssl=1 450w, https:\/\/i0.wp.com\/amadalamazigh.press.ma\/fr\/wp-content\/uploads\/2025\/02\/Alg.jpg?resize=1024%2C464&amp;ssl=1 1024w, https:\/\/i0.wp.com\/amadalamazigh.press.ma\/fr\/wp-content\/uploads\/2025\/02\/Alg.jpg?w=1170&amp;ssl=1 1170w\" sizes=\"auto, (max-width: 450px) 100vw, 450px\" \/>L\u2019Alg\u00e9rie continue \u00e0 restreindre et harceler les d\u00e9fenseurs des droits humains pour leurs activit\u00e9s pacifiques, une experte ind\u00e9pendante* de l\u2019ONU a d\u00e9clar\u00e9 aujourd\u2019hui.<\/p>\n<p>\u00ab Plus d\u2019un an apr\u00e8s ma visite en Alg\u00e9rie \u00e0 la fin de 2023, je suis profond\u00e9ment d\u00e9\u00e7ue de constater que des d\u00e9fenseurs des droits humains qui travaillent dans des domaines d\u2019activit\u00e9 diff\u00e9rents, y compris certains que j\u2019ai rencontr\u00e9s, continuent d\u2019\u00eatre arr\u00eat\u00e9s arbitrairement, harcel\u00e9s par la justice, intimid\u00e9s et criminalis\u00e9s en raison de leurs activit\u00e9s pacifiques en vertu de dispositions p\u00e9nales formul\u00e9es en termes vagues, telles que \u00ab porter atteinte \u00e0 la s\u00e9curit\u00e9 nationale \u00bb \u00bb, a d\u00e9clar\u00e9 Mary Lawlor, Rapporteuse sp\u00e9ciale sur la situation des d\u00e9fenseurs des droits de l\u2019homme.<\/p>\n<p>\u00ab Le cas de M. Merzoug Touati, journaliste ind\u00e9pendant et d\u00e9fenseur des droits humains, qui a fait l\u2019objet de proc\u00e8s sur la base d\u2019accusations fallacieuses pendant plusieurs ann\u00e9es, est l\u2019un des cas les plus alarmants que j\u2019ai r\u00e9cemment examin\u00e9s \u00bb, a soulign\u00e9 Lawlor.<\/p>\n<p>\u00ab Depuis 2024, il a \u00e9t\u00e9 d\u00e9tenu \u00e0 trois reprises. Il a \u00e9t\u00e9 rapport\u00e9 que, lors de sa derni\u00e8re arrestation en ao\u00fbt 2024, sa famille aurait \u00e9t\u00e9 victime de mauvais traitement. Il aurait ensuite subi des tortures physiques et psychologiques durant sa garde \u00e0 vue pendant cinq jours. Il continue d\u2019\u00eatre harcel\u00e9 par la justice, m\u00eame apr\u00e8s sa lib\u00e9ration \u00bb, a d\u00e9clar\u00e9 l\u2019experte.<\/p>\n<p>\u00ab L\u2019arrestation de trois avocats de d\u00e9fense des droits humains et d\u2019un jeune lanceur d\u2019alerte entre f\u00e9vrier et juillet 2024 est tout autant pr\u00e9occupante \u00bb, a d\u00e9clar\u00e9 Lawlor, en soulignant les cas de M. Toufik Belala, M. Soufiane Ouali et M. Omar Boussag.<\/p>\n<p>M. Belala a \u00e9t\u00e9 convoqu\u00e9 pour un interrogatoire \u00e0 trois reprises depuis avril 2024. Il a finalement \u00e9t\u00e9 accus\u00e9 d\u2019avoir publi\u00e9 de fausses informations susceptibles de porter atteinte \u00e0 la s\u00e9curit\u00e9 nationale, avant d\u2019\u00eatre lib\u00e9r\u00e9 sous contr\u00f4le judiciaire.<\/p>\n<p>L\u2019avocat d\u00e9fenseur des droits humains M. Soufiane Ouali a \u00e9t\u00e9 enlev\u00e9 de son domicile lors d\u2019une violente descente de police au lever du soleil en juillet 2024, et plac\u00e9 en d\u00e9tention avec 14 autres personnes, y compris le jeune lanceur d\u2019alerte M. Yuba Manguellet. Ils ont \u00e9t\u00e9 accus\u00e9s en vertu de l\u2019article 87 bis du Code p\u00e9nal, une disposition visant \u00e0 lutter contre le terrorisme, qui est r\u00e9dig\u00e9e en terme vagues et est souvent employ\u00e9e avec mauvais escient pour r\u00e9primer la libert\u00e9 d\u2019expression, d\u2019association et de r\u00e9union pacifique.<\/p>\n<p>D\u2019autres articles restrictifs du Code p\u00e9nal ont \u00e9t\u00e9 utilis\u00e9s pour accuser l\u2019avocat des droits humains M. Omar Boussag d\u2019 \u00ab incitation \u00e0 un attroupement non arm\u00e9 \u00bb et d\u2019 \u00ab outrage \u00e0 corps constitu\u00e9 \u00bb \u00e0 la suite d\u2019une publication d\u2019un message sur Facebook.<\/p>\n<p>\u00ab Ces cas ne sont pas les seuls \u00bb, a d\u00e9clar\u00e9 Lawlor. \u00ab Le d\u00e9fenseur de l\u2019environnement M. Karim Khima est poursuivi en justice depuis plusieurs ann\u00e9es pour avoir organis\u00e9 des manifestations contre un projet de construction de logements sur un site comportant des vestiges historiques, et pour exiger la protection de l\u2019\u00e9cosyst\u00e8me autour du lac Mezaia, menac\u00e9 par un projet de construction de parc d\u2019attractions. Heureusement, il a finalement \u00e9t\u00e9 acquitt\u00e9. \u00bb<\/p>\n<p>Lawlor a \u00e9galement attir\u00e9 l\u2019attention sur le cas du Collectif des Familles de Disparu(e)s, une organisation cr\u00e9\u00e9e pendant la guerre civile alg\u00e9rienne des ann\u00e9es 1990 pour faire la lumi\u00e8re sur les disparitions forc\u00e9es. Cette ann\u00e9e, le Collectif a \u00e9t\u00e9 emp\u00each\u00e9, \u00e0 plusieurs reprises d\u2019organiser des \u00e9v\u00e9nements en raison d\u2019\u00e9normes contingents de forces de police entourant le bureau de l\u2019association \u00e0 Alger. Il a \u00e9t\u00e9 rapport\u00e9 que les membres de l\u2019association, dont beaucoup sont des m\u00e8res de personnes disparues, ainsi que leur avocate, auraient \u00e9t\u00e9 malmen\u00e9s et somm\u00e9s de quitter les lieux \u00e0 ces occasions.<\/p>\n<p>\u00ab Je tiens \u00e0 r\u00e9p\u00e9ter que j\u2019ai rencontr\u00e9 presque tous ces d\u00e9fenseurs des droits de l\u2019homme \u00bb, a d\u00e9clar\u00e9 la Rapporteuse sp\u00e9ciale. \u00ab Aucun d\u2019entre eux ne s\u2019engageait de quelque mani\u00e8re que ce soit des actes de violence. Ils doivent tous \u00eatre trait\u00e9s conform\u00e9ment au droit international des droits de l\u2019homme, que l\u2019Alg\u00e9rie est tenue de respecter. \u00bb<\/p>\n<p>Elle a indiqu\u00e9 qu\u2019au cours de sa visite en Alg\u00e9rie, elle a \u00e9galement rencontr\u00e9 beaucoup de fonctionnaires publics dans une atmosph\u00e8re d\u2019\u00e9changes constructifs. \u00ab Je suis donc doublement d\u00e9\u00e7ue de constater que les restrictions \u00e0 l\u2019encontre des d\u00e9fenseurs des droits de l\u2019homme se poursuivent \u00bb, a d\u00e9clar\u00e9 Lawlor.<\/p>\n<p>La Rapporteuse Sp\u00e9ciale est en contact avec le Gouvernement de l\u2019Alg\u00e9rie sur ce cas.<\/p>\n<p style=\"text-align: right;\"><strong>Source: ohchr.org<\/strong><\/p>\n","protected":false},"excerpt":{"rendered":"<p>L\u2019Alg\u00e9rie continue \u00e0 restreindre et harceler les d\u00e9fenseurs des droits humains pour leurs activit\u00e9s pacifiques, une experte ind\u00e9pendante* de l\u2019ONU a d\u00e9clar\u00e9 aujourd\u2019hui. \u00ab Plus d\u2019un an apr\u00e8s ma visite en Alg\u00e9rie \u00e0 la fin de 2023, je suis profond\u00e9ment d\u00e9\u00e7ue de constater que des d\u00e9fenseurs des droits humains qui travaillent dans des domaines d\u2019activit\u00e9 &hellip;<\/p>\n","protected":false},"author":2,"featured_media":6617,"comment_status":"open","ping_status":"closed","sticky":false,"template":"","format":"standard","meta":{"jetpack_post_was_ever_published":false,"_jetpack_newsletter_access":"","_jetpack_dont_email_post_to_subs":false,"_jetpack_newsletter_tier_id":0,"_jetpack_memberships_contains_paywalled_content":false,"_jetpack_memberships_contains_paid_content":false,"footnotes":"","jetpack_publicize_message":"","jetpack_publicize_feature_enabled":true,"jetpack_social_post_already_shared":true,"jetpack_social_options":{"image_generator_settings":{"template":"highway","default_image_id":0,"font":"","enabled":false},"version":2}},"categories":[8],"tags":[],"class_list":["post-6616","post","type-post","status-publish","format-standard","has-post-thumbnail","","category-algerie"],"jetpack_publicize_connections":[],"jetpack_featured_media_url":"https:\/\/i0.wp.com\/amadalamazigh.press.ma\/fr\/wp-content\/uploads\/2025\/02\/Alg.jpg?fit=1170%2C530&ssl=1","jetpack_shortlink":"https:\/\/wp.me\/p9uxE2-1II","jetpack_sharing_enabled":true,"_links":{"self":[{"href":"https:\/\/amadalamazigh.press.ma\/fr\/wp-json\/wp\/v2\/posts\/6616","targetHints":{"allow":["GET"]}}],"collection":[{"href":"https:\/\/amadalamazigh.press.ma\/fr\/wp-json\/wp\/v2\/posts"}],"about":[{"href":"https:\/\/amadalamazigh.press.ma\/fr\/wp-json\/wp\/v2\/types\/post"}],"author":[{"embeddable":true,"href":"https:\/\/amadalamazigh.press.ma\/fr\/wp-json\/wp\/v2\/users\/2"}],"replies":[{"embeddable":true,"href":"https:\/\/amadalamazigh.press.ma\/fr\/wp-json\/wp\/v2\/comments?post=6616"}],"version-history":[{"count":2,"href":"https:\/\/amadalamazigh.press.ma\/fr\/wp-json\/wp\/v2\/posts\/6616\/revisions"}],"predecessor-version":[{"id":6619,"href":"https:\/\/amadalamazigh.press.ma\/fr\/wp-json\/wp\/v2\/posts\/6616\/revisions\/6619"}],"wp:featuredmedia":[{"embeddable":true,"href":"https:\/\/amadalamazigh.press.ma\/fr\/wp-json\/wp\/v2\/media\/6617"}],"wp:attachment":[{"href":"https:\/\/amadalamazigh.press.ma\/fr\/wp-json\/wp\/v2\/media?parent=6616"}],"wp:term":[{"taxonomy":"category","embeddable":true,"href":"https:\/\/amadalamazigh.press.ma\/fr\/wp-json\/wp\/v2\/categories?post=6616"},{"taxonomy":"post_tag","embeddable":true,"href":"https:\/\/amadalamazigh.press.ma\/fr\/wp-json\/wp\/v2\/tags?post=6616"}],"curies":[{"name":"wp","href":"https:\/\/api.w.org\/{rel}","templated":true}]}}