{"id":6652,"date":"2025-02-12T19:11:09","date_gmt":"2025-02-12T18:11:09","guid":{"rendered":"https:\/\/amadalamazigh.press.ma\/fr\/?p=6652"},"modified":"2025-02-12T19:11:09","modified_gmt":"2025-02-12T18:11:09","slug":"lircam-celebre-le-22e-anniversaire-de-la-reconnaissance-officielle-du-tifinagh","status":"publish","type":"post","link":"https:\/\/amadalamazigh.press.ma\/fr\/lircam-celebre-le-22e-anniversaire-de-la-reconnaissance-officielle-du-tifinagh\/","title":{"rendered":"L\u2019IRCAM c\u00e9l\u00e8bre le 22e anniversaire de la reconnaissance officielle du Tifinagh"},"content":{"rendered":"<p><img data-recalc-dims=\"1\" loading=\"lazy\" decoding=\"async\" class=\"size-medium wp-image-6653 alignright\" src=\"https:\/\/i0.wp.com\/amadalamazigh.press.ma\/fr\/wp-content\/uploads\/2025\/02\/ircam3.jpg?resize=375%2C250&#038;ssl=1\" alt=\"\" width=\"375\" height=\"250\" srcset=\"https:\/\/i0.wp.com\/amadalamazigh.press.ma\/fr\/wp-content\/uploads\/2025\/02\/ircam3.jpg?resize=375%2C250&amp;ssl=1 375w, https:\/\/i0.wp.com\/amadalamazigh.press.ma\/fr\/wp-content\/uploads\/2025\/02\/ircam3.jpg?resize=1024%2C682&amp;ssl=1 1024w, https:\/\/i0.wp.com\/amadalamazigh.press.ma\/fr\/wp-content\/uploads\/2025\/02\/ircam3.jpg?w=1280&amp;ssl=1 1280w\" sizes=\"auto, (max-width: 375px) 100vw, 375px\" \/>L\u2019Institut Royal de la Culture Amazighe (IRCAM) a organis\u00e9, lundi \u00e0 Rabat, une conf\u00e9rence \u00e0 l\u2019occasion de la c\u00e9l\u00e9bration du 22\u00e8me anniversaire de la reconnaissance officielle de la graphie \u201cTifinagh\u201d, sous le th\u00e8me \u201cTifinagh: de l\u2019authenticit\u00e9 de l\u2019histoire aux horizons de la modernit\u00e9\u201d.<\/p>\n<p>Cette rencontre scientifique, rehauss\u00e9e par la pr\u00e9sence d\u2019un parterre de chercheurs et de sp\u00e9cialistes en mati\u00e8re de promotion de la langue et la culture amazighes, a \u00e9t\u00e9 l\u2019occasion d\u2019exposer les acquis r\u00e9alis\u00e9s dans divers domaines, dont la langue, l\u2019\u00e9ducation, la cr\u00e9ation et la technologie, en plus des nouvelles perspectives envisag\u00e9es pour la graphie Tifinagh, \u00e0 la lumi\u00e8re des dispositions constitutionnelles.<\/p>\n<p>A cette occasion, le secr\u00e9taire g\u00e9n\u00e9ral de l\u2019IRCAM, El Houssine El Moujahid a indiqu\u00e9 que le th\u00e8me de cette conf\u00e9rence vise \u00e0 rappeler l\u2019histoire de l\u2019\u00e9criture amazighe et \u00e0 mettre en lumi\u00e8re l\u2019authenticit\u00e9 de la culture amazighe, \u00e0 travers sa langue et ses \u00e9l\u00e9ments mat\u00e9riels et immat\u00e9riels. L\u2019organisation de s\u00e9minaires et de conf\u00e9rences scientifiques sur l\u2019\u00e9criture et la transcription de la langue amazighe ainsi que ses expressions litt\u00e9raires en utilisant son alphabet originel \u201ct\u00e9moigne d\u2019un choix juste et d\u2019une orientation rigoureuse pour la cons\u00e9cration d\u2019une norme de la langue amazighe, ainsi que le d\u00e9veloppement de ses capacit\u00e9s d\u2019expression et de communication, en tant que langue officielle aux c\u00f4t\u00e9s de la langue arabe, en vertu de la Constitution du Royaume\u201d.<\/p>\n<p>Dans ce sens, il a not\u00e9 l\u2019importance de valoriser et de c\u00e9l\u00e9brer les grandes r\u00e9alisations accomplies dans ce domaine, notamment depuis la cr\u00e9ation de l\u2019Institut, dont l\u2019une de ses missions scientifiques principales est la normalisation de la langue amazighe, ainsi que la standardisation de son alphabet et de son lexique. Pour sa part, le chercheur Mohamed Zoua\u00efn a mis en avant l\u2019application \u201cBoustane Al Amazighia\u201d qui a re\u00e7u le Prix national de l\u2019IRCAM dans la cat\u00e9gorie applications et ressources num\u00e9riques, ajoutant qu\u2019elle intervient dans le cadre des efforts d\u00e9ploy\u00e9s pour renforcer l\u2019\u00e9ducation num\u00e9rique de la langue amazighe, ce qui refl\u00e8te le d\u00e9veloppement qualitatif en mati\u00e8re d\u2019enseignement num\u00e9rique des langues nationales.<\/p>\n<p>L\u2019application vise \u00e0 enseigner aux enfants l\u2019alphabet tifinagh \u00e0 travers une plateforme r\u00e9active facile \u00e0 utiliser et un contenu \u00e9ducatif int\u00e9gr\u00e9, en vue de d\u00e9velopper les capacit\u00e9s d\u2019expression en langue amazighe, a-t-il fait savoir, pr\u00e9cisant qu\u2019elle repose sur les derni\u00e8res technologies p\u00e9dagogiques pour assurer aux apprenants une exp\u00e9rience \u00e9ducative efficace et divertissante.<\/p>\n<p>De son c\u00f4t\u00e9, le professeur \u00e0 l\u2019Universit\u00e9 Ibn Zohr, Aiyad Alahyan a mis en avant l\u2019importance du d\u00e9veloppement du contenu num\u00e9rique en langue amazighe, ajoutant que la prochaine \u00e9tape requiert le doublement des efforts pour fournir des ressources p\u00e9dagogiques num\u00e9riques en phase avec les exigences actuelles.<\/p>\n<p>Il a \u00e9galement soulign\u00e9 la n\u00e9cessit\u00e9 de prendre parti des technologies modernes, notamment l\u2019intelligence artificielle, dans le d\u00e9veloppement d\u2019applications et de plateformes \u00e9ducatives \u00e0 m\u00eame de renforcer la place de la langue amazighe dans le syst\u00e8me \u00e9ducatif et culturel du Royaume.<\/p>\n<p>Pour Badr Bouhdan, enseignant de la langue amazighe \u00e0 la Direction de l\u2019\u00e9ducation nationale \u00e0 Guercif, l\u2019alphabet Tifinagh rev\u00eat une importance historique dans la pr\u00e9servation de l\u2019identit\u00e9 et de la culture amazighes.<\/p>\n<p>Il a \u00e9galement soulign\u00e9 la n\u00e9cessit\u00e9 pour le tifinagh d\u2019accompagner le d\u00e9veloppement technologique, en particulier \u00e0 l\u2019\u00e8re de l\u2019intelligence artificielle, citant \u00e0 cet \u00e9gard, l\u2019exp\u00e9rience r\u00e9ussie de la Direction de Guercif en mati\u00e8re d\u2019usage des ressources num\u00e9riques pour l\u2019enseignement des \u00e9l\u00e8ves durant la pand\u00e9mie du Covid-19, ce qui prouve l\u2019adaptabilit\u00e9 du tifinagh avec les exigences actuelles.<\/p>\n<p>Le 10 F\u00e9vrier 2003, Sa Majest\u00e9 le Roi Mohammed VI a promulgu\u00e9 le Tifinagh comme alphabet officiel de la langue amazighe au Maroc.<\/p>\n<p style=\"text-align: right;\">Source: MAP<\/p>\n","protected":false},"excerpt":{"rendered":"<p>L\u2019Institut Royal de la Culture Amazighe (IRCAM) a organis\u00e9, lundi \u00e0 Rabat, une conf\u00e9rence \u00e0 l\u2019occasion de la c\u00e9l\u00e9bration du 22\u00e8me anniversaire de la reconnaissance officielle de la graphie \u201cTifinagh\u201d, sous le th\u00e8me \u201cTifinagh: de l\u2019authenticit\u00e9 de l\u2019histoire aux horizons de la modernit\u00e9\u201d. Cette rencontre scientifique, rehauss\u00e9e par la pr\u00e9sence d\u2019un parterre de chercheurs et &hellip;<\/p>\n","protected":false},"author":2,"featured_media":6653,"comment_status":"open","ping_status":"closed","sticky":false,"template":"","format":"standard","meta":{"jetpack_post_was_ever_published":false,"_jetpack_newsletter_access":"","_jetpack_dont_email_post_to_subs":false,"_jetpack_newsletter_tier_id":0,"_jetpack_memberships_contains_paywalled_content":false,"_jetpack_memberships_contains_paid_content":false,"footnotes":"","jetpack_publicize_message":"","jetpack_publicize_feature_enabled":true,"jetpack_social_post_already_shared":true,"jetpack_social_options":{"image_generator_settings":{"template":"highway","default_image_id":0,"font":"","enabled":false},"version":2}},"categories":[10],"tags":[],"class_list":["post-6652","post","type-post","status-publish","format-standard","has-post-thumbnail","","category-maroc"],"jetpack_publicize_connections":[],"jetpack_featured_media_url":"https:\/\/i0.wp.com\/amadalamazigh.press.ma\/fr\/wp-content\/uploads\/2025\/02\/ircam3.jpg?fit=1280%2C853&ssl=1","jetpack_shortlink":"https:\/\/wp.me\/p9uxE2-1Ji","jetpack_sharing_enabled":true,"_links":{"self":[{"href":"https:\/\/amadalamazigh.press.ma\/fr\/wp-json\/wp\/v2\/posts\/6652","targetHints":{"allow":["GET"]}}],"collection":[{"href":"https:\/\/amadalamazigh.press.ma\/fr\/wp-json\/wp\/v2\/posts"}],"about":[{"href":"https:\/\/amadalamazigh.press.ma\/fr\/wp-json\/wp\/v2\/types\/post"}],"author":[{"embeddable":true,"href":"https:\/\/amadalamazigh.press.ma\/fr\/wp-json\/wp\/v2\/users\/2"}],"replies":[{"embeddable":true,"href":"https:\/\/amadalamazigh.press.ma\/fr\/wp-json\/wp\/v2\/comments?post=6652"}],"version-history":[{"count":1,"href":"https:\/\/amadalamazigh.press.ma\/fr\/wp-json\/wp\/v2\/posts\/6652\/revisions"}],"predecessor-version":[{"id":6654,"href":"https:\/\/amadalamazigh.press.ma\/fr\/wp-json\/wp\/v2\/posts\/6652\/revisions\/6654"}],"wp:featuredmedia":[{"embeddable":true,"href":"https:\/\/amadalamazigh.press.ma\/fr\/wp-json\/wp\/v2\/media\/6653"}],"wp:attachment":[{"href":"https:\/\/amadalamazigh.press.ma\/fr\/wp-json\/wp\/v2\/media?parent=6652"}],"wp:term":[{"taxonomy":"category","embeddable":true,"href":"https:\/\/amadalamazigh.press.ma\/fr\/wp-json\/wp\/v2\/categories?post=6652"},{"taxonomy":"post_tag","embeddable":true,"href":"https:\/\/amadalamazigh.press.ma\/fr\/wp-json\/wp\/v2\/tags?post=6652"}],"curies":[{"name":"wp","href":"https:\/\/api.w.org\/{rel}","templated":true}]}}