{"id":6680,"date":"2025-02-17T13:00:25","date_gmt":"2025-02-17T12:00:25","guid":{"rendered":"https:\/\/amadalamazigh.press.ma\/fr\/?p=6680"},"modified":"2025-02-17T13:05:06","modified_gmt":"2025-02-17T12:05:06","slug":"quelles-sont-les-priorites-du-mouvement-amazigh-pour-2025-2030","status":"publish","type":"post","link":"https:\/\/amadalamazigh.press.ma\/fr\/quelles-sont-les-priorites-du-mouvement-amazigh-pour-2025-2030\/","title":{"rendered":"Quelles sont les priorit\u00e9s du Mouvement Amazigh pour 2025-2030?*"},"content":{"rendered":"<p style=\"font-weight: 400; text-align: justify;\"><img data-recalc-dims=\"1\" loading=\"lazy\" decoding=\"async\" class=\" wp-image-6681 alignright\" src=\"https:\/\/i0.wp.com\/amadalamazigh.press.ma\/fr\/wp-content\/uploads\/2025\/02\/raha.jpg?resize=251%2C395&#038;ssl=1\" alt=\"\" width=\"251\" height=\"395\" \/>Le Mouvement Amazigh a parcouru un long chemin de luttes, d\u2019exp\u00e9riences et de pratiques sur plus de six d\u00e9cennies, ce qui n\u00e9cessite un moment de r\u00e9flexion pour revoir ses priorit\u00e9s et \u00e9valuer ses r\u00e9alisations. Le parcours de lutte dans lequel s\u2019est engag\u00e9 le mouvement a \u00e9t\u00e9 ardu et difficile, et il n\u2019a jamais \u00e9t\u00e9 facile. Il a d\u00fb affronter un tourbillon de critiques, de doutes et de r\u00e9sistances, mais gr\u00e2ce \u00e0 la d\u00e9termination et \u00e0 l\u2019abn\u00e9gation de ses militants, il a r\u00e9ussi \u00e0 obtenir la r\u00e9alisation de pas mal de ces revendications et la reconnaissance de certains importants droits. Cependant, il a \u00e9galement accumul\u00e9 des d\u00e9ceptions et des \u00e9checs, non seulement en raison de facteurs objectifs, mais aussi \u00e0 cause de facteurs subjectifs, ce qui doit \u00eatre reconnu afin de corriger ses lacunes et redresser la situation.<\/p>\n<p style=\"font-weight: 400; text-align: left;\"><span style=\"color: #000080;\"><strong>Autocritique et m\u00e9thodologie de travail absentes<\/strong><\/span><\/p>\n<p style=\"font-weight: 400; text-align: justify;\">L\u2019un des reproches majeurs adress\u00e9s au Mouvement Amazigh tout au long de ce long parcours est l\u2019absence d\u2019un plan clair et d\u2019une m\u00e9thodologie de travail fond\u00e9e sur la pr\u00e9vision, l\u2019anticipation et la planification \u00e0 long terme. Souvent, il s\u2019est limit\u00e9 \u00e0 r\u00e9agir de mani\u00e8re d\u00e9fensive et impulsive, r\u00e9agissant de fa\u00e7on imm\u00e9diate et parfois exacerb\u00e9e, notamment lorsqu\u2019il \u00e9tait confront\u00e9 \u00e0 des critiques, des actes racistes ou \u00e0 des provocations.<\/p>\n<p style=\"font-weight: 400; text-align: justify;\">Aujourd\u2019hui, alors que nous c\u00e9l\u00e9brons le soixante-deuxi\u00e8me anniversaire de la disparition de Mohamed Ben Abdelkrim El Khattabi, qui nous a quitt\u00e9s le 6 f\u00e9vrier 1963 au Caire, il est grand temps d\u2019\u00e9laborer un plan d\u2019action clair pour les cinq prochaines ann\u00e9es (2025-2030). Il est imp\u00e9ratif de d\u00e9finir les priorit\u00e9s, de s\u2019\u00e9loigner de l\u2019improvisation dans le traitement des questions soulev\u00e9es, d\u2019\u00e9viter de se concentrer sur des dossiers secondaires ou des conflits marginaux qui entravent le progr\u00e8s, et de se concentrer sur ce qui est fondamental pour la cause amazighe.<\/p>\n<p style=\"font-weight: 400; text-align: justify;\">Il est regrettable que l\u2019absence de planification strat\u00e9gique ait entra\u00een\u00e9 un affaiblissement de la voix du Mouvement Amazigh, le cantonnant \u00e0 une d\u00e9fense occasionnelle de la langue amazighe, malgr\u00e9 les d\u00e9fis continus auxquels il est confront\u00e9. Ce recul peut en partie \u00eatre attribu\u00e9 au fait que certains militants au sein du mouvement ont consid\u00e9r\u00e9 que le but ultime \u00e9tait la reconnaissance constitutionnelle de l\u2019amazighe, qui s\u2019est concr\u00e9tis\u00e9 au Maroc en 2011 (et en Alg\u00e9rie 2016), et par cons\u00e9quent, cela marquait la fin de la mobilisation, comme si la cause amazighe \u00e9tait d\u00e9finitivement r\u00e9gl\u00e9e et qu\u2019il n\u2019y avait plus rien \u00e0 revendiquer !<\/p>\n<p style=\"font-weight: 400; text-align: justify;\">Cependant, la r\u00e9alit\u00e9 prouve que la v\u00e9ritable bataille et la cause essentielle pour laquelle nous luttons ne sont pas seulement celles de la reconnaissance de nos droits culturels et linguistiques, mais plut\u00f4t vont au-del\u00e0 et englobe la construction de \u00ab\u00a0la d\u00e9mocratie\u00a0\u00bb dans son sens large et global. Cela inclut le renforcement de l\u2019identit\u00e9 amazighe, la promotion de la langue, de la culture et des valeurs amazighes, la garantie de l\u2019\u00e9galit\u00e9 des droits et des libert\u00e9s, la participation politique effective et la distribution \u00e9quitable des richesses.<\/p>\n<p style=\"font-weight: 400; text-align: justify;\">Il convient de rappeler que les Amazighs ont \u00e9t\u00e9 les pr\u00e9curseurs de l\u2019invention de la d\u00e9mocratie avant m\u00eame qu\u2019elle ne naisse \u00e0 Ath\u00e8nes en Gr\u00e8ce au Ve si\u00e8cle avant J.-C., ce qui nous oblige \u00e0 poursuivre la lutte pour ancrer cette d\u00e9mocratie dans notre r\u00e9alit\u00e9 actuelle, en commen\u00e7ant par la g\u00e9n\u00e9ralisation de l\u2019enseignement de la langue amazighe dans le syst\u00e8me \u00e9ducatif et son int\u00e9gration dans la vie publique, conform\u00e9ment aux dispositions constitutionnelles, qui d\u00e9sormais pr\u00e9voient sa co-officialit\u00e9 \u00e0 c\u00f4t\u00e9 de la langue arabe.<\/p>\n<p style=\"font-weight: 400; text-align: justify;\"><span style=\"color: #000080;\"><strong>Exploiter les grands \u00e9v\u00e9nements pour renforcer la cause amazighe<\/strong><\/span><\/p>\n<p style=\"font-weight: 400; text-align: justify;\">Le Maroc s\u2019appr\u00eate \u00e0 organiser deux grands \u00e9v\u00e9nements sportifs : la Coupe d\u2019Afrique des Nations 2025 et la Coupe du Monde 2030, qui se d\u00e9rouleront en partenariat avec l\u2019Espagne et le Portugal. Ces deux occasions repr\u00e9sentent une formidable opportunit\u00e9 pour le Mouvement Amazigh de remettre en lumi\u00e8re ses questions et d\u2019assurer la mise en \u0153uvre du caract\u00e8re officiel de l\u2019amazighe.<\/p>\n<p style=\"font-weight: 400; text-align: justify;\">Le Maroc sera sous les projecteurs du monde entier dans les ann\u00e9es \u00e0 venir, et les militants du Mouvement Amazigh doivent concentrer leurs efforts sur la d\u00e9fense de leur identit\u00e9 amazighe. Il est \u00e0 d\u00e9plorer que lors du tirage au sort de la Coupe d\u2019Afrique des Nations, la d\u00e9claration de Fouzi Lekjaa, pr\u00e9sident de la F\u00e9d\u00e9ration Royale Marocaine de Football, ait abord\u00e9 la question de l\u2019africanit\u00e9 et de l\u2019identit\u00e9 africaine en mettant en avant l\u2019Afrique comme le berceau de l\u2019humanit\u00e9, mais sans mentionner que le Maroc est \u00e9galement le berceau de l\u2019humanit\u00e9, comme en t\u00e9moignent les d\u00e9couvertes arch\u00e9ologiques, notamment celles de \u00ab\u00a0l\u2019Homme d\u2019Adrar Ighud\u00a0\u00bb. M. Lakjaa n\u2019a fait aucune mention \u00e0 l\u2019identit\u00e9 amazighe, vieille de plusieurs mill\u00e9naires. De m\u00eame, le logo de la Coupe du Monde 2030 continue \u00e0 ignorer l\u2019identit\u00e9 amazighe, se limitant aux lettres arabes et espagnoles.\u00a0\u00c0 cette occasion, il est important de rappeler que nous avons demand\u00e9 \u00e0 Fouzi Lekjaa, par le biais d\u2019une lettre sign\u00e9e par plus de vingt organisations amazighes envoy\u00e9e le 23 d\u00e9cembre 2022, d\u2019inclure le tifinagh dans le logo de la Coupe du Monde 2030, puis nous lui avons envoy\u00e9 un rappel le 13 juillet 2023 [1], sans r\u00e9sultats. Nous r\u00e9clamons ce droit constitutionnel et il est de notre droit de faire cela, car les Amazighs sont des citoyens qui paient des imp\u00f4ts, et l\u2019\u00c9tat a l\u2019obligation de r\u00e9pondre \u00e0 leurs demandes. Sa Majest\u00e9 le Roi n\u2019a cess\u00e9 de souligner que l\u2019amazighe est une affaire de tous les Marocains, sans exception, et gr\u00e2ce \u00e0 lui, l\u2019amazighe a \u00e9t\u00e9 consacr\u00e9 comme langue officielle dans la Constitution. Il est donc imp\u00e9ratif que l\u2019amazighe prenne une place de choix et que la loi organique 16-26 relative \u00e0 la mise en \u0153uvre du caract\u00e8re officiel de l\u2019amazighe soit pleinement appliqu\u00e9e.<\/p>\n<p style=\"font-weight: 400; text-align: justify;\">Si le Maroc tirera des b\u00e9n\u00e9fices de l\u2019organisation de la Coupe d\u2019Afrique et de la Coupe du Monde en termes de le d\u00e9veloppement \u00e9conomique, le renforcement du tourisme, l\u2019am\u00e9lioration des infrastructures, il existe aussi ce qu\u2019on pourrait qualifier de \u00ab perte \u00bb, en raison du m\u00e9pris et de la marginalisation de l\u2019identit\u00e9 amazighe, ce qui risque de maintenir cette identit\u00e9 originelle des Marocains dans l\u2019ombre. Imaginez le jour o\u00f9 les journalistes marocains et internationaux couvriront ces dites comp\u00e9titions, ils parleront de nos \u00e9quipes nordafricaines comme \u00e9tant des \u00e9quipes \u00ab\u00a0arabes\u00a0\u00bb qui participeront \u00e0 la Coupe d\u2019Afrique sans mentionner qu\u2019elles sont avant tout amazighes. Cela constituerait une vraie menace pour l\u2019identit\u00e9 amazighe.<\/p>\n<p style=\"font-weight: 400; text-align: justify;\"><span style=\"color: #000080;\"><strong>Priorit\u00e9s pour la p\u00e9riode \u00e0 venir de 2025 \u00e0 2030<\/strong><\/span><\/p>\n<p style=\"font-weight: 400; text-align: justify;\">Les militants du Mouvement Amazigh r\u00e9affirment toujours l\u2019importance du \u00ab trin\u00f4me amazigh \u00bb :\u00a0\u2d30\u2d61\u2d30\u2d4d\u00a0\u2013 Awal ( la langue),\u00a0\u2d30\u2d3d\u2d30\u2d4d\u00a0\u2013 Akal (la terre), et\u00a0\u2d30\u2d3c\u2d33\u2d30\u2d4f\u00a0\u2013 Afgan (l\u2019Homme).<\/p>\n<p style=\"font-weight: 400; text-align: justify;\">Nous devons \u00e9riger comme priorit\u00e9s pour le Mouvement Amazigh dans ce plan quinquennal 2025-2030, que je propose, de d\u00e9fendre ce nouveau trin\u00f4me\u00a0: Tutlayt\u00a0\u2d5c\u2d53\u2d5c\u2d4d\u2d30\u2d62\u2d5c\u00a0(la langue), Amazruy\u00a0\u2d30\u2d4e\u2d63\u2d54\u2d53\u2d62\u00a0(l\u2019Histoire), et Tamaguit\u00a0\u2d5c\u2d30\u2d4e\u2d30\u2d33\u2d49\u2d5c\u00a0(l\u2019identit\u00e9).<\/p>\n<p style=\"font-weight: 400; text-align: justify;\"><strong>1<\/strong><strong>&#8211;<\/strong><strong>\u00a0<\/strong><strong>G\u00e9n\u00e9ralisation de l\u2019enseignement de la langue amazigh\u00a0:<\/strong><\/p>\n<p style=\"font-weight: 400; text-align: justify;\">La langue est une question fondamentale et essentielle qui n\u00e9cessite la concentration des efforts de tous les militants du Mouvement Amazigh pour plaider en faveur de sa g\u00e9n\u00e9ralisation dans la vie publique, notamment dans l\u2019\u00e9ducation. Ils doivent le faire sans d\u00e9lai et ne pas attendre chaque ann\u00e9e la rentr\u00e9e scolaire au mois de septembre pour revendiquer et rappeler leurs droits. \u00c0 cet \u00e9gard, je tiens \u00e0 souligner qu\u2019une conf\u00e9rence nationale a \u00e9t\u00e9 organis\u00e9e par notre organisation Assembl\u00e9e Mondiale Amazighe au d\u00e9but de juin 2023 concernant ce sujet fondamental sur la g\u00e9n\u00e9ralisation de l\u2019enseignement de la langue amazighe [2]. Il est imp\u00e9ratif que les militants du Mouvement Amazigh exercent plus de pression sur le minist\u00e8re de l\u2019\u00c9ducation nationale pour acc\u00e9l\u00e9rer le recrutement et la formation des professeurs dans ce domaine, et contraindre le gouvernement \u00e0 respecter ses engagements. Il est incompr\u00e9hensible qu\u2019apr\u00e8s plus de deux d\u00e9cennies depuis le lancement de l\u2019enseignement de l\u2019amazighe dans le primaire, nous n\u2019ayons m\u00eame pas atteint 10% des \u00e9l\u00e8ves apprenant la langue nationale amazighe, soit un demi-million d\u2019\u00e9l\u00e8ves. O\u00f9 en sommes-nous pour atteindre l\u2019objectif de huit millions d\u2019\u00e9l\u00e8ves dans les trois cycles \u00e9ducatifs : primaire, secondaire et sup\u00e9rieur, et dont la grande majorit\u00e9 est priv\u00e9e de son droit constitutionnel d\u2019apprendre la langue officielle amazighe, sachant que cette langue est la langue maternelle pour de nombreux \u00e9l\u00e8ves\u00a0? Plusieurs circulaires minist\u00e9rielles sur la mise en \u0153uvre de l\u2019enseignement de l\u2019amazighe ont \u00e9t\u00e9 \u00e9mises depuis septembre 2003, mais malheureusement, elles sont rest\u00e9es tr\u00e8s limit\u00e9es.<\/p>\n<p style=\"font-weight: 400; text-align: justify;\">Les militants du Mouvement Amazigh doivent continuer \u00e0 d\u00e9fendre fermement cette question essentielle pour forcer le minist\u00e8re de l\u2019\u00c9ducation nationale et de Pr\u00e9scolaire \u00e0 recruter davantage d\u2019enseignants sp\u00e9cialis\u00e9s dans la langue amazighe pour acc\u00e9l\u00e9rer la g\u00e9n\u00e9ralisation de son enseignement au niveau de l\u2019\u00e9ducation pr\u00e9scolaire et primaire, puis dans les autres niveaux de secondaire. Les associations nationales et r\u00e9gionales des enseignants doivent \u00e9galement adresser des correspondances au minist\u00e8re \u00e0 ce sujet.<\/p>\n<p style=\"font-weight: 400; text-align: justify;\">Nous d\u00e9plorons l\u2019absence de volont\u00e9 politique des gouvernements successifs depuis 2003, date de l\u2019int\u00e9gration de l\u2019amazighe dans l\u2019\u00e9ducation, \u00e0 l\u2019exception de l\u2019ancien ministre de l\u2019\u00c9ducation Mohamed El Ouafa. Il est inacceptable que la g\u00e9n\u00e9ralisation de l\u2019enseignement de l\u2019amazighe soit continuellement retard\u00e9e.<\/p>\n<p style=\"font-weight: 400; text-align: justify;\">Il ne faut pas oublier aussi l\u2019importance des programmes et des campagnes d\u2019alphab\u00e9tisation des adultes qui limitent l\u2019enseignement \u00e0 l\u2019arabe sans inclure l\u2019amazighe, bien que cette derni\u00e8re soit une langue co-officielle du pays au m\u00eame titre que l\u2019arabe. M\u00eame les programmes destin\u00e9s aux enfants des \u00e9migr\u00e9s r\u00e9sidents \u00e0 l\u2019\u00e9tranger ne prennent pas en compte l\u2019amazighe. Les militants du mouvement amazigh doivent redoubler d\u2019efforts pour lutter cette discrimination persistante contre la langue amazighe dans ces domaines.<\/p>\n<p style=\"font-weight: 400; text-align: justify;\"><strong>2<\/strong><strong>&#8211;<\/strong><strong>\u00a0<\/strong><strong>L\u2019identit\u00e9 et la lutte pour changer le terme \u00abMaghreb arabe\u00bb par \u00abGrand Maghreb\u00bb ou \u00abTamazgha\u00bb :<\/strong><\/p>\n<p style=\"font-weight: 400; text-align: justify;\">\u00c0 cet \u00e9gard, je tiens \u00e0 rappeler le combat que nous avons men\u00e9 contre l\u2019Agence Maghreb Arabe Presse (MAP), o\u00f9 nous avons demand\u00e9 un changement de nom et avons intent\u00e9 une action en justice contre l\u2019agence [3]. Une d\u00e9cision a \u00e9t\u00e9 rendue pour demander aux parlementaires de modifier la loi r\u00e9gissant l\u2019agence, car c\u2019est le Parlement qui a adopt\u00e9 la loi et c\u2019est cette institution qui est habilit\u00e9e \u00e0 la modifier. C\u2019est ce que nous avons fait en envoyant des courriers aux parlementaires avec le texte du jugement et en les incitant \u00e0 modifier la loi r\u00e9gissant cette agence.\u00a0Les militants du Mouvement Amazigh devront interpeller les groupes parlementaires pour cette mission.<\/p>\n<p style=\"font-weight: 400; text-align: justify;\">Nous avons observ\u00e9 positivement l\u2019implication des cha\u00eenes de t\u00e9l\u00e9vision nationales dans les c\u00e9l\u00e9brations du nouvel an amazigh 2975, notamment la cha\u00eene Medi1TV qui a r\u00e9alis\u00e9 des programmes remarquables avec des intellectuels amazighs parlant de la signification et de l\u2019importance de cette journ\u00e9e. Cependant, il est d\u00e9cevant de constater que, lorsque l\u2019on allume la radio de Medi1Sat en voiture, on entend encore le terme de \u201cnacharat al-maghreb al-arabi\u201d. La d\u00e9fense de l\u2019identit\u00e9 amazighe n\u00e9cessite la mobilisation des militants pour lutter contre l\u2019h\u00e9g\u00e9monie de cette id\u00e9ologie arabiste et baathiste qui marginalise encore l\u2019amazighe. Il est inacceptable que nous continuions \u00e0 tol\u00e9rer cette marginalisation alors que nous d\u00e9fendons un droit constitutionnel. Le texte constitutionnel de 2011 a tranch\u00e9 sur cette question de d\u00e9nomination en rempla\u00e7ant le terme du \u201cMaghreb arabe\u201d par \u201cGrand Maghreb\u201d.<\/p>\n<p style=\"font-weight: 400; text-align: justify;\">Dans ce m\u00eame contexte, je pense qu\u2019il est n\u00e9cessaire de demander la fermeture du si\u00e8ge de \u00ab\u00a0l\u2019Union du Maghreb Arabe (UMA)\u00a0\u00bb \u00e0 Rabat, car des pays comme l\u2019Alg\u00e9rie ne respectent pas l\u2019un des principaux principes de cette union, \u00e0 savoir le respect de la souverainet\u00e9 et de l\u2019int\u00e9grit\u00e9 territoriale des \u00c9tats. L\u2019Alg\u00e9rie continue de semer la division et de nourrir des troubles en soutenant des mouvements s\u00e9paratistes qui menacent la stabilit\u00e9, la s\u00e9curit\u00e9 et l\u2019unit\u00e9 des \u00c9tats, ce qui constitue une violation flagrante des objectifs pour lesquels cette union a \u00e9t\u00e9 cr\u00e9\u00e9e.<\/p>\n<p style=\"font-weight: 400; text-align: justify;\">C\u2019est pourquoi je tiens \u00e0 souligner qu\u2019il nous faut, en tant que militants et militantes du Mouvement Amazigh, de travailler \u00e0 imposer un nouveau concept d\u2019unit\u00e9 maghr\u00e9bine sur des bases pragmatiques et rationnelles, comme nous le proposons \u00e0 travers \u201cLe Manifeste de Tamazgha\u201d [4], et de continuer \u00e0 unir nos efforts pour d\u00e9fendre notre identit\u00e9 amazighe dans l\u2019avenir, tout en restant attach\u00e9s \u00e0 notre identit\u00e9 et \u00e0 nos valeurs amazighes.<\/p>\n<p style=\"font-weight: 400; text-align: justify;\"><strong>3<\/strong><strong>&#8211;<\/strong><strong>\u00a0<\/strong><strong>R\u00e9vision des programmes d\u2019enseignement de l\u2019histoire<\/strong><strong>\u00a0:<\/strong><\/p>\n<p style=\"font-weight: 400; text-align: justify;\">Un autre point sur lequel nous devons concentrer notre combat est de forcer le minist\u00e8re de l\u2019\u00c9ducation nationale \u00e0 r\u00e9viser les programmes scolaires en ce qui concerne l\u2019enseignement de la mati\u00e8re \u00ab\u00a0Histoire\u00a0\u00bb pour redonner leur juste place \u00e0 l\u2019histoire des Amazighs. Les programmes actuels, notamment ceux d\u2019histoire, ne tiennent pas compte des Amazighs et ne parlent pas d\u2019eux ; ils se contentent de r\u00e9p\u00e9ter que \u201cles Amazighs sont les premiers habitants du Maroc\u201d, sans donner plus de d\u00e9tails sur l\u2019histoire des Imazighen, leur civilisation, leurs valeurs, et leur contribution \u00e0 la civilisation marocaine et m\u00e9diterran\u00e9enne, comme si les Amazighs \u00e9taient un peuple qui est apparu un jour puis a soudainement disparu. Il est urgent de revoir ces manuels d\u2019histoire d\u00e9pass\u00e9s qui ignorent le r\u00f4le fondamental des Amazighs, pourtant consid\u00e9r\u00e9s comme les habitants originels de la r\u00e9gion d\u2019Afrique du Nord, o\u00f9 ils ont v\u00e9cu depuis toujours, et qu\u2019ils ont fond\u00e9 de grandes civilisations, et qu\u2019il est essentiel de faire conna\u00eetre aux g\u00e9n\u00e9rations futures afin qu\u2019elles connaissent leur v\u00e9ritable histoire et l\u2019identit\u00e9 originelle des Marocains. Les r\u00e9centes d\u00e9couvertes arch\u00e9ologiques dans plusieurs r\u00e9gions du Maroc ont confirm\u00e9 ce fait et ont d\u00e9montr\u00e9 la contribution des Amazighs \u00e0 la civilisation m\u00e9diterran\u00e9enne.<\/p>\n<p style=\"font-weight: 400; text-align: justify;\">Au regard des changements intervenus dans le processus de mise en \u0153uvre de la langue amazighe, nous pensions que cela entra\u00eenerait naturellement une r\u00e9vision des programmes scolaires pour permettre une \u00e9criture d\u2019une nouvelle histoire, l\u2019histoire vraie du Maroc et non cette histoire falsifi\u00e9e qui r\u00e9duit l\u2019histoire du pays \u00e0 12 si\u00e8cles, depuis les Idrissides, en occultant des p\u00e9riodes historiques importantes et riches du Maroc pr\u00e9islamique.<\/p>\n<p style=\"font-weight: 400; text-align: justify;\">Les arch\u00e9ologues marocains ont fait des d\u00e9couvertes impressionnantes dans des r\u00e9gions comme le Rif, Tafoghalt, Temara, Oued Beht, Adrar Ighud, et d\u2019autres, qui r\u00e9v\u00e8lent une autre image de l\u2019homme ancien au Maroc, l\u2019homme qui y a habit\u00e9, avec ses habitudes de vie, son habillement, sa nourriture et sa vision de la vie.<\/p>\n<p style=\"font-weight: 400; text-align: justify;\">En d\u00e9finitive et face \u00e0 ces d\u00e9fis, il est imp\u00e9ratif que les militants du Mouvement Amazigh travaillent de mani\u00e8re organis\u00e9e et continue au cours des cinq prochaines ann\u00e9es (2025-2030\/2975-2980) pour arracher ces trois grands objectifs : g\u00e9n\u00e9raliser l\u2019enseignement de l\u2019amazighe, r\u00e9viser les manuels d\u2019histoire et affirmer l\u2019identit\u00e9 amazighe comme une pierre angulaire du Maroc et de Tamazgha.<\/p>\n<p style=\"font-weight: 400; text-align: justify;\">L\u2019avenir de l\u2019amazighit\u00e9 d\u00e9pendra de la capacit\u00e9 du Mouvement Amazigh \u00e0 planifier et \u00e0 \u0153uvrer de mani\u00e8re strat\u00e9gique, au-del\u00e0 des r\u00e9actions \u00e9motionnelles et des r\u00e9ponses impulsives temporaires. Les d\u00e9fis sont consid\u00e9rables, mais ils ne sont pas insurmontables si les efforts sont concentr\u00e9s et suivis d\u2019une vision claire et \u00e0 moyen et long terme.<\/p>\n<p style=\"font-weight: 400; text-align: center;\"><strong>Rachid RAHA, Pr\u00e9sident de l\u2019Assembl\u00e9e Mondial Amazighe (AMA)<\/strong><\/p>\n<p style=\"font-weight: 400; text-align: justify;\">*\u00a0<a href=\"http:\/\/www.facebook.com\/Amadalpresse\/videos\/3795974637380025\" target=\"_blank\" rel=\"noopener\" data-saferedirecturl=\"https:\/\/www.google.com\/url?q=http:\/\/www.facebook.com\/Amadalpresse\/videos\/3795974637380025&amp;source=gmail&amp;ust=1739878484336000&amp;usg=AOvVaw0bWFeCMYPH8wbYEVXlF0dA\">www.facebook.com\/Amadalpresse\/videos\/3795974637380025<\/a><\/p>\n<p style=\"font-weight: 400; text-align: justify;\">Notes\u00a0:<\/p>\n<p style=\"font-weight: 400; text-align: justify;\">[1]- <a href=\"https:\/\/amadalamazigh.press.ma\/fr\/lassemblee-mondiale-amazighe-ecrit-a-faouzi-lakjaa-a-propos-de-lamazighite-et-le-mondial-2030-de-football\/\" target=\"_blank\" rel=\"noopener\" data-saferedirecturl=\"https:\/\/www.google.com\/url?q=https:\/\/amadalamazigh.press.ma\/fr\/lassemblee-mondiale-amazighe-ecrit-a-faouzi-lakjaa-a-propos-de-lamazighite-et-le-mondial-2030-de-football\/&amp;source=gmail&amp;ust=1739878484336000&amp;usg=AOvVaw30T7DLshIxZ2REczyjKNW8\">https:\/\/amadalamazigh.press.ma\/fr\/lassemblee-mondiale-amazighe-ecrit-a-faouzi-lakjaa-a-propos-de-lamazighite-et-le-mondial-2030-de-football\/<\/a><\/p>\n<p style=\"font-weight: 400; text-align: justify;\">[2]-\u00a0<a href=\"https:\/\/amadalamazigh.press.ma\/fr\/recommandations-du-2eme-forum-national-des-amazighs-du-maroc-relatives-a-la-generalisation-de-lenseignement-de-la-langue-amazighe\/\" target=\"_blank\" rel=\"noopener\" data-saferedirecturl=\"https:\/\/www.google.com\/url?q=https:\/\/amadalamazigh.press.ma\/fr\/recommandations-du-2eme-forum-national-des-amazighs-du-maroc-relatives-a-la-generalisation-de-lenseignement-de-la-langue-amazighe\/&amp;source=gmail&amp;ust=1739878484336000&amp;usg=AOvVaw39HHu7v8Afu-GQ5vn0LkvC\">https:\/\/amadalamazigh.press.ma\/fr\/recommandations-du-2eme-forum-national-des-amazighs-du-maroc-relatives-a-la-generalisation-de-lenseignement-de-la-langue-amazighe\/<\/a><\/p>\n<p style=\"font-weight: 400; text-align: justify;\">[3]-\u00a0<a href=\"https:\/\/amadalamazigh.press.ma\/fr\/ama-porte-plainte-contre-lagence-map-et-premiere-audience-le-lundi-14-mai-a-midi-au-tribunal-administratif-de-rabat\/\" target=\"_blank\" rel=\"noopener\" data-saferedirecturl=\"https:\/\/www.google.com\/url?q=https:\/\/amadalamazigh.press.ma\/fr\/ama-porte-plainte-contre-lagence-map-et-premiere-audience-le-lundi-14-mai-a-midi-au-tribunal-administratif-de-rabat\/&amp;source=gmail&amp;ust=1739878484336000&amp;usg=AOvVaw0qqVBokUraATIDsvjwB2h2\">https:\/\/amadalamazigh.press.ma\/fr\/ama-porte-plainte-contre-lagence-map-et-premiere-audience-le-lundi-14-mai-a-midi-au-tribunal-administratif-de-rabat\/<\/a><\/p>\n<p style=\"text-align: justify;\"><span style=\"font-weight: 400;\">[4]-\u00a0<\/span><a style=\"font-weight: 400;\" href=\"https:\/\/amamazigh.org\/wp-content\/uploads\/2018\/10\/AMA_MANIFESTE-DE-TAMAZGHA_5-langues.pdf\" target=\"_blank\" rel=\"noopener\" data-saferedirecturl=\"https:\/\/www.google.com\/url?q=https:\/\/amamazigh.org\/wp-content\/uploads\/2018\/10\/AMA_MANIFESTE-DE-TAMAZGHA_5-langues.pdf&amp;source=gmail&amp;ust=1739878484336000&amp;usg=AOvVaw0luR5sZ80xBRDW4tk9vlOm\">https:\/\/amamazigh.org\/wp-content\/uploads\/2018\/10\/AMA_MANIFESTE-DE-TAMAZGHA_5-langues.pdf<\/a><\/p>\n","protected":false},"excerpt":{"rendered":"<p>Le Mouvement Amazigh a parcouru un long chemin de luttes, d\u2019exp\u00e9riences et de pratiques sur plus de six d\u00e9cennies, ce qui n\u00e9cessite un moment de r\u00e9flexion pour revoir ses priorit\u00e9s et \u00e9valuer ses r\u00e9alisations. Le parcours de lutte dans lequel s\u2019est engag\u00e9 le mouvement a \u00e9t\u00e9 ardu et difficile, et il n\u2019a jamais \u00e9t\u00e9 facile. &hellip;<\/p>\n","protected":false},"author":2,"featured_media":6681,"comment_status":"open","ping_status":"closed","sticky":false,"template":"","format":"standard","meta":{"jetpack_post_was_ever_published":false,"_jetpack_newsletter_access":"","_jetpack_dont_email_post_to_subs":false,"_jetpack_newsletter_tier_id":0,"_jetpack_memberships_contains_paywalled_content":false,"_jetpack_memberships_contains_paid_content":false,"footnotes":"","jetpack_publicize_message":"","jetpack_publicize_feature_enabled":true,"jetpack_social_post_already_shared":true,"jetpack_social_options":{"image_generator_settings":{"template":"highway","default_image_id":0,"font":"","enabled":false},"version":2}},"categories":[10,13],"tags":[],"class_list":["post-6680","post","type-post","status-publish","format-standard","has-post-thumbnail","","category-maroc","category-opinions"],"jetpack_publicize_connections":[],"jetpack_featured_media_url":"https:\/\/i0.wp.com\/amadalamazigh.press.ma\/fr\/wp-content\/uploads\/2025\/02\/raha-e1739793674565.jpg?fit=954%2C690&ssl=1","jetpack_shortlink":"https:\/\/wp.me\/p9uxE2-1JK","jetpack_sharing_enabled":true,"_links":{"self":[{"href":"https:\/\/amadalamazigh.press.ma\/fr\/wp-json\/wp\/v2\/posts\/6680","targetHints":{"allow":["GET"]}}],"collection":[{"href":"https:\/\/amadalamazigh.press.ma\/fr\/wp-json\/wp\/v2\/posts"}],"about":[{"href":"https:\/\/amadalamazigh.press.ma\/fr\/wp-json\/wp\/v2\/types\/post"}],"author":[{"embeddable":true,"href":"https:\/\/amadalamazigh.press.ma\/fr\/wp-json\/wp\/v2\/users\/2"}],"replies":[{"embeddable":true,"href":"https:\/\/amadalamazigh.press.ma\/fr\/wp-json\/wp\/v2\/comments?post=6680"}],"version-history":[{"count":2,"href":"https:\/\/amadalamazigh.press.ma\/fr\/wp-json\/wp\/v2\/posts\/6680\/revisions"}],"predecessor-version":[{"id":6683,"href":"https:\/\/amadalamazigh.press.ma\/fr\/wp-json\/wp\/v2\/posts\/6680\/revisions\/6683"}],"wp:featuredmedia":[{"embeddable":true,"href":"https:\/\/amadalamazigh.press.ma\/fr\/wp-json\/wp\/v2\/media\/6681"}],"wp:attachment":[{"href":"https:\/\/amadalamazigh.press.ma\/fr\/wp-json\/wp\/v2\/media?parent=6680"}],"wp:term":[{"taxonomy":"category","embeddable":true,"href":"https:\/\/amadalamazigh.press.ma\/fr\/wp-json\/wp\/v2\/categories?post=6680"},{"taxonomy":"post_tag","embeddable":true,"href":"https:\/\/amadalamazigh.press.ma\/fr\/wp-json\/wp\/v2\/tags?post=6680"}],"curies":[{"name":"wp","href":"https:\/\/api.w.org\/{rel}","templated":true}]}}