{"id":6709,"date":"2025-02-24T21:04:05","date_gmt":"2025-02-24T20:04:05","guid":{"rendered":"https:\/\/amadalamazigh.press.ma\/fr\/?p=6709"},"modified":"2025-02-24T21:04:05","modified_gmt":"2025-02-24T20:04:05","slug":"lassemblee-mondiale-amazighe-ama-denonce-la-profanation-du-drapeau-amazigh-en-libye-et-met-en-garde-contre-le-danger-de-cet-acte-reprehensible","status":"publish","type":"post","link":"https:\/\/amadalamazigh.press.ma\/fr\/lassemblee-mondiale-amazighe-ama-denonce-la-profanation-du-drapeau-amazigh-en-libye-et-met-en-garde-contre-le-danger-de-cet-acte-reprehensible\/","title":{"rendered":"L\u2019Assembl\u00e9e Mondiale Amazighe (AMA) d\u00e9nonce la profanation du drapeau amazigh en Libye et met en garde contre le danger de cet acte r\u00e9pr\u00e9hensible"},"content":{"rendered":"<p style=\"font-weight: 400;\"><img data-recalc-dims=\"1\" loading=\"lazy\" decoding=\"async\" class=\"size-medium wp-image-6712 alignright\" src=\"https:\/\/i0.wp.com\/amadalamazigh.press.ma\/fr\/wp-content\/uploads\/2025\/02\/IMG-20250224-WA0004.jpg?resize=444%2C250&#038;ssl=1\" alt=\"\" width=\"444\" height=\"250\" srcset=\"https:\/\/i0.wp.com\/amadalamazigh.press.ma\/fr\/wp-content\/uploads\/2025\/02\/IMG-20250224-WA0004.jpg?resize=444%2C250&amp;ssl=1 444w, https:\/\/i0.wp.com\/amadalamazigh.press.ma\/fr\/wp-content\/uploads\/2025\/02\/IMG-20250224-WA0004.jpg?w=768&amp;ssl=1 768w\" sizes=\"auto, (max-width: 444px) 100vw, 444px\" \/>L\u2019Assembl\u00e9e Mondiale Amazighe suit avec une grande inqui\u00e9tude et consternation les agissements de certains individus portant l\u2019uniforme du Minist\u00e8re de l\u2019Int\u00e9rieur du Gouvernement Libyen d\u2019Unit\u00e9 Nationale, et profanant le drapeau amazigh en le pla\u00e7ant par terre et en for\u00e7ant les voitures \u00e0 rouler dessus, dans une sc\u00e8ne provocatrice dangereuse qui menace la coh\u00e9sion de la nation libyenne, son unit\u00e9 territoriale, sa diversit\u00e9 culturelle et linguistique et sa paix sociale.<\/p>\n<p style=\"font-weight: 400;\">Alors que l\u2019Assembl\u00e9e Mondiale Amazighe condamne fermement cette grave atteinte au drapeau amazigh, qui constitue un symbole identitaire et culturel unifi\u00e9 pour tous les Amazighs des pays d\u2019Afrique du Nord et du Sahel, il salue la vigilance et les r\u00e9actions d\u00e9non\u00e7antes face \u00e0 cette provocation de la part des citoyens Amazighs de Libye, des maires des communes amazighophones et de diverses organisations et instances politiques, syndicales, de d\u00e9fense des droits de l\u2019homme et de la soci\u00e9t\u00e9 civile.<\/p>\n<p style=\"font-weight: 400;\">Dans ce contexte, l\u2019Assembl\u00e9e Mondiale Amazighe joint sa voix \u00e0 celle des Amazighs de Libye, et tient le ministre de l&rsquo;Int\u00e9rieur du gouvernement<strong>\u00a0<\/strong>d\u2019Abdel Hamid Dbeibah<strong>\u00a0<\/strong>pleinement responsable de cette atteinte honteuse au drapeau amazigh, exigeant l&rsquo;arrestation et le jugement des personnes impliqu\u00e9es dans cet acte dangereux, qui menace non seulement la coh\u00e9sion sociale en Libye, mais \u00e9tend \u00e9galement son impact \u00e0 tous les pays d&rsquo;Afrique du Nord, en incitant \u00e0 la haine, \u00e0 la discorde et en d\u00e9stabilisant l&rsquo;unit\u00e9 nationale de la nouvelle Libye, dont le peuple a fait de grands sacrifices afin de la lib\u00e9rer de l&#8217;emprise de la dictature.<\/p>\n<p style=\"font-weight: 400;\">L\u2019Assembl\u00e9e Mondiale Amazighe appelle toutes les forces vives en Libye \u00e0 s\u2019attaquer \u00e0 de telles pratiques qui visent \u00e0 attiser les conflits et les divisions entre les citoyens Libyens, mettant en garde contre les cons\u00e9quences d\u00e9sastreuses de ce comportement provocateur sur le tissu social libyen.<\/p>\n<p style=\"font-weight: 400;\">L\u2019Assembl\u00e9e Mondiale Amazighe r\u00e9it\u00e8re \u00e9galement son ferme soutien aux Amazighs de Libye dans leur lutte l\u00e9gitime pour obtenir leurs pleins droits, notamment la reconnaissance constitutionnelle de la langue amazighe comme langue officielle dans la nouvelle Libye.<\/p>\n<p style=\"font-weight: 400;\">L\u2019Assembl\u00e9e Mondiale Amazighe appelle les diff\u00e9rents partis et mouvements politiques en Libye \u00e0 assurer la participation des Amazighs au processus de prise de d\u00e9cision politique, et \u00e0 \u0153uvrer \u00e0 l&rsquo;\u00e9laboration d&rsquo;une constitution d\u00e9mocratique et pluraliste qui reconnaisse la diversit\u00e9 linguistique et culturelle et garantit les pleins droits des Amazighs dans le cadre d&rsquo;un Etat f\u00e9d\u00e9ral unifi\u00e9 et prosp\u00e8re. Il r\u00e9affirme que les Amazighs constituent un pilier fondamental de la stabilit\u00e9, de l&rsquo;unit\u00e9 et du progr\u00e8s de la Libye, et qu&rsquo;ils sont la force qui soutient la construction d&rsquo;un \u00c9tat civil moderne, fond\u00e9 sur les fondements de la d\u00e9mocratie, de la justice, de l&rsquo;\u00e9galit\u00e9 et du respect des droits de tous.<\/p>\n<p style=\"text-align: center;\"><strong>Rachid RAHA, Pr\u00e9sident de l&rsquo;Assembl\u00e9e Mondiale Amazighe<\/strong><\/p>\n<p><img data-recalc-dims=\"1\" loading=\"lazy\" decoding=\"async\" class=\"aligncenter wp-image-6711 size-full\" src=\"https:\/\/i0.wp.com\/amadalamazigh.press.ma\/fr\/wp-content\/uploads\/2025\/02\/IMG-20250224-WA0005-e1740427398185.jpg?resize=618%2C1065&#038;ssl=1\" alt=\"\" width=\"618\" height=\"1065\" srcset=\"https:\/\/i0.wp.com\/amadalamazigh.press.ma\/fr\/wp-content\/uploads\/2025\/02\/IMG-20250224-WA0005-e1740427398185.jpg?w=718&amp;ssl=1 718w, https:\/\/i0.wp.com\/amadalamazigh.press.ma\/fr\/wp-content\/uploads\/2025\/02\/IMG-20250224-WA0005-e1740427398185.jpg?resize=145%2C250&amp;ssl=1 145w, https:\/\/i0.wp.com\/amadalamazigh.press.ma\/fr\/wp-content\/uploads\/2025\/02\/IMG-20250224-WA0005-e1740427398185.jpg?resize=594%2C1024&amp;ssl=1 594w\" sizes=\"auto, (max-width: 618px) 100vw, 618px\" \/><\/p>\n","protected":false},"excerpt":{"rendered":"<p>L\u2019Assembl\u00e9e Mondiale Amazighe suit avec une grande inqui\u00e9tude et consternation les agissements de certains individus portant l\u2019uniforme du Minist\u00e8re de l\u2019Int\u00e9rieur du Gouvernement Libyen d\u2019Unit\u00e9 Nationale, et profanant le drapeau amazigh en le pla\u00e7ant par terre et en for\u00e7ant les voitures \u00e0 rouler dessus, dans une sc\u00e8ne provocatrice dangereuse qui menace la coh\u00e9sion de la &hellip;<\/p>\n","protected":false},"author":2,"featured_media":6712,"comment_status":"open","ping_status":"closed","sticky":false,"template":"","format":"standard","meta":{"jetpack_post_was_ever_published":false,"_jetpack_newsletter_access":"","_jetpack_dont_email_post_to_subs":false,"_jetpack_newsletter_tier_id":0,"_jetpack_memberships_contains_paywalled_content":false,"_jetpack_memberships_contains_paid_content":false,"footnotes":"","jetpack_publicize_message":"","jetpack_publicize_feature_enabled":true,"jetpack_social_post_already_shared":true,"jetpack_social_options":{"image_generator_settings":{"template":"highway","default_image_id":0,"font":"","enabled":false},"version":2}},"categories":[9],"tags":[],"class_list":["post-6709","post","type-post","status-publish","format-standard","has-post-thumbnail","","category-libye"],"jetpack_publicize_connections":[],"jetpack_featured_media_url":"https:\/\/i0.wp.com\/amadalamazigh.press.ma\/fr\/wp-content\/uploads\/2025\/02\/IMG-20250224-WA0004.jpg?fit=768%2C432&ssl=1","jetpack_shortlink":"https:\/\/wp.me\/p9uxE2-1Kd","jetpack_sharing_enabled":true,"_links":{"self":[{"href":"https:\/\/amadalamazigh.press.ma\/fr\/wp-json\/wp\/v2\/posts\/6709","targetHints":{"allow":["GET"]}}],"collection":[{"href":"https:\/\/amadalamazigh.press.ma\/fr\/wp-json\/wp\/v2\/posts"}],"about":[{"href":"https:\/\/amadalamazigh.press.ma\/fr\/wp-json\/wp\/v2\/types\/post"}],"author":[{"embeddable":true,"href":"https:\/\/amadalamazigh.press.ma\/fr\/wp-json\/wp\/v2\/users\/2"}],"replies":[{"embeddable":true,"href":"https:\/\/amadalamazigh.press.ma\/fr\/wp-json\/wp\/v2\/comments?post=6709"}],"version-history":[{"count":1,"href":"https:\/\/amadalamazigh.press.ma\/fr\/wp-json\/wp\/v2\/posts\/6709\/revisions"}],"predecessor-version":[{"id":6713,"href":"https:\/\/amadalamazigh.press.ma\/fr\/wp-json\/wp\/v2\/posts\/6709\/revisions\/6713"}],"wp:featuredmedia":[{"embeddable":true,"href":"https:\/\/amadalamazigh.press.ma\/fr\/wp-json\/wp\/v2\/media\/6712"}],"wp:attachment":[{"href":"https:\/\/amadalamazigh.press.ma\/fr\/wp-json\/wp\/v2\/media?parent=6709"}],"wp:term":[{"taxonomy":"category","embeddable":true,"href":"https:\/\/amadalamazigh.press.ma\/fr\/wp-json\/wp\/v2\/categories?post=6709"},{"taxonomy":"post_tag","embeddable":true,"href":"https:\/\/amadalamazigh.press.ma\/fr\/wp-json\/wp\/v2\/tags?post=6709"}],"curies":[{"name":"wp","href":"https:\/\/api.w.org\/{rel}","templated":true}]}}