{"id":6721,"date":"2025-03-01T23:04:20","date_gmt":"2025-03-01T22:04:20","guid":{"rendered":"https:\/\/amadalamazigh.press.ma\/fr\/?p=6721"},"modified":"2025-03-01T23:04:20","modified_gmt":"2025-03-01T22:04:20","slug":"tamazgha-denonce-les-autorites-libyennes-et-apporte-un-soutien-sans-reserve-aux-amazighs-de-libye","status":"publish","type":"post","link":"https:\/\/amadalamazigh.press.ma\/fr\/tamazgha-denonce-les-autorites-libyennes-et-apporte-un-soutien-sans-reserve-aux-amazighs-de-libye\/","title":{"rendered":"Tamazgha d\u00e9nonce les autorit\u00e9s libyennes et apporte un soutien sans r\u00e9serve aux Amazighs de Libye"},"content":{"rendered":"<p style=\"text-align: center;\"><strong><img data-recalc-dims=\"1\" loading=\"lazy\" decoding=\"async\" class=\"size-medium wp-image-6722 alignright\" src=\"https:\/\/i0.wp.com\/amadalamazigh.press.ma\/fr\/wp-content\/uploads\/2025\/03\/IMG-20250301-WA0011.jpg?resize=378%2C250&#038;ssl=1\" alt=\"\" width=\"378\" height=\"250\" srcset=\"https:\/\/i0.wp.com\/amadalamazigh.press.ma\/fr\/wp-content\/uploads\/2025\/03\/IMG-20250301-WA0011.jpg?resize=378%2C250&amp;ssl=1 378w, https:\/\/i0.wp.com\/amadalamazigh.press.ma\/fr\/wp-content\/uploads\/2025\/03\/IMG-20250301-WA0011.jpg?resize=1024%2C678&amp;ssl=1 1024w, https:\/\/i0.wp.com\/amadalamazigh.press.ma\/fr\/wp-content\/uploads\/2025\/03\/IMG-20250301-WA0011.jpg?resize=310%2C205&amp;ssl=1 310w, https:\/\/i0.wp.com\/amadalamazigh.press.ma\/fr\/wp-content\/uploads\/2025\/03\/IMG-20250301-WA0011.jpg?w=1080&amp;ssl=1 1080w\" sizes=\"auto, (max-width: 378px) 100vw, 378px\" \/>Profanation du drapeau amazigh \u00e0 Tripoli<\/strong><\/p>\n<p style=\"text-align: center;\"><em>Tamazgha d\u00e9nonce les autorit\u00e9s libyennes <\/em><em>et apporte un soutien sans r\u00e9serve aux Amazighs de Libye<\/em><\/p>\n<p>Des individus, parmi lesquels des \u00e9l\u00e9ments appartenant au minist\u00e8re de l\u2019Int\u00e9rieur, ont organis\u00e9 mercredi 19 f\u00e9vrier dans le quartier Qerqarsh \u00e0 Tripoli une profanation du drapeau amazigh : ils ont mis le drapeau sur la chauss\u00e9e emprunt\u00e9e par les voitures obligeant les automobilistes \u00e0 rouler dessus tout en scandant des propos hostiles aux Amazighs. Un autre groupe a br\u00fbl\u00e9 un drapeau. Les individus responsables de cet acte odieux seraient tous originaires de la ville de Zentan d\u2019o\u00f9 est issu Imad Trabelsi faisant fonction de ministre de l\u2019Int\u00e9rieur du Gouvernement d\u2019Entente Nationale en Libye. Cet ancien gangster qui ne cache pas son hostilit\u00e9 et sa haine envers les Amazighs a multipli\u00e9 les provocations visant les Amazighs depuis qu\u2019il a \u00e9t\u00e9 port\u00e9 \u00e0 ce poste de responsabilit\u00e9 en 2022.<\/p>\n<p>D\u00e8s le lendemain, le 20 f\u00e9vrier, les diff\u00e9rents acteurs amazighs, notamment les municipalit\u00e9s, ont r\u00e9agi pour d\u00e9noncer cet ignoble acte et demander des explications aux autorit\u00e9s libyennes qu\u2019ils ont somm\u00e9es de r\u00e9agir pour arr\u00eater les coupables et les diff\u00e9rer devant les tribunaux. Aussi, des manifestations publiques avec des d\u00e9clarations d\u2019organisations repr\u00e9sentatives des Amazighs se sont d\u00e9roul\u00e9es un peu partout \u00e0 travers Adrar n Infusen et At-Willul. Des d\u00e9clarations de solidarit\u00e9 d\u2019autres r\u00e9gions ont \u00e9galement \u00e9t\u00e9 rendues publiques.<\/p>\n<p>Si un communiqu\u00e9 attribu\u00e9 au <em>Gouvernement d\u2019Entente Nationale<\/em> a \u00e9t\u00e9 diffus\u00e9 sur les r\u00e9seaux sociaux le 21 f\u00e9vrier, deux jours apr\u00e8s l\u2019atteinte publique \u00e0 l\u2019un des symboles des Amazighs, tout laisse \u00e0 supposer qu\u2019il est fait dans le but de berner les Amazighs et leur faire croire qu\u2019ils sont entendus, alors qu\u2019aucune action concr\u00e8te n\u2019ait \u00e9t\u00e9 prise. Aussi, aucune prise de parole publique de nature \u00e0 rassurer les Amazighs n\u2019a eu lieu. Imad Trabelsi faisant fonction de ministre de l\u2019Int\u00e9rieur, a observ\u00e9 le silence et n\u2019a pr\u00e9sent\u00e9 aucune explication au sujet de l\u2019implication d\u2019\u00e9l\u00e9ments de son minist\u00e8re dans la profanation du 19 f\u00e9vrier.<\/p>\n<p>Une grande manifestation pacifique a eu lieu \u00e0 la Place des Martyrs \u00e0 Tripoli le mercredi 26 f\u00e9vrier pour d\u00e9noncer la profanation du drapeau amazigh, la multiplication des provocations visant les Amazighs notamment de la part de Trabelsi Imad, faisant fonction de ministre de l\u2019Int\u00e9rieur, qui alimente la haine et l\u2019hostilit\u00e9 envers les Amazighs. Dans leur d\u00e9claration, lue par le pr\u00e9sident du <em>Haut conseil des Amazighs de Libye<\/em> (HCAL), les repr\u00e9sentants des r\u00e9gions amazighes venus manifester \u00e0 Tripoli ont tenu \u00e0 r\u00e9affirmer leur condamnation de l\u2019incident de profanation du drapeau amazigh ainsi que le silence des institutions \u00e9tatiques. Ils exigent l\u2019arrestation des coupables et demandent la d\u00e9mission du faisant fonction de ministre de l\u2019Int\u00e9rieur ainsi que du chef de la s\u00e9curit\u00e9 publique. Le lendemain, le jeudi 27 f\u00e9vrier, une d\u00e9l\u00e9gation amazighe a \u00e9t\u00e9 re\u00e7ue par Hanna Serwaa Tetteh, repr\u00e9sentante sp\u00e9ciale et Cheffe de la Mission d\u2019appui des Nations Unies en Libye (MANUL), aupr\u00e8s de qui ont \u00e9t\u00e9 expos\u00e9es diverses questions. Les repr\u00e9sentants des Amazighs ont sollicit\u00e9 son soutien face aux attaques officielles et \u00e0 la marginalisation qui les visent. La repr\u00e9sentante des Nations unies en Libye a pri\u00e9 d\u2019user de ses pouvoirs afin d\u2019interpeler les autorit\u00e9s libyennes pour prendre en consid\u00e9ration les Amazighs et leurs droits dans le but de pr\u00e9server la paix civile et la stabilit\u00e9 politique.<\/p>\n<p>Tamazgha, organisation non gouvernementale de d\u00e9fense des droits et int\u00e9r\u00eats des Amazighs, condamne avec force les actes de profanation ayant vis\u00e9 les symboles de l\u2019identit\u00e9 amazighe \u00e0 Tripoli le 19 f\u00e9vrier 2025 sous le regard complice d\u2019\u00e9l\u00e9ments relevant des institutions de l\u2019\u00c9tat libyen. Cette atteinte ne vise pas seulement les Amazighs de Libye, mais l\u2019ensemble des Amazighs. Et nous tenons les autorit\u00e9s libyennes pour responsables de ces actes de haine et de racisme condamn\u00e9s par des conventions internationales de droits de l\u2019Homme que l\u2019\u00c9tat libyen a pourtant sign\u00e9es et ratifi\u00e9es.<\/p>\n<p>Tamazgha tient \u00e0 exprimer sa totale solidarit\u00e9 avec les Amazighs de Libye et leurs organisations repr\u00e9sentatives dans l\u2019ensemble de leurs d\u00e9marches en vue de d\u00e9fendre leurs symboles, leurs int\u00e9r\u00eats et leurs droits fondamentaux.<\/p>\n<p>Ayant suivi l\u2019\u00e9volution de la situation en Libye depuis 2011, nous avons constat\u00e9 que l\u2019arriv\u00e9e de Imad Trabelsi au minist\u00e8re de l\u2019Int\u00e9rieur a \u00e9t\u00e9 chaperonn\u00e9e d\u2019un plan syst\u00e9matique d\u2019attaques et de provocations visant les r\u00e9gions d\u2019Adrar n Infusen et d\u2019At-Willul. Ses agissements semblent cacher une hostilit\u00e9 et une haine aux relents racistes envers les Amazighs. Imad Trabelsi parait ainsi comme le pur produit du <em>kadhafisme<\/em> anim\u00e9 par une id\u00e9ologie de haine et de violence qu\u2019il parait vouloir reproduire. Cette attitude est, bien entendu, insupportable pour les Amazighs qui aspirent \u00e0 un avenir d\u00e9barrass\u00e9 de l\u2019injustice qu\u2019ils ont subie jusqu\u2019\u00e0 2011. Et s\u2019ils ont pris les armes pour se d\u00e9barrasser de Kadhafi et de son r\u00e9gime et ont particip\u00e9 \u00e0 la lib\u00e9ration de la Libye du monstre au prix de la vie de plusieurs martyrs, ce n\u2019est pas pour que des produits du <em>kadhafisme<\/em> leur imposent leurs dictats aujourd\u2019hui et les replongent dans le pass\u00e9. Les Amazighs n\u2019ont pas donn\u00e9 leurs sacrifices de 2011 et n\u2019ont pas d\u00e9fendu, en 2019-2020, la capitale Tripoli contre l\u2019attaque des <em>Forces arm\u00e9es arabes libyennes<\/em> (FAAL) de Khalifa Haftar qui veut instaurer un r\u00e9gime militaire, pour \u00eatre aujourd\u2019hui soumis \u00e0 l\u2019humiliation d\u2019un ancien trafiquant, cit\u00e9 en 2018 par un groupe d\u2019experts des Nations unies comme \u00e9tant responsable de milices impliqu\u00e9es dans la contrebande de carburant <span style=\"text-decoration: line-through;\">\u00e0<\/span> dans l\u2019Ouest de la Libye, et qui squatte le minist\u00e8re de l\u2019Int\u00e9rieur libyen o\u00f9 il a \u00e9t\u00e9 nomm\u00e9 pour \u00ab\u00a0services rendus\u00a0\u00bb. Les autorit\u00e9s libyennes sont tenues de remplir leurs obligations \u00e9nonc\u00e9es dans les conventions et pactes internationaux, notamment la <em>Convention internationale sur l&rsquo;\u00e9limination de toutes les formes de discrimination raciale<\/em>, par ailleurs sign\u00e9e et ratifi\u00e9e par l\u2019\u00c9tat libyen.<\/p>\n<p>Les Amazighs de Libye ne sont pas pr\u00eats \u00e0 renoncer \u00e0 la Libert\u00e9 arrach\u00e9e au prix du sang de leur jeunesse. Nous tenons \u00e0 saluer leur abn\u00e9gation et leur vigilance face aux menaces venant de l\u2019int\u00e9rieur comme celles venant de l\u2019ext\u00e9rieur qui visent leurs droits et la s\u00e9curit\u00e9 de leurs territoires.<\/p>\n<p>Comme nous l\u2019avons toujours affirm\u00e9, nous serons toujours \u00e0 leurs c\u00f4t\u00e9s dans leur combat pour que l\u2019Amazighit\u00e9 reprenne la place qui est la sienne sur sa Terre et que notre Histoire plusieurs fois mill\u00e9naire soit lib\u00e9r\u00e9e de ces id\u00e9ologies qui tentent de l\u2019enterrer.<\/p>\n<p><strong><em>Tudert i Tmazi<\/em><\/strong><strong><em>\u0263<\/em><\/strong><strong><em>t<\/em><\/strong><\/p>\n<p style=\"text-align: center;\"><strong><em>Tamazgha,<\/em><\/strong><\/p>\n<p style=\"text-align: center;\"><em>Paris, le 28 f\u00e9vrier 2025<\/em><\/p>\n<p><img data-recalc-dims=\"1\" loading=\"lazy\" decoding=\"async\" class=\"aligncenter wp-image-6723 size-large\" src=\"https:\/\/i0.wp.com\/amadalamazigh.press.ma\/fr\/wp-content\/uploads\/2025\/03\/IMG-20250301-WA0012.jpg?resize=618%2C409&#038;ssl=1\" alt=\"\" width=\"618\" height=\"409\" srcset=\"https:\/\/i0.wp.com\/amadalamazigh.press.ma\/fr\/wp-content\/uploads\/2025\/03\/IMG-20250301-WA0012.jpg?resize=1024%2C678&amp;ssl=1 1024w, https:\/\/i0.wp.com\/amadalamazigh.press.ma\/fr\/wp-content\/uploads\/2025\/03\/IMG-20250301-WA0012.jpg?resize=378%2C250&amp;ssl=1 378w, https:\/\/i0.wp.com\/amadalamazigh.press.ma\/fr\/wp-content\/uploads\/2025\/03\/IMG-20250301-WA0012.jpg?resize=310%2C205&amp;ssl=1 310w, https:\/\/i0.wp.com\/amadalamazigh.press.ma\/fr\/wp-content\/uploads\/2025\/03\/IMG-20250301-WA0012.jpg?w=1080&amp;ssl=1 1080w\" sizes=\"auto, (max-width: 618px) 100vw, 618px\" \/><\/p>\n<p><img data-recalc-dims=\"1\" loading=\"lazy\" decoding=\"async\" class=\"aligncenter wp-image-6725 size-large\" src=\"https:\/\/i0.wp.com\/amadalamazigh.press.ma\/fr\/wp-content\/uploads\/2025\/03\/IMG-20250301-WA0014.jpg?resize=618%2C409&#038;ssl=1\" alt=\"\" width=\"618\" height=\"409\" srcset=\"https:\/\/i0.wp.com\/amadalamazigh.press.ma\/fr\/wp-content\/uploads\/2025\/03\/IMG-20250301-WA0014.jpg?resize=1024%2C678&amp;ssl=1 1024w, https:\/\/i0.wp.com\/amadalamazigh.press.ma\/fr\/wp-content\/uploads\/2025\/03\/IMG-20250301-WA0014.jpg?resize=378%2C250&amp;ssl=1 378w, https:\/\/i0.wp.com\/amadalamazigh.press.ma\/fr\/wp-content\/uploads\/2025\/03\/IMG-20250301-WA0014.jpg?resize=310%2C205&amp;ssl=1 310w, https:\/\/i0.wp.com\/amadalamazigh.press.ma\/fr\/wp-content\/uploads\/2025\/03\/IMG-20250301-WA0014.jpg?w=1080&amp;ssl=1 1080w\" sizes=\"auto, (max-width: 618px) 100vw, 618px\" \/><\/p>\n","protected":false},"excerpt":{"rendered":"<p>Profanation du drapeau amazigh \u00e0 Tripoli Tamazgha d\u00e9nonce les autorit\u00e9s libyennes et apporte un soutien sans r\u00e9serve aux Amazighs de Libye Des individus, parmi lesquels des \u00e9l\u00e9ments appartenant au minist\u00e8re de l\u2019Int\u00e9rieur, ont organis\u00e9 mercredi 19 f\u00e9vrier dans le quartier Qerqarsh \u00e0 Tripoli une profanation du drapeau amazigh : ils ont mis le drapeau sur &hellip;<\/p>\n","protected":false},"author":2,"featured_media":6722,"comment_status":"open","ping_status":"closed","sticky":false,"template":"","format":"standard","meta":{"jetpack_post_was_ever_published":false,"_jetpack_newsletter_access":"","_jetpack_dont_email_post_to_subs":false,"_jetpack_newsletter_tier_id":0,"_jetpack_memberships_contains_paywalled_content":false,"_jetpack_memberships_contains_paid_content":false,"footnotes":"","jetpack_publicize_message":"","jetpack_publicize_feature_enabled":true,"jetpack_social_post_already_shared":true,"jetpack_social_options":{"image_generator_settings":{"template":"highway","default_image_id":0,"font":"","enabled":false},"version":2}},"categories":[9],"tags":[],"class_list":["post-6721","post","type-post","status-publish","format-standard","has-post-thumbnail","","category-libye"],"jetpack_publicize_connections":[],"jetpack_featured_media_url":"https:\/\/i0.wp.com\/amadalamazigh.press.ma\/fr\/wp-content\/uploads\/2025\/03\/IMG-20250301-WA0011.jpg?fit=1080%2C715&ssl=1","jetpack_shortlink":"https:\/\/wp.me\/p9uxE2-1Kp","jetpack_sharing_enabled":true,"_links":{"self":[{"href":"https:\/\/amadalamazigh.press.ma\/fr\/wp-json\/wp\/v2\/posts\/6721","targetHints":{"allow":["GET"]}}],"collection":[{"href":"https:\/\/amadalamazigh.press.ma\/fr\/wp-json\/wp\/v2\/posts"}],"about":[{"href":"https:\/\/amadalamazigh.press.ma\/fr\/wp-json\/wp\/v2\/types\/post"}],"author":[{"embeddable":true,"href":"https:\/\/amadalamazigh.press.ma\/fr\/wp-json\/wp\/v2\/users\/2"}],"replies":[{"embeddable":true,"href":"https:\/\/amadalamazigh.press.ma\/fr\/wp-json\/wp\/v2\/comments?post=6721"}],"version-history":[{"count":1,"href":"https:\/\/amadalamazigh.press.ma\/fr\/wp-json\/wp\/v2\/posts\/6721\/revisions"}],"predecessor-version":[{"id":6726,"href":"https:\/\/amadalamazigh.press.ma\/fr\/wp-json\/wp\/v2\/posts\/6721\/revisions\/6726"}],"wp:featuredmedia":[{"embeddable":true,"href":"https:\/\/amadalamazigh.press.ma\/fr\/wp-json\/wp\/v2\/media\/6722"}],"wp:attachment":[{"href":"https:\/\/amadalamazigh.press.ma\/fr\/wp-json\/wp\/v2\/media?parent=6721"}],"wp:term":[{"taxonomy":"category","embeddable":true,"href":"https:\/\/amadalamazigh.press.ma\/fr\/wp-json\/wp\/v2\/categories?post=6721"},{"taxonomy":"post_tag","embeddable":true,"href":"https:\/\/amadalamazigh.press.ma\/fr\/wp-json\/wp\/v2\/tags?post=6721"}],"curies":[{"name":"wp","href":"https:\/\/api.w.org\/{rel}","templated":true}]}}