{"id":6835,"date":"2025-05-07T18:19:07","date_gmt":"2025-05-07T17:19:07","guid":{"rendered":"https:\/\/amadalamazigh.press.ma\/fr\/?p=6835"},"modified":"2025-05-07T18:19:07","modified_gmt":"2025-05-07T17:19:07","slug":"declaration-au-sujet-du-blocage-du-site-de-riposte-internationale-en-algerie","status":"publish","type":"post","link":"https:\/\/amadalamazigh.press.ma\/fr\/declaration-au-sujet-du-blocage-du-site-de-riposte-internationale-en-algerie\/","title":{"rendered":"D\u00e9claration au sujet du blocage du site de Riposte internationale en Alg\u00e9rie"},"content":{"rendered":"<p><img data-recalc-dims=\"1\" loading=\"lazy\" decoding=\"async\" class=\"size-medium wp-image-2911 alignright\" src=\"https:\/\/i0.wp.com\/amadalamazigh.press.ma\/fr\/wp-content\/uploads\/2020\/08\/riposte-internationale-logo.jpg?resize=354%2C250&#038;ssl=1\" alt=\"\" width=\"354\" height=\"250\" srcset=\"https:\/\/i0.wp.com\/amadalamazigh.press.ma\/fr\/wp-content\/uploads\/2020\/08\/riposte-internationale-logo.jpg?resize=354%2C250&amp;ssl=1 354w, https:\/\/i0.wp.com\/amadalamazigh.press.ma\/fr\/wp-content\/uploads\/2020\/08\/riposte-internationale-logo.jpg?w=842&amp;ssl=1 842w\" sizes=\"auto, (max-width: 354px) 100vw, 354px\" \/>Dans un contexte marqu\u00e9 par des tensions diplomatiques entre l\u2019Alg\u00e9rie, les pays du Sahel, le Maroc et la France, Riposte Internationale tient \u00e0 exprimer sa vive pr\u00e9occupation face \u00e0 l\u2019\u00e9rosion continue des libert\u00e9s fondamentales, notamment la libert\u00e9 de la presse et le droit d\u2019acc\u00e8s \u00e0 l\u2019information. Ces atteintes p\u00e8sent lourdement sur l\u2019opinion publique, d\u00e9j\u00e0 fragilis\u00e9e par les restrictions impos\u00e9es \u00e0 la libert\u00e9 d\u2019expression et \u00e0 la pluralit\u00e9 des voix.<\/p>\n<p>Une chape de plomb s\u2019est abattue sur le monde m\u00e9diatique en Alg\u00e9rie. Journalistes harcel\u00e9s, m\u00e9dias ind\u00e9pendants r\u00e9duits au silence, chantage \u00e0 la publicit\u00e9, lois r\u00e9pressives vot\u00e9es dans l\u2019urgence : tout concourt \u00e0 museler les voix libres et \u00e0 imposer une v\u00e9rit\u00e9 officielle, au m\u00e9pris du droit des citoyens \u00e0 une information ind\u00e9pendante, pluraliste et fiable.<\/p>\n<p>Alors que le 3 mai dernier, le monde c\u00e9l\u00e9brait la Journ\u00e9e mondiale de la libert\u00e9 de la presse, il est crucial de rappeler que cette libert\u00e9 n\u2019est pas seulement un pilier de la d\u00e9mocratie : elle est aussi une condition essentielle \u00e0 l\u2019exercice d\u2019une citoyennet\u00e9 \u00e9clair\u00e9e. Sans un acc\u00e8s libre, transparent et diversifi\u00e9 \u00e0 l\u2019information, les citoyens sont priv\u00e9s de leur capacit\u00e9 \u00e0 comprendre, d\u00e9battre et participer pleinement \u00e0 la vie publique.<\/p>\n<p>Riposte Internationale rappelle le prix \u00e9lev\u00e9 pay\u00e9 par de nombreuses femmes et hommes pour garantir l\u2019ind\u00e9pendance des m\u00e9dias, ainsi que les sacrifices consentis pour d\u00e9fendre ces valeurs universelles. Fid\u00e8le \u00e0 ses principes fondateurs, notre organisation a toujours \u00e9t\u00e9, et reste, r\u00e9solument engag\u00e9e dans la d\u00e9fense de la libert\u00e9 de la presse \u2013 en Alg\u00e9rie comme ailleurs.<\/p>\n<p>Nous condamnons avec la plus grande fermet\u00e9 les attaques r\u00e9p\u00e9t\u00e9es contre cette libert\u00e9, notamment l\u2019adoption de lois liberticides visant journalistes, militants et organisations ind\u00e9pendantes. \u00c0 ce titre, nous d\u00e9non\u00e7ons le blocage en Alg\u00e9rie de notre site internet (www.riposteinternationale.org), un acte de censure manifeste qui prive les citoyennes et citoyens alg\u00e9riens d\u2019un acc\u00e8s \u00e0 une information libre, plurielle et ind\u00e9pendante. Notre site n\u2019est par ailleurs pas le seul m\u00e9dia en ligne bloqu\u00e9 par les autorit\u00e9s alg\u00e9riennes.<\/p>\n<p>Nous rejetons fermement toute tentative de museler les voix dissidentes et de verrouiller l\u2019espace informationnel. De telles d\u00e9rives mettent en p\u00e9ril non seulement la libert\u00e9 de la presse, mais aussi les fondements m\u00eames de tout r\u00e9gime d\u00e9mocratique.<\/p>\n<p>Face \u00e0 cette situation, Riposte Internationale r\u00e9affirme son engagement ind\u00e9fectible en faveur des droits humains, de la libert\u00e9 de la presse et de la d\u00e9mocratie. Nous poursuivrons sans rel\u00e2che notre action pour garantir \u00e0 chaque citoyen, en Alg\u00e9rie et partout dans le monde, un droit fondamental : celui de savoir. Aussi, nous en appelons aux autorit\u00e9s afin qu\u2019elles se conforment au Pacte International Relatif Aux Droits Civils et Politiques, ratifi\u00e9 par l\u2019Alg\u00e9rie en 1989, qui garantit la libert\u00e9 de la presse et d\u2019expression. Car, nous restons convaincus que ce n\u2019est qu\u2019en assurant une libert\u00e9 d\u2019expression et d\u2019information que le citoyen arrivera \u00e0 distinguer les enjeux pr\u00e9sents et futurs.<\/p>\n<p style=\"text-align: center;\">Fait \u00e0 Paris, le 06\/05\/2025<\/p>\n","protected":false},"excerpt":{"rendered":"<p>Dans un contexte marqu\u00e9 par des tensions diplomatiques entre l\u2019Alg\u00e9rie, les pays du Sahel, le Maroc et la France, Riposte Internationale tient \u00e0 exprimer sa vive pr\u00e9occupation face \u00e0 l\u2019\u00e9rosion continue des libert\u00e9s fondamentales, notamment la libert\u00e9 de la presse et le droit d\u2019acc\u00e8s \u00e0 l\u2019information. Ces atteintes p\u00e8sent lourdement sur l\u2019opinion publique, d\u00e9j\u00e0 fragilis\u00e9e &hellip;<\/p>\n","protected":false},"author":2,"featured_media":2911,"comment_status":"open","ping_status":"closed","sticky":false,"template":"","format":"standard","meta":{"jetpack_post_was_ever_published":false,"_jetpack_newsletter_access":"","_jetpack_dont_email_post_to_subs":false,"_jetpack_newsletter_tier_id":0,"_jetpack_memberships_contains_paywalled_content":false,"_jetpack_memberships_contains_paid_content":false,"footnotes":"","jetpack_publicize_message":"","jetpack_publicize_feature_enabled":true,"jetpack_social_post_already_shared":true,"jetpack_social_options":{"image_generator_settings":{"template":"highway","default_image_id":0,"font":"","enabled":false},"version":2}},"categories":[8,18],"tags":[],"class_list":["post-6835","post","type-post","status-publish","format-standard","has-post-thumbnail","","category-algerie","category-hors-tamazgha"],"jetpack_publicize_connections":[],"jetpack_featured_media_url":"https:\/\/i0.wp.com\/amadalamazigh.press.ma\/fr\/wp-content\/uploads\/2020\/08\/riposte-internationale-logo.jpg?fit=842%2C595&ssl=1","jetpack_shortlink":"https:\/\/wp.me\/p9uxE2-1Mf","jetpack_sharing_enabled":true,"_links":{"self":[{"href":"https:\/\/amadalamazigh.press.ma\/fr\/wp-json\/wp\/v2\/posts\/6835","targetHints":{"allow":["GET"]}}],"collection":[{"href":"https:\/\/amadalamazigh.press.ma\/fr\/wp-json\/wp\/v2\/posts"}],"about":[{"href":"https:\/\/amadalamazigh.press.ma\/fr\/wp-json\/wp\/v2\/types\/post"}],"author":[{"embeddable":true,"href":"https:\/\/amadalamazigh.press.ma\/fr\/wp-json\/wp\/v2\/users\/2"}],"replies":[{"embeddable":true,"href":"https:\/\/amadalamazigh.press.ma\/fr\/wp-json\/wp\/v2\/comments?post=6835"}],"version-history":[{"count":2,"href":"https:\/\/amadalamazigh.press.ma\/fr\/wp-json\/wp\/v2\/posts\/6835\/revisions"}],"predecessor-version":[{"id":6841,"href":"https:\/\/amadalamazigh.press.ma\/fr\/wp-json\/wp\/v2\/posts\/6835\/revisions\/6841"}],"wp:featuredmedia":[{"embeddable":true,"href":"https:\/\/amadalamazigh.press.ma\/fr\/wp-json\/wp\/v2\/media\/2911"}],"wp:attachment":[{"href":"https:\/\/amadalamazigh.press.ma\/fr\/wp-json\/wp\/v2\/media?parent=6835"}],"wp:term":[{"taxonomy":"category","embeddable":true,"href":"https:\/\/amadalamazigh.press.ma\/fr\/wp-json\/wp\/v2\/categories?post=6835"},{"taxonomy":"post_tag","embeddable":true,"href":"https:\/\/amadalamazigh.press.ma\/fr\/wp-json\/wp\/v2\/tags?post=6835"}],"curies":[{"name":"wp","href":"https:\/\/api.w.org\/{rel}","templated":true}]}}