{"id":7019,"date":"2025-08-08T14:48:48","date_gmt":"2025-08-08T13:48:48","guid":{"rendered":"https:\/\/amadalamazigh.press.ma\/fr\/?p=7019"},"modified":"2025-08-08T21:47:48","modified_gmt":"2025-08-08T20:47:48","slug":"crise-alger-paris-macron-soutie2nt-fermement-son-ministre-de-linterieur","status":"publish","type":"post","link":"https:\/\/amadalamazigh.press.ma\/fr\/crise-alger-paris-macron-soutie2nt-fermement-son-ministre-de-linterieur\/","title":{"rendered":"Crise Alger-Paris : Macron soutient fermement son ministre de l\u2019Int\u00e9rieur"},"content":{"rendered":"<p><img data-recalc-dims=\"1\" loading=\"lazy\" decoding=\"async\" class=\"size-medium wp-image-7022 alignleft\" src=\"https:\/\/i0.wp.com\/amadalamazigh.press.ma\/fr\/wp-content\/uploads\/2025\/08\/IMG-20250808-WA0021.jpg?resize=277%2C250&#038;ssl=1\" alt=\"\" width=\"277\" height=\"250\" srcset=\"https:\/\/i0.wp.com\/amadalamazigh.press.ma\/fr\/wp-content\/uploads\/2025\/08\/IMG-20250808-WA0021.jpg?resize=277%2C250&amp;ssl=1 277w, https:\/\/i0.wp.com\/amadalamazigh.press.ma\/fr\/wp-content\/uploads\/2025\/08\/IMG-20250808-WA0021.jpg?w=513&amp;ssl=1 513w\" sizes=\"auto, (max-width: 277px) 100vw, 277px\" \/>Par Hichem ABOUD<\/p>\n<p>Contrairement aux all\u00e9gations v\u00e9hicul\u00e9es par la presse alg\u00e9rienne, la r\u00e9cente crise diplomatique entre Paris et Alger n\u2019a en rien \u00e9branl\u00e9 la coh\u00e9sion du gouvernement fran\u00e7ais. Pour les autorit\u00e9s fran\u00e7aises, l\u2019origine de la discorde ne fait aucun doute : elle remonte \u00e0 la reconnaissance, par le pr\u00e9sident Emmanuel Macron, de la souverainet\u00e9 marocaine sur le Sahara, \u00e0 l\u2019occasion du 25e anniversaire de l\u2019intronisation du roi Mohammed VI.<\/p>\n<p>Accuser le ministre de l\u2019Int\u00e9rieur, Bruno Retailleau, ou pointer du doigt l\u2019extr\u00eame droite fran\u00e7aise rel\u00e8ve d\u2019une fuite en avant d\u2019un pouvoir alg\u00e9rien qui s\u2019obstine \u00e0 ne pas voir la r\u00e9alit\u00e9 en face. C\u2019est pour r\u00e9affirmer la solidarit\u00e9 gouvernementale et soutenir publiquement son ministre que le pr\u00e9sident Macron a annonc\u00e9, ce mercredi, la suspension de la d\u00e9livrance des visas de type D \u00e0 l\u2019ensemble des ressortissants alg\u00e9riens. Un signal politique fort destin\u00e9 \u00e0 marquer l\u2019assise de l\u2019\u00c9tat dans la gestion d\u2019une crise avec un pays historiquement, g\u00e9ographiquement et culturellement li\u00e9 \u00e0 la France.<\/p>\n<p>Dans une lettre adress\u00e9e \u00e0 son Premier ministre Fran\u00e7ois Bayrou, rendue publique par Le Figaro, Emmanuel Macron a d\u00e9taill\u00e9 une s\u00e9rie de mesures cibl\u00e9es contre l\u2019Alg\u00e9rie, toutes centr\u00e9es sur la politique des visas. Il a notamment demand\u00e9 l\u2019application imm\u00e9diate de l\u2019article 47 de la nouvelle loi immigration, qui instaure un levier visa-r\u00e9admission (LVR) permettant de refuser les visas de court s\u00e9jour, y compris aux d\u00e9tenteurs de passeports diplomatiques et de service, ainsi que les visas de long s\u00e9jour \u00e0 tout type de demandeurs. Une disposition qui vise directement la haute sph\u00e8re du r\u00e9gime alg\u00e9rien.<\/p>\n<p>Par ailleurs, le chef de l\u2019\u00c9tat a ordonn\u00e9 la suspension formelle de l\u2019accord bilat\u00e9ral de 2013 relatif aux exemptions de visa pour les passeports officiels alg\u00e9riens. Il insiste pour que ces d\u00e9cisions soient notifi\u00e9es sans d\u00e9lai aux autorit\u00e9s alg\u00e9riennes.<\/p>\n<p>\u00ab La France doit \u00eatre forte et se faire respecter \u00bb, \u00e9crit Macron dans sa lettre \u00e0 Bayrou. \u00ab Elle ne peut exiger ce respect de ses partenaires qu\u2019\u00e0 condition de le leur t\u00e9moigner elle-m\u00eame. Cette r\u00e8gle vaut aussi pour l\u2019Alg\u00e9rie. \u00bb Cette d\u00e9claration marque un tournant dans une crise diplomatique d\u00e9j\u00e0 tendue.<\/p>\n<p>Parmi les motifs invoqu\u00e9s pour justifier cette fermet\u00e9, Emmanuel Macron cite les incarc\u00e9rations jug\u00e9es arbitraires de l\u2019\u00e9crivain franco-alg\u00e9rien Boualem Sansal, condamn\u00e9 \u00e0 cinq ans de prison pour \u00ab atteinte \u00e0 l\u2019unit\u00e9 nationale \u00bb, et du journaliste fran\u00e7ais Christophe Gleizes, \u00e9copant de sept ans pour \u00ab apologie du terrorisme \u00bb. \u00c0 cela s\u2019ajoutent le non-respect des engagements migratoires de l\u2019Alg\u00e9rie et la rupture de coop\u00e9ration des 18 consulats alg\u00e9riens pr\u00e9sents sur le sol fran\u00e7ais avec les institutions de l\u2019\u00c9tat.<\/p>\n<p>Afin de couper court aux sp\u00e9culations en provenance d\u2019Alger, Emmanuel Macron ordonne \u00e9galement \u00e0 son Premier ministre d\u2019instruire Bruno Retailleau \u2014 connu pour sa ligne dure sur le dossier alg\u00e9rien \u2014 de trouver au plus vite \u00ab les voies et moyens d\u2019une coop\u00e9ration utile \u00bb avec son homologue alg\u00e9rien. Il demande aussi une action intransigeante contre la d\u00e9linquance li\u00e9e aux ressortissants alg\u00e9riens en situation irr\u00e9guli\u00e8re : \u00ab agir sans repos ni r\u00e9pit \u00bb, \u00e9crit-il.<\/p>\n<p>Pour autant, le pr\u00e9sident fran\u00e7ais ne ferme pas la porte \u00e0 un r\u00e9chauffement des relations : \u00ab Mon objectif reste de retrouver des relations efficaces et ambitieuses avec l\u2019Alg\u00e9rie \u00bb, affirme-t-il. Il conditionne n\u00e9anmoins la normalisation diplomatique \u00e0 des gestes concrets d\u2019Alger : la reprise de la coop\u00e9ration migratoire sera le pr\u00e9alable au plein exercice des trois consuls alg\u00e9riens actuellement en poste, et \u00e0 l\u2019agr\u00e9ment de cinq autres en attente.<\/p>\n<p>La lettre pr\u00e9sidentielle est claire : la r\u00e9ponse alg\u00e9rienne d\u00e9terminera la suite. Outre la coop\u00e9ration migratoire et consulaire, Emmanuel Macron \u00e9voque des dossiers sensibles encore en suspens : la dette hospitali\u00e8re, les activit\u00e9s opaques de certains services alg\u00e9riens en France, ainsi que les questions m\u00e9morielles.<\/p>\n<p>Pour l\u2019instant, Alger oppose un silence \u00e9tonnamment discret \u00e0 cette offensive diplomatique. Un silence qui en dit long sur l\u2019effet de surprise provoqu\u00e9 par la sortie du pr\u00e9sident fran\u00e7ais. Une r\u00e9ponse pourrait \u00eatre apport\u00e9e dans les heures \u00e0 venir. Mais tout laisse \u00e0 penser qu\u2019elle sera plus mesur\u00e9e qu\u2019\u00e0 l\u2019accoutum\u00e9e. \u00c0 Alger, on semble avoir compris que hausser le ton avec Paris ne sert pas les int\u00e9r\u00eats du r\u00e9gime.<\/p>\n<p>&nbsp;<\/p>\n<p>&nbsp;<\/p>\n<p>&nbsp;<\/p>\n<p>&nbsp;<\/p>\n<p>&nbsp;<\/p>\n<p>&nbsp;<\/p>\n<p>&nbsp;<\/p>\n","protected":false},"excerpt":{"rendered":"<p>Par Hichem ABOUD Contrairement aux all\u00e9gations v\u00e9hicul\u00e9es par la presse alg\u00e9rienne, la r\u00e9cente crise diplomatique entre Paris et Alger n\u2019a en rien \u00e9branl\u00e9 la coh\u00e9sion du gouvernement fran\u00e7ais. Pour les autorit\u00e9s fran\u00e7aises, l\u2019origine de la discorde ne fait aucun doute : elle remonte \u00e0 la reconnaissance, par le pr\u00e9sident Emmanuel Macron, de la souverainet\u00e9 marocaine &hellip;<\/p>\n","protected":false},"author":2,"featured_media":7022,"comment_status":"open","ping_status":"closed","sticky":false,"template":"","format":"standard","meta":{"jetpack_post_was_ever_published":false,"_jetpack_newsletter_access":"","_jetpack_dont_email_post_to_subs":false,"_jetpack_newsletter_tier_id":0,"_jetpack_memberships_contains_paywalled_content":false,"_jetpack_memberships_contains_paid_content":false,"footnotes":"","jetpack_publicize_message":"","jetpack_publicize_feature_enabled":true,"jetpack_social_post_already_shared":true,"jetpack_social_options":{"image_generator_settings":{"template":"highway","default_image_id":0,"font":"","enabled":false},"version":2}},"categories":[13],"tags":[],"class_list":["post-7019","post","type-post","status-publish","format-standard","has-post-thumbnail","","category-opinions"],"jetpack_publicize_connections":[],"jetpack_featured_media_url":"https:\/\/i0.wp.com\/amadalamazigh.press.ma\/fr\/wp-content\/uploads\/2025\/08\/IMG-20250808-WA0021.jpg?fit=513%2C463&ssl=1","jetpack_shortlink":"https:\/\/wp.me\/p9uxE2-1Pd","jetpack_sharing_enabled":true,"_links":{"self":[{"href":"https:\/\/amadalamazigh.press.ma\/fr\/wp-json\/wp\/v2\/posts\/7019","targetHints":{"allow":["GET"]}}],"collection":[{"href":"https:\/\/amadalamazigh.press.ma\/fr\/wp-json\/wp\/v2\/posts"}],"about":[{"href":"https:\/\/amadalamazigh.press.ma\/fr\/wp-json\/wp\/v2\/types\/post"}],"author":[{"embeddable":true,"href":"https:\/\/amadalamazigh.press.ma\/fr\/wp-json\/wp\/v2\/users\/2"}],"replies":[{"embeddable":true,"href":"https:\/\/amadalamazigh.press.ma\/fr\/wp-json\/wp\/v2\/comments?post=7019"}],"version-history":[{"count":3,"href":"https:\/\/amadalamazigh.press.ma\/fr\/wp-json\/wp\/v2\/posts\/7019\/revisions"}],"predecessor-version":[{"id":7024,"href":"https:\/\/amadalamazigh.press.ma\/fr\/wp-json\/wp\/v2\/posts\/7019\/revisions\/7024"}],"wp:featuredmedia":[{"embeddable":true,"href":"https:\/\/amadalamazigh.press.ma\/fr\/wp-json\/wp\/v2\/media\/7022"}],"wp:attachment":[{"href":"https:\/\/amadalamazigh.press.ma\/fr\/wp-json\/wp\/v2\/media?parent=7019"}],"wp:term":[{"taxonomy":"category","embeddable":true,"href":"https:\/\/amadalamazigh.press.ma\/fr\/wp-json\/wp\/v2\/categories?post=7019"},{"taxonomy":"post_tag","embeddable":true,"href":"https:\/\/amadalamazigh.press.ma\/fr\/wp-json\/wp\/v2\/tags?post=7019"}],"curies":[{"name":"wp","href":"https:\/\/api.w.org\/{rel}","templated":true}]}}