{"id":7043,"date":"2025-09-08T15:05:06","date_gmt":"2025-09-08T14:05:06","guid":{"rendered":"https:\/\/amadalamazigh.press.ma\/fr\/?p=7043"},"modified":"2025-09-08T15:05:06","modified_gmt":"2025-09-08T14:05:06","slug":"entretien-exclusif-avec-mounia-boumediane","status":"publish","type":"post","link":"https:\/\/amadalamazigh.press.ma\/fr\/entretien-exclusif-avec-mounia-boumediane\/","title":{"rendered":"Entretien exclusif avec Mounia BOUMEDIANE"},"content":{"rendered":"<p style=\"text-align: center;\"><em style=\"color: #003366;\"><strong><img data-recalc-dims=\"1\" loading=\"lazy\" decoding=\"async\" class=\"size-medium wp-image-7047 alignright\" src=\"https:\/\/i0.wp.com\/amadalamazigh.press.ma\/fr\/wp-content\/uploads\/2025\/09\/IMG-20250908-WA0006.jpg?resize=211%2C250&#038;ssl=1\" alt=\"\" width=\"211\" height=\"250\" srcset=\"https:\/\/i0.wp.com\/amadalamazigh.press.ma\/fr\/wp-content\/uploads\/2025\/09\/IMG-20250908-WA0006.jpg?resize=211%2C250&amp;ssl=1 211w, https:\/\/i0.wp.com\/amadalamazigh.press.ma\/fr\/wp-content\/uploads\/2025\/09\/IMG-20250908-WA0006.jpg?w=377&amp;ssl=1 377w\" sizes=\"auto, (max-width: 211px) 100vw, 211px\" \/>\u00abLa peinture est un moyen d&rsquo;expression identitaire\u00bb<\/strong><\/em><\/p>\n<p>Titulaire d\u2019un Doctorat en Sciences et techniques de l\u2019Information et de la Communication, elle a particip\u00e9 \u00e0 plusieurs expositions dans diff\u00e9rentes institutions nationales (Fondation Mohammed VI, IRCAM\u2026), polyglotte, Mme BOUMEDIANE est aussi artiste- peintre. Cet entretien met en lumi\u00e8re sa conception et ses rapports avec cette pratique artistique.<\/p>\n<ul>\n<li><strong>Comment s\u2019est d\u00e9clench\u00e9, (a commenc\u00e9) votre int\u00e9r\u00eat pour la peinture?<\/strong><\/li>\n<\/ul>\n<p>Mon int\u00e9r\u00eat pour la peinture s\u2019est d\u00e9clench\u00e9 t\u00f4t. A la maternelle, j\u2019aimais la peinture, les couleurs, le mixage, mariage de couleurs et surtout le maquillage (rouge \u00e0 l\u00e8vres, vernis \u00e0 ongles\u2026). Enfant petite, je n\u2019aimais pas faire la bise aux amies de la famille mais la donne change lorsqu\u2019une femme me sort sa trousse de maquillage ; \u00e7a me sublime.<\/p>\n<p>\u00ab Au coll\u00e8ge, nous avons eu un cursus de dessin. Les cours se basaient essentiellement sur le dessin et les dimensions 3D et g\u00e9om\u00e9trie sym\u00e9trique. Notre professeur d\u2019art plastique n\u2019arr\u00eatait pas de nous rabaisser et de nous dire que nous \u00e9tions des nuls en cette mati\u00e8re et que nous \u00e9tions des cas d\u00e9sesp\u00e9r\u00e9s. Alors, toute la classe r\u00e9clamait de faire la peinture au lieu du dessin puisque c\u2019est inclus dans le cursus mais le professeur s\u2019exclamait que nous ne disposions pas d\u2019atelier ad\u00e9quat et mat\u00e9riaux pour la peinture. \u00bb<\/p>\n<p>Depuis 2023, la date de la cr\u00e9ation du Centre Culturel Iklyle, je me suis inscrite \u00e0 l\u2019atelier d\u2019art plastique. L\u00e0, je suis en ma deuxi\u00e8me ann\u00e9e. Dans ce contexte, je r\u00e9it\u00e8re mes vifs remerciements \u00e0 notre professeur M. Said RAJI pour son encadrement, son soutien et sa pati<strong>ence.\u00a0<\/strong><\/p>\n<ul>\n<li><strong>Quelles sont les th\u00e9matiques qui vous pr\u00e9occupent?<\/strong><\/li>\n<\/ul>\n<p>En peinture, les th\u00e9matiques qui nous pr\u00e9occupent sont vastes et vari\u00e9es, allant des paysages aux formes, en se focalisant surtout sur des sujets plus abstraits et conceptuels. Nous explorons souvent des th\u00e8mes li\u00e9s \u00e0 la nature (morte ou vivante), \u00e0 la condition humaine, aux \u00e9motions, ou encore \u00e0 des questions plus existentielles.\u00a0 La peinture peut \u00e9galement nous servir de moyen d&rsquo;expression personnelle et identitaire permettant \u00e0 communiquer sur nos propres exp\u00e9riences, r\u00e9flexions, ou m\u00eame des pr\u00e9occupations plus larges sur l\u2019environnement qui nous entoure.<\/p>\n<ul>\n<li><strong>Quels mat\u00e9riaux utilisez-vous? pourquoi?<\/strong><\/li>\n<\/ul>\n<p>Les mat\u00e9riaux que nous utilisons sont vari\u00e9s et d\u00e9pendent du concept, de la perception et la vision que nous voulons exprimer et aussi d\u00e9pendent de l\u2019\u00e9tat d\u2019\u00e2me. Nous explorons la mati\u00e8re premi\u00e8re comme la terre, le charbon, la pierre ou la poudre de Nila, Aker Fasi, le sable, les pierres, les perles, le sel \u2026et aussi la peinture de type acrylique et aquarelle.\u00a0 Nous utilisons le papier us\u00e9, la brosse \u00e0 dent, la colle, le coton-tige, les plantes s\u00e8ches, (anis, lavande,) les feuilles d\u2019arbres mortes et le peigne en corne\u2026.<\/p>\n<p>Pourquoi le choix de ces mat\u00e9riaux ? pour nous, ce sont des mat\u00e9riaux nobles et qui ont une couleur et nuance naturelle primo. Nous aimons bien \u00eatre en contact direct avec la mati\u00e8re premi\u00e8re dans son \u00e9tat naturel et brut. Si nous prenons par exemple, la poudre ou la pierre de Nyla, \u00e7a ressort un bleu indigo extraordinaire d\u2019une brillance sublime et apaisante. Les plantes s\u00e8ches ou feuilles d\u2019arbres mortes en les utilisant dans les toiles et nous leur redonnons vie. Pour les perles, pourquoi les dessiner alors qu\u2019elles sont de formes diff\u00e9rentes et couleurs vari\u00e9es. Les transposer sur les toiles avec la technique du collage, cela leur donne une valeur ajout\u00e9e et une beaut\u00e9 naturelle et visuelle apaisante.<\/p>\n<ul>\n<li><strong>Quelle exp\u00e9rience vous a apport\u00e9 la R\u00e9sidence des artistes organis\u00e9e par l\u2019IRCAM?<\/strong><\/li>\n<\/ul>\n<p>La r\u00e9sidence des artistes, organis\u00e9e par l\u2019IRCAM du 09 au 11 juillet 2025, \u00e9tait une exp\u00e9rience formidable et inoubliable. Je profite de cette interview pour exprimer mes sinc\u00e8res remerciements au Recteur de l&rsquo;Institut Royal de la Culture Amazighe de nous avoir permis de participer \u00e0 cette r\u00e9sidence, ainsi qu&rsquo;au Secr\u00e9taire G\u00e9n\u00e9ral de nous avoir invit\u00e9. Je remercie \u00e9galement le comit\u00e9 d&rsquo;organisation de cette r\u00e9sidence pour l&rsquo;int\u00e9r\u00eat qu&rsquo;il a port\u00e9 \u00e0 notre dossier artistique et de nous faire adh\u00e9rer \u00e0 cette r\u00e9sidence. Aussi, remercierai-je le Directeur du Centre des Etudes Artistiques, des Expressions Litt\u00e9raires et de la Production Audiovisuelle relevant de l\u2019IRCAM pour son engagement et d\u00e9vouement \u00e0 la r\u00e9ussite et la survie de l\u2019institutionnalisation de cette pratique artistique.<\/p>\n<p>La r\u00e9sidence est une le\u00e7on de vie. Tant qu\u2019on veut on peut. L\u2019apprentissage ne se limite pas par l\u2019\u00e2ge. La r\u00e9sidence est une exp\u00e9rience humaine riche en contact et en parcours. Nous avons tiss\u00e9 des relations fraternelles d\u2019\u00e9change et de partage de techniques de part des professeurs d\u2019art plastique du nord et du sud-est et des autodidactes qui ont fait de l\u2019art leur m\u00e9tier et source de vie. A chacun son style, sa th\u00e9matique et sa technique mais le climat \u00e9tait serein et rempli d\u2019appr\u00e9ciation, de coop\u00e9ration d\u2019\u00e9change et de discussion d\u2019id\u00e9es et de principes dans une ambiance positive marqu\u00e9e par une intelligence collective et ouverture d\u2019esprit.\u00a0 Le th\u00e8me de cette r\u00e9sidence : \u00ab voyage au c\u0153ur de la beaut\u00e9 du monde avec l\u2019intelligence artificielle \u00bb refl\u00e8te r\u00e9ellement la bont\u00e9 des artistes et la beaut\u00e9 de leur cr\u00e9ation.<\/p>\n<ul>\n<li><strong>Projets Futurs?<\/strong><\/li>\n<\/ul>\n<p>En ce qui est de projets futurs, je laisse le hasard et mon sixi\u00e8me sens me guider. Je n\u2019aime pas trop planifier ni anticiper le devenir. L\u2019art me permet de vivre cette sensation \u00ab de l\u00e2che prise \u00bb de n\u2019avoir aucune contrainte de surmonter le stress. L\u2019art me procure une \u00e9vasion et une synergie positive et th\u00e9rapeutique de soi.\u00a0 \u00a0 Je le fais par plaisir et pour mon plaisir. Je vis le moment en profitant pleinement de la vie.\u00a0 \u00a0Et je remercie Dieu Tout-Puissant pour sa bonne cr\u00e9ation et les b\u00e9n\u00e9dictions qu\u2019il nous a accord\u00e9es, notamment les b\u00e9n\u00e9dictions de la vue, de l\u2019ou\u00efe, du toucher, de la sant\u00e9 et du bien-\u00eatre\u2026<\/p>\n<ul>\n<li><strong>Un dernier mot<\/strong><\/li>\n<\/ul>\n<p>Je me dis toujours que tout \u00e0 chacun a un hobby.\u00a0 Il faut juste avoir confiance en soi- m\u00eame et se faire plaisir en pratiquant une activit\u00e9 artistique qui nous fa\u00e7onne. Et c\u2019est s\u00fbr lorsque nous exer\u00e7ons ce qu\u2019on aime avec passion et plaisir, le r\u00e9sultat est toujours satisfaisant et prometteur.<\/p>\n<p style=\"text-align: right;\"><strong>Propos recueillis par : Moha Moukhlis<\/strong><\/p>\n<p><img data-recalc-dims=\"1\" loading=\"lazy\" decoding=\"async\" class=\"aligncenter wp-image-7046 size-full\" src=\"https:\/\/i0.wp.com\/amadalamazigh.press.ma\/fr\/wp-content\/uploads\/2025\/09\/IMG-20250908-WA0008.jpg?resize=518%2C810&#038;ssl=1\" alt=\"\" width=\"518\" height=\"810\" srcset=\"https:\/\/i0.wp.com\/amadalamazigh.press.ma\/fr\/wp-content\/uploads\/2025\/09\/IMG-20250908-WA0008.jpg?w=518&amp;ssl=1 518w, https:\/\/i0.wp.com\/amadalamazigh.press.ma\/fr\/wp-content\/uploads\/2025\/09\/IMG-20250908-WA0008.jpg?resize=160%2C250&amp;ssl=1 160w\" sizes=\"auto, (max-width: 518px) 100vw, 518px\" \/><\/p>\n","protected":false},"excerpt":{"rendered":"<p>\u00abLa peinture est un moyen d&rsquo;expression identitaire\u00bb Titulaire d\u2019un Doctorat en Sciences et techniques de l\u2019Information et de la Communication, elle a particip\u00e9 \u00e0 plusieurs expositions dans diff\u00e9rentes institutions nationales (Fondation Mohammed VI, IRCAM\u2026), polyglotte, Mme BOUMEDIANE est aussi artiste- peintre. Cet entretien met en lumi\u00e8re sa conception et ses rapports avec cette pratique artistique. &hellip;<\/p>\n","protected":false},"author":2,"featured_media":7049,"comment_status":"open","ping_status":"closed","sticky":false,"template":"","format":"standard","meta":{"jetpack_post_was_ever_published":false,"_jetpack_newsletter_access":"","_jetpack_dont_email_post_to_subs":false,"_jetpack_newsletter_tier_id":0,"_jetpack_memberships_contains_paywalled_content":false,"_jetpack_memberships_contains_paid_content":false,"footnotes":"","jetpack_publicize_message":"","jetpack_publicize_feature_enabled":true,"jetpack_social_post_already_shared":true,"jetpack_social_options":{"image_generator_settings":{"template":"highway","default_image_id":0,"font":"","enabled":false},"version":2}},"categories":[21,10],"tags":[],"class_list":["post-7043","post","type-post","status-publish","format-standard","has-post-thumbnail","","category-culture-art","category-maroc"],"jetpack_publicize_connections":[],"jetpack_featured_media_url":"https:\/\/i0.wp.com\/amadalamazigh.press.ma\/fr\/wp-content\/uploads\/2025\/09\/IMG-20250908-WA0008-1.jpg?fit=2072%2C1868&ssl=1","jetpack_shortlink":"https:\/\/wp.me\/p9uxE2-1PB","jetpack_sharing_enabled":true,"_links":{"self":[{"href":"https:\/\/amadalamazigh.press.ma\/fr\/wp-json\/wp\/v2\/posts\/7043","targetHints":{"allow":["GET"]}}],"collection":[{"href":"https:\/\/amadalamazigh.press.ma\/fr\/wp-json\/wp\/v2\/posts"}],"about":[{"href":"https:\/\/amadalamazigh.press.ma\/fr\/wp-json\/wp\/v2\/types\/post"}],"author":[{"embeddable":true,"href":"https:\/\/amadalamazigh.press.ma\/fr\/wp-json\/wp\/v2\/users\/2"}],"replies":[{"embeddable":true,"href":"https:\/\/amadalamazigh.press.ma\/fr\/wp-json\/wp\/v2\/comments?post=7043"}],"version-history":[{"count":3,"href":"https:\/\/amadalamazigh.press.ma\/fr\/wp-json\/wp\/v2\/posts\/7043\/revisions"}],"predecessor-version":[{"id":7048,"href":"https:\/\/amadalamazigh.press.ma\/fr\/wp-json\/wp\/v2\/posts\/7043\/revisions\/7048"}],"wp:featuredmedia":[{"embeddable":true,"href":"https:\/\/amadalamazigh.press.ma\/fr\/wp-json\/wp\/v2\/media\/7049"}],"wp:attachment":[{"href":"https:\/\/amadalamazigh.press.ma\/fr\/wp-json\/wp\/v2\/media?parent=7043"}],"wp:term":[{"taxonomy":"category","embeddable":true,"href":"https:\/\/amadalamazigh.press.ma\/fr\/wp-json\/wp\/v2\/categories?post=7043"},{"taxonomy":"post_tag","embeddable":true,"href":"https:\/\/amadalamazigh.press.ma\/fr\/wp-json\/wp\/v2\/tags?post=7043"}],"curies":[{"name":"wp","href":"https:\/\/api.w.org\/{rel}","templated":true}]}}