{"id":7074,"date":"2025-09-19T11:27:54","date_gmt":"2025-09-19T10:27:54","guid":{"rendered":"https:\/\/amadalamazigh.press.ma\/fr\/?p=7074"},"modified":"2025-09-19T11:27:54","modified_gmt":"2025-09-19T10:27:54","slug":"la-fete-du-cinema-2025-pres-de-60-000-spectateurs-au-rendez-vous-dans-tout-le-maroc","status":"publish","type":"post","link":"https:\/\/amadalamazigh.press.ma\/fr\/la-fete-du-cinema-2025-pres-de-60-000-spectateurs-au-rendez-vous-dans-tout-le-maroc\/","title":{"rendered":"La F\u00eate du cin\u00e9ma 2025: Pr\u00e8s de 60 000 spectateurs au rendez-vous dans tout le Maroc"},"content":{"rendered":"<p><img data-recalc-dims=\"1\" loading=\"lazy\" decoding=\"async\" class=\"size-medium wp-image-7075 alignright\" src=\"https:\/\/i0.wp.com\/amadalamazigh.press.ma\/fr\/wp-content\/uploads\/2025\/09\/Fete-du-Cinema-2025.jpeg?resize=444%2C250&#038;ssl=1\" alt=\"\" width=\"444\" height=\"250\" srcset=\"https:\/\/i0.wp.com\/amadalamazigh.press.ma\/fr\/wp-content\/uploads\/2025\/09\/Fete-du-Cinema-2025.jpeg?resize=444%2C250&amp;ssl=1 444w, https:\/\/i0.wp.com\/amadalamazigh.press.ma\/fr\/wp-content\/uploads\/2025\/09\/Fete-du-Cinema-2025.jpeg?resize=1024%2C576&amp;ssl=1 1024w, https:\/\/i0.wp.com\/amadalamazigh.press.ma\/fr\/wp-content\/uploads\/2025\/09\/Fete-du-Cinema-2025.jpeg?resize=1536%2C864&amp;ssl=1 1536w, https:\/\/i0.wp.com\/amadalamazigh.press.ma\/fr\/wp-content\/uploads\/2025\/09\/Fete-du-Cinema-2025.jpeg?w=1600&amp;ssl=1 1600w, https:\/\/i0.wp.com\/amadalamazigh.press.ma\/fr\/wp-content\/uploads\/2025\/09\/Fete-du-Cinema-2025.jpeg?w=1236&amp;ssl=1 1236w\" sizes=\"auto, (max-width: 444px) 100vw, 444px\" \/>La magie du grand \u00e9cran a op\u00e9r\u00e9 ! La F\u00eate du cin\u00e9ma, organis\u00e9e durant quatre jours, du 11 au 14 septembre, a confirm\u00e9 son succ\u00e8s en enregistrant pr\u00e8s de <strong>60 000 entr\u00e9es<\/strong> dans l\u2019ensemble des salles partenaires du Royaume. Pr\u00e8s de 28 % de ces entr\u00e9es ont concern\u00e9 des films marocains, tels que <em>Ana machi ana<\/em>, <em>My Friend<\/em>, et d\u2019autres titres qui ont s\u00e9duit le public.<\/p>\n<p>Cet engouement massif d\u00e9montre l\u2019attachement du public marocain au cin\u00e9ma et \u00e0 ses salles, qui ont vibr\u00e9 durant ces quatre jours au rythme de projections sp\u00e9ciales, de rencontres avec les professionnels et d\u2019animations festives.<\/p>\n<p>Plus qu\u2019un rendez-vous culturel, la F\u00eate du cin\u00e9ma s\u2019est affirm\u00e9e comme un moment de partage et de c\u00e9l\u00e9bration populaire, accessible \u00e0 tous gr\u00e2ce \u00e0 une tarification unique et attractive de <strong>30 DH la s\u00e9ance<\/strong>. Des familles, des cin\u00e9philes, mais aussi un nouveau public curieux ont r\u00e9pondu pr\u00e9sent, prouvant que la salle reste un lieu d\u2019\u00e9motion collective irrempla\u00e7able.<\/p>\n<p>\u00ab <em>Avec pr\u00e8s de 60 000 spectateurs, nous pouvons affirmer que le cin\u00e9ma au Maroc a son public, et qu\u2019il ne demande qu\u2019\u00e0 \u00eatre fid\u00e9lis\u00e9 et \u00e9largi<\/em> \u00bb, soulignent les organisateurs. <em>La F\u00eate du cin\u00e9ma a tenu ses promesses : d\u00e9mocratiser l\u2019acc\u00e8s au 7e art et mettre en lumi\u00e8re l\u2019importance des salles dans la vie culturelle de nos villes.<\/em> \u00bb<\/p>\n<p>Les organisateurs tiennent \u00e0 remercier l\u2019ensemble des partenaires institutionnels et priv\u00e9s, notamment le <strong>Centre Cin\u00e9matographique Marocain<\/strong>, la <strong>Chambre des Salles de Cin\u00e9ma<\/strong>, ainsi que les exploitants, pour leur mobilisation sans faille. Gr\u00e2ce \u00e0 eux, cette \u00e9dition a pu offrir un programme riche et festif, confirmant que la F\u00eate du cin\u00e9ma s\u2019inscrit d\u00e9sormais comme un rendez-vous annuel incontournable.<\/p>\n<p>En parall\u00e8le, la F\u00eate du cin\u00e9ma a \u00e9galement rev\u00eatu une dimension solidaire gr\u00e2ce \u00e0 une op\u00e9ration men\u00e9e en partenariat avec l\u2019association <strong>Yed Najma<\/strong>. Plus de 150 enfants issus de milieux d\u00e9favoris\u00e9s ont ainsi \u00e9t\u00e9 invit\u00e9s \u00e0 d\u00e9couvrir la magie du grand \u00e9cran et \u00e0 profiter de projections sp\u00e9cialement organis\u00e9es pour eux. Une initiative qui souligne la vocation inclusive de cet \u00e9v\u00e9nement et son engagement \u00e0 rendre le cin\u00e9ma accessible \u00e0 toutes et \u00e0 tous.<\/p>\n","protected":false},"excerpt":{"rendered":"<p>La magie du grand \u00e9cran a op\u00e9r\u00e9 ! La F\u00eate du cin\u00e9ma, organis\u00e9e durant quatre jours, du 11 au 14 septembre, a confirm\u00e9 son succ\u00e8s en enregistrant pr\u00e8s de 60 000 entr\u00e9es dans l\u2019ensemble des salles partenaires du Royaume. Pr\u00e8s de 28 % de ces entr\u00e9es ont concern\u00e9 des films marocains, tels que Ana machi &hellip;<\/p>\n","protected":false},"author":2,"featured_media":7075,"comment_status":"open","ping_status":"closed","sticky":false,"template":"","format":"standard","meta":{"jetpack_post_was_ever_published":false,"_jetpack_newsletter_access":"","_jetpack_dont_email_post_to_subs":false,"_jetpack_newsletter_tier_id":0,"_jetpack_memberships_contains_paywalled_content":false,"_jetpack_memberships_contains_paid_content":false,"footnotes":"","jetpack_publicize_message":"","jetpack_publicize_feature_enabled":true,"jetpack_social_post_already_shared":true,"jetpack_social_options":{"image_generator_settings":{"template":"highway","default_image_id":0,"font":"","enabled":false},"version":2}},"categories":[21,10],"tags":[],"class_list":["post-7074","post","type-post","status-publish","format-standard","has-post-thumbnail","","category-culture-art","category-maroc"],"jetpack_publicize_connections":[],"jetpack_featured_media_url":"https:\/\/i0.wp.com\/amadalamazigh.press.ma\/fr\/wp-content\/uploads\/2025\/09\/Fete-du-Cinema-2025.jpeg?fit=1600%2C900&ssl=1","jetpack_shortlink":"https:\/\/wp.me\/p9uxE2-1Q6","jetpack_sharing_enabled":true,"_links":{"self":[{"href":"https:\/\/amadalamazigh.press.ma\/fr\/wp-json\/wp\/v2\/posts\/7074","targetHints":{"allow":["GET"]}}],"collection":[{"href":"https:\/\/amadalamazigh.press.ma\/fr\/wp-json\/wp\/v2\/posts"}],"about":[{"href":"https:\/\/amadalamazigh.press.ma\/fr\/wp-json\/wp\/v2\/types\/post"}],"author":[{"embeddable":true,"href":"https:\/\/amadalamazigh.press.ma\/fr\/wp-json\/wp\/v2\/users\/2"}],"replies":[{"embeddable":true,"href":"https:\/\/amadalamazigh.press.ma\/fr\/wp-json\/wp\/v2\/comments?post=7074"}],"version-history":[{"count":1,"href":"https:\/\/amadalamazigh.press.ma\/fr\/wp-json\/wp\/v2\/posts\/7074\/revisions"}],"predecessor-version":[{"id":7076,"href":"https:\/\/amadalamazigh.press.ma\/fr\/wp-json\/wp\/v2\/posts\/7074\/revisions\/7076"}],"wp:featuredmedia":[{"embeddable":true,"href":"https:\/\/amadalamazigh.press.ma\/fr\/wp-json\/wp\/v2\/media\/7075"}],"wp:attachment":[{"href":"https:\/\/amadalamazigh.press.ma\/fr\/wp-json\/wp\/v2\/media?parent=7074"}],"wp:term":[{"taxonomy":"category","embeddable":true,"href":"https:\/\/amadalamazigh.press.ma\/fr\/wp-json\/wp\/v2\/categories?post=7074"},{"taxonomy":"post_tag","embeddable":true,"href":"https:\/\/amadalamazigh.press.ma\/fr\/wp-json\/wp\/v2\/tags?post=7074"}],"curies":[{"name":"wp","href":"https:\/\/api.w.org\/{rel}","templated":true}]}}