{"id":7111,"date":"2025-10-02T13:38:37","date_gmt":"2025-10-02T12:38:37","guid":{"rendered":"https:\/\/amadalamazigh.press.ma\/fr\/?p=7111"},"modified":"2025-10-02T13:38:37","modified_gmt":"2025-10-02T12:38:37","slug":"le-festival-du-film-amazigh-un-voyage-cinematographique-au-coeur-dune-culture-millenaire","status":"publish","type":"post","link":"https:\/\/amadalamazigh.press.ma\/fr\/le-festival-du-film-amazigh-un-voyage-cinematographique-au-coeur-dune-culture-millenaire\/","title":{"rendered":"Le Festival du Film Amazigh : un voyage cin\u00e9matographique au c\u0153ur d\u2019une culture mill\u00e9naire"},"content":{"rendered":"<p data-start=\"200\" data-end=\"562\"><img data-recalc-dims=\"1\" loading=\"lazy\" decoding=\"async\" class=\"size-medium wp-image-7112 alignright\" src=\"https:\/\/i0.wp.com\/amadalamazigh.press.ma\/fr\/wp-content\/uploads\/2025\/10\/amazigh.jpg?resize=313%2C250&#038;ssl=1\" alt=\"\" width=\"313\" height=\"250\" srcset=\"https:\/\/i0.wp.com\/amadalamazigh.press.ma\/fr\/wp-content\/uploads\/2025\/10\/amazigh.jpg?resize=313%2C250&amp;ssl=1 313w, https:\/\/i0.wp.com\/amadalamazigh.press.ma\/fr\/wp-content\/uploads\/2025\/10\/amazigh.jpg?resize=1024%2C819&amp;ssl=1 1024w, https:\/\/i0.wp.com\/amadalamazigh.press.ma\/fr\/wp-content\/uploads\/2025\/10\/amazigh.jpg?resize=1536%2C1229&amp;ssl=1 1536w, https:\/\/i0.wp.com\/amadalamazigh.press.ma\/fr\/wp-content\/uploads\/2025\/10\/amazigh.jpg?w=2000&amp;ssl=1 2000w, https:\/\/i0.wp.com\/amadalamazigh.press.ma\/fr\/wp-content\/uploads\/2025\/10\/amazigh.jpg?w=1236&amp;ssl=1 1236w, https:\/\/i0.wp.com\/amadalamazigh.press.ma\/fr\/wp-content\/uploads\/2025\/10\/amazigh.jpg?w=1854&amp;ssl=1 1854w\" sizes=\"auto, (max-width: 313px) 100vw, 313px\" \/>Le Festival du Film Amazigh s\u2019impose, ann\u00e9e apr\u00e8s ann\u00e9e, comme une c\u00e9l\u00e9bration incontournable de la culture et de l\u2019identit\u00e9 amazighes. V\u00e9ritable vitrine du cin\u00e9ma autochtone d\u2019Afrique du Nord, il met en lumi\u00e8re les histoires, les voix et les visions du peuple amazigh (berb\u00e8re), \u00e0 travers une s\u00e9lection riche de films, documentaires et \u0153uvres artistiques.<\/p>\n<p data-start=\"564\" data-end=\"940\">Plus qu\u2019un simple rendez-vous cin\u00e9matographique, le festival se veut une plateforme de pr\u00e9servation culturelle, d\u2019expression cr\u00e9ative et de dialogue interculturel. Chaque \u00e9dition r\u00e9unit cin\u00e9astes, chercheurs, artistes et membres de la communaut\u00e9 venus du monde entier, offrant ainsi au public une immersion unique dans la richesse et la r\u00e9silience du patrimoine amazigh.<\/p>\n<p data-start=\"942\" data-end=\"991\"><strong>Une programmation 2025 riche et diversifi\u00e9e<\/strong><\/p>\n<p data-start=\"992\" data-end=\"1120\">Cette ann\u00e9e, la programmation r\u00e9serve de belles surprises aux cin\u00e9philes et aux passionn\u00e9s de culture. Parmi les temps forts :<\/p>\n<ul data-start=\"1121\" data-end=\"1252\">\n<li data-start=\"1121\" data-end=\"1164\">\n<p data-start=\"1123\" data-end=\"1164\"><em data-start=\"1123\" data-end=\"1146\">A Corpse on the Shore<\/em> d\u2019Aksel Rifman,<\/p>\n<\/li>\n<li data-start=\"1165\" data-end=\"1208\">\n<p data-start=\"1167\" data-end=\"1208\"><em data-start=\"1167\" data-end=\"1187\">Ticrad (Tatouages)<\/em> d\u2019Idir Benchabane,<\/p>\n<\/li>\n<li data-start=\"1209\" data-end=\"1252\">\n<p data-start=\"1211\" data-end=\"1252\"><em data-start=\"1211\" data-end=\"1233\">Izuran (Les Racines)<\/em> de Djamal Bacha.<\/p>\n<\/li>\n<\/ul>\n<p data-start=\"1254\" data-end=\"1424\">\u00c0 ces \u0153uvres s\u2019ajoutent de nombreux autres films in\u00e9dits qui t\u00e9moignent de la vitalit\u00e9 et de la cr\u00e9ativit\u00e9 des cin\u00e9astes amazighs, entre m\u00e9moire, identit\u00e9 et modernit\u00e9.<\/p>\n<p data-start=\"1426\" data-end=\"1454\"><strong>Hommage \u00e0 Brahim Taski<\/strong><\/p>\n<p data-start=\"1455\" data-end=\"1894\">L\u2019un des moments les plus attendus de cette \u00e9dition sera sans doute l\u2019hommage rendu au directeur de la photographie alg\u00e9rien Brahim Taski. Pour l\u2019occasion, le festival pr\u00e9sentera en avant-premi\u00e8re am\u00e9ricaine son film <em data-start=\"1676\" data-end=\"1705\">Ayrouwen (Once Upon a Time)<\/em>, tourn\u00e9 en tamasheq, produit par Belkacem Hadjadj. Cet hommage souligne l\u2019importance des artisans de l\u2019image dans la transmission des r\u00e9cits amazighs et leur diffusion \u00e0 l\u2019international.<\/p>\n<p data-start=\"1896\" data-end=\"1935\"><strong>Une invitation au voyage culturel<\/strong><\/p>\n<p data-start=\"1936\" data-end=\"2186\">Que vous soyez cin\u00e9phile averti, passionn\u00e9 d\u2019anthropologie culturelle ou simplement curieux, le Festival du Film Amazigh constitue une exp\u00e9rience singuli\u00e8re : celle de d\u00e9couvrir l\u2019Afrique du Nord \u00e0 travers le regard de ses conteurs autochtones.<\/p>\n<p data-start=\"2188\" data-end=\"2427\">Le festival ne se contente pas de projeter des films, il raconte une histoire collective, celle d\u2019un peuple qui, par le biais du cin\u00e9ma, continue d\u2019affirmer son identit\u00e9, de d\u00e9fendre sa m\u00e9moire et de partager sa cr\u00e9ativit\u00e9 avec le monde.<\/p>\n","protected":false},"excerpt":{"rendered":"<p>Le Festival du Film Amazigh s\u2019impose, ann\u00e9e apr\u00e8s ann\u00e9e, comme une c\u00e9l\u00e9bration incontournable de la culture et de l\u2019identit\u00e9 amazighes. V\u00e9ritable vitrine du cin\u00e9ma autochtone d\u2019Afrique du Nord, il met en lumi\u00e8re les histoires, les voix et les visions du peuple amazigh (berb\u00e8re), \u00e0 travers une s\u00e9lection riche de films, documentaires et \u0153uvres artistiques. Plus &hellip;<\/p>\n","protected":false},"author":2,"featured_media":7112,"comment_status":"open","ping_status":"closed","sticky":false,"template":"","format":"standard","meta":{"jetpack_post_was_ever_published":false,"_jetpack_newsletter_access":"","_jetpack_dont_email_post_to_subs":false,"_jetpack_newsletter_tier_id":0,"_jetpack_memberships_contains_paywalled_content":false,"_jetpack_memberships_contains_paid_content":false,"footnotes":"","jetpack_publicize_message":"","jetpack_publicize_feature_enabled":true,"jetpack_social_post_already_shared":true,"jetpack_social_options":{"image_generator_settings":{"template":"highway","default_image_id":0,"font":"","enabled":false},"version":2}},"categories":[21,18],"tags":[],"class_list":["post-7111","post","type-post","status-publish","format-standard","has-post-thumbnail","","category-culture-art","category-hors-tamazgha"],"jetpack_publicize_connections":[],"jetpack_featured_media_url":"https:\/\/i0.wp.com\/amadalamazigh.press.ma\/fr\/wp-content\/uploads\/2025\/10\/amazigh.jpg?fit=2000%2C1600&ssl=1","jetpack_shortlink":"https:\/\/wp.me\/p9uxE2-1QH","jetpack_sharing_enabled":true,"_links":{"self":[{"href":"https:\/\/amadalamazigh.press.ma\/fr\/wp-json\/wp\/v2\/posts\/7111","targetHints":{"allow":["GET"]}}],"collection":[{"href":"https:\/\/amadalamazigh.press.ma\/fr\/wp-json\/wp\/v2\/posts"}],"about":[{"href":"https:\/\/amadalamazigh.press.ma\/fr\/wp-json\/wp\/v2\/types\/post"}],"author":[{"embeddable":true,"href":"https:\/\/amadalamazigh.press.ma\/fr\/wp-json\/wp\/v2\/users\/2"}],"replies":[{"embeddable":true,"href":"https:\/\/amadalamazigh.press.ma\/fr\/wp-json\/wp\/v2\/comments?post=7111"}],"version-history":[{"count":1,"href":"https:\/\/amadalamazigh.press.ma\/fr\/wp-json\/wp\/v2\/posts\/7111\/revisions"}],"predecessor-version":[{"id":7113,"href":"https:\/\/amadalamazigh.press.ma\/fr\/wp-json\/wp\/v2\/posts\/7111\/revisions\/7113"}],"wp:featuredmedia":[{"embeddable":true,"href":"https:\/\/amadalamazigh.press.ma\/fr\/wp-json\/wp\/v2\/media\/7112"}],"wp:attachment":[{"href":"https:\/\/amadalamazigh.press.ma\/fr\/wp-json\/wp\/v2\/media?parent=7111"}],"wp:term":[{"taxonomy":"category","embeddable":true,"href":"https:\/\/amadalamazigh.press.ma\/fr\/wp-json\/wp\/v2\/categories?post=7111"},{"taxonomy":"post_tag","embeddable":true,"href":"https:\/\/amadalamazigh.press.ma\/fr\/wp-json\/wp\/v2\/tags?post=7111"}],"curies":[{"name":"wp","href":"https:\/\/api.w.org\/{rel}","templated":true}]}}