{"id":7207,"date":"2025-10-31T11:56:23","date_gmt":"2025-10-31T10:56:23","guid":{"rendered":"https:\/\/amadalamazigh.press.ma\/fr\/?p=7207"},"modified":"2025-10-31T11:56:23","modified_gmt":"2025-10-31T10:56:23","slug":"conference-wiki-camp-maroc-2025","status":"publish","type":"post","link":"https:\/\/amadalamazigh.press.ma\/fr\/conference-wiki-camp-maroc-2025\/","title":{"rendered":"Conf\u00e9rence Wiki Camp Maroc 2025"},"content":{"rendered":"<p><img data-recalc-dims=\"1\" loading=\"lazy\" decoding=\"async\" class=\"size-medium wp-image-7208 alignright\" src=\"https:\/\/i0.wp.com\/amadalamazigh.press.ma\/fr\/wp-content\/uploads\/2025\/10\/Group_WikiCamp_2025_2.jpg?resize=375%2C250&#038;ssl=1\" alt=\"\" width=\"375\" height=\"250\" srcset=\"https:\/\/i0.wp.com\/amadalamazigh.press.ma\/fr\/wp-content\/uploads\/2025\/10\/Group_WikiCamp_2025_2-scaled.jpg?resize=375%2C250&amp;ssl=1 375w, https:\/\/i0.wp.com\/amadalamazigh.press.ma\/fr\/wp-content\/uploads\/2025\/10\/Group_WikiCamp_2025_2-scaled.jpg?resize=1024%2C683&amp;ssl=1 1024w, https:\/\/i0.wp.com\/amadalamazigh.press.ma\/fr\/wp-content\/uploads\/2025\/10\/Group_WikiCamp_2025_2-scaled.jpg?resize=1536%2C1024&amp;ssl=1 1536w, https:\/\/i0.wp.com\/amadalamazigh.press.ma\/fr\/wp-content\/uploads\/2025\/10\/Group_WikiCamp_2025_2-scaled.jpg?resize=2048%2C1365&amp;ssl=1 2048w, https:\/\/i0.wp.com\/amadalamazigh.press.ma\/fr\/wp-content\/uploads\/2025\/10\/Group_WikiCamp_2025_2-scaled.jpg?w=1236&amp;ssl=1 1236w, https:\/\/i0.wp.com\/amadalamazigh.press.ma\/fr\/wp-content\/uploads\/2025\/10\/Group_WikiCamp_2025_2-scaled.jpg?w=1854&amp;ssl=1 1854w\" sizes=\"auto, (max-width: 375px) 100vw, 375px\" \/>Du 21 au 24 octobre 2025, la ville de F\u00e8s a accueilli la conf\u00e9rence Wikimedia Maroc (Wiki Camp) sous le th\u00e8me \u00ab\u00a0Strat\u00e9gie et d\u00e9veloppement des comp\u00e9tences\u00a0\u00bb. L&rsquo;\u00e9v\u00e9nement s&rsquo;est d\u00e9roul\u00e9 dans une atmosph\u00e8re studieuse et collaborative, r\u00e9unissant une trentaine de contributeurs marocains aux projets du savoir libre.<\/p>\n<p>La conf\u00e9rence visait \u00e0 renforcer les capacit\u00e9s de r\u00e9daction des participants, \u00e0 d\u00e9velopper leurs comp\u00e9tences techniques et cognitives, ainsi qu&rsquo;\u00e0 ouvrir le d\u00e9bat sur l&rsquo;avenir de la participation communautaire aux projets Wikimedia, principalement Wikip\u00e9dia.<\/p>\n<p>Le programme comprenait une s\u00e9rie d&rsquo;ateliers et de pr\u00e9sentations abordant divers sujets, parmi lesquels:<\/p>\n<ul>\n<li>Atelier \u00ab\u00a0Vers un avenir participatif\u00a0\u00bb : discussion sur les strat\u00e9gies efficaces pour l&rsquo;engagement communautaire au sein de l&rsquo;\u00e9cosyst\u00e8me Wikimedia.<\/li>\n<li>Atelier \u00ab\u00a0Introduction pratique \u00e0 Wikidata\u00a0\u00bb : visant \u00e0 familiariser les participants avec les outils de donn\u00e9es ouvertes et \u00e0 encourager l&rsquo;interaction avec les projets Wikidata.<\/li>\n<li>Atelier \u00ab\u00a0Techniques de r\u00e9daction pour des articles de qualit\u00e9\u00a0\u00bb : ax\u00e9 sur le renforcement de la qualit\u00e9 et de la pr\u00e9cision \u00e9ditoriale.<\/li>\n<li>Atelier \u00ab\u00a0L&rsquo;enseignant, partenaire de la diffusion du savoir libre\u00a0\u00bb : mettant en lumi\u00e8re le r\u00f4le des \u00e9ducateurs dans le soutien des projets Wikip\u00e9dia.<\/li>\n<li>Atelier \u00ab\u00a0Enrichissement du contenu amazigh\u00a0\u00bb : discussion sur les d\u00e9fis de l&rsquo;int\u00e9gration de la langue amazighe et les moyens d&rsquo;impliquer les communaut\u00e9s locales.<\/li>\n<li>Atelier \u00ab\u00a0Articles en Darija marocaine\u00a0\u00bb : centr\u00e9 sur le patrimoine linguistique oral et les d\u00e9fis li\u00e9s \u00e0 sa documentation.<\/li>\n<li>Atelier \u00ab\u00a0Les bases de Wikimedia Commons et l&rsquo;importation d&rsquo;images libres\u00a0\u00bb.<\/li>\n<li>Session \u00ab\u00a0Intelligence artificielle et Wikip\u00e9dia : opportunit\u00e9s et risques\u00a0\u00bb.<\/li>\n<li>Session \u00ab\u00a0Comment am\u00e9liorer les articles marocains pour obtenir le label &lsquo;Article de qualit\u00e9'\u00a0\u00bb : o\u00f9 les participants ont discut\u00e9 des m\u00e9canismes de d\u00e9veloppement du contenu local en conformit\u00e9 avec les standards internationaux.<\/li>\n<\/ul>\n<p>L&rsquo;\u00e9v\u00e9nement a \u00e9galement \u00e9t\u00e9 marqu\u00e9 par l&rsquo;organisation d&rsquo;un \u00ab\u00a0mini-hackathon\u00a0\u00bb avec la participation de l&rsquo;\u00e9quipe technique de Wikimedia Maroc. Des pr\u00e9sentations techniques sur des outils tels que AutoWikiBrowser, OpenRefine, Phabricator et WikiFunctions y ont \u00e9t\u00e9 faites. Les r\u00e9sultats du hackathon incluent le d\u00e9veloppement de plusieurs projets techniques, notamment :<\/p>\n<ul>\n<li>D\u00e9veloppement de Wikifunctions.<\/li>\n<li>Nettoyage et t\u00e9l\u00e9versement sur Wikidata des donn\u00e9es relatives aux coll\u00e8ges et h\u00f4pitaux marocains.<\/li>\n<li>Mise \u00e0 jour de la version arabe de SuggestBot et d\u00e9veloppement de DarijaBot.<\/li>\n<li>D\u00e9veloppement d&rsquo;une application \u00ab\u00a0Wikipedia Chatbot\u00a0\u00bb et d&rsquo;un mod\u00e8le de synth\u00e8se vocale (Text-to-Speech) pour le dialecte marocain (Darija TTS).<\/li>\n<li>Am\u00e9lioration de l&rsquo;interface utilisateur du Wiktionnaire en amazigh standard pour faciliter la saisie des donn\u00e9es.<\/li>\n<li>Ajout d&rsquo;une nouvelle police Tifinagh open-source \u00e0 Google Fonts.<\/li>\n<\/ul>\n<p>Ces projets visent \u00e0 soutenir l&rsquo;\u00e9cosyst\u00e8me Wikimedia, \u00e0 renforcer les outils du savoir libre et \u00e0 am\u00e9liorer l&rsquo;exp\u00e9rience utilisateur.<\/p>\n<p>La conf\u00e9rence s&rsquo;est achev\u00e9e par une sortie documentaire dans la ville de F\u00e8s, suivie d&rsquo;une c\u00e9r\u00e9monie c\u00e9l\u00e9brant le dixi\u00e8me anniversaire de la cr\u00e9ation du groupe d&rsquo;utilisateurs Wikimedia Maroc, dans une atmosph\u00e8re de reconnaissance envers tous ceux qui ont contribu\u00e9 \u00e0 ancrer la culture du savoir libre au Maroc.<\/p>\n<p style=\"text-align: right;\"><strong>Brahim Essaidi<\/strong><\/p>\n","protected":false},"excerpt":{"rendered":"<p>Du 21 au 24 octobre 2025, la ville de F\u00e8s a accueilli la conf\u00e9rence Wikimedia Maroc (Wiki Camp) sous le th\u00e8me \u00ab\u00a0Strat\u00e9gie et d\u00e9veloppement des comp\u00e9tences\u00a0\u00bb. L&rsquo;\u00e9v\u00e9nement s&rsquo;est d\u00e9roul\u00e9 dans une atmosph\u00e8re studieuse et collaborative, r\u00e9unissant une trentaine de contributeurs marocains aux projets du savoir libre. La conf\u00e9rence visait \u00e0 renforcer les capacit\u00e9s de r\u00e9daction &hellip;<\/p>\n","protected":false},"author":2,"featured_media":7208,"comment_status":"open","ping_status":"closed","sticky":false,"template":"","format":"standard","meta":{"jetpack_post_was_ever_published":false,"_jetpack_newsletter_access":"","_jetpack_dont_email_post_to_subs":false,"_jetpack_newsletter_tier_id":0,"_jetpack_memberships_contains_paywalled_content":false,"_jetpack_memberships_contains_paid_content":false,"footnotes":"","jetpack_publicize_message":"","jetpack_publicize_feature_enabled":true,"jetpack_social_post_already_shared":true,"jetpack_social_options":{"image_generator_settings":{"template":"highway","default_image_id":0,"font":"","enabled":false},"version":2}},"categories":[10],"tags":[],"class_list":["post-7207","post","type-post","status-publish","format-standard","has-post-thumbnail","","category-maroc"],"jetpack_publicize_connections":[],"jetpack_featured_media_url":"https:\/\/i0.wp.com\/amadalamazigh.press.ma\/fr\/wp-content\/uploads\/2025\/10\/Group_WikiCamp_2025_2-scaled.jpg?fit=2560%2C1707&ssl=1","jetpack_shortlink":"https:\/\/wp.me\/p9uxE2-1Sf","jetpack_sharing_enabled":true,"_links":{"self":[{"href":"https:\/\/amadalamazigh.press.ma\/fr\/wp-json\/wp\/v2\/posts\/7207","targetHints":{"allow":["GET"]}}],"collection":[{"href":"https:\/\/amadalamazigh.press.ma\/fr\/wp-json\/wp\/v2\/posts"}],"about":[{"href":"https:\/\/amadalamazigh.press.ma\/fr\/wp-json\/wp\/v2\/types\/post"}],"author":[{"embeddable":true,"href":"https:\/\/amadalamazigh.press.ma\/fr\/wp-json\/wp\/v2\/users\/2"}],"replies":[{"embeddable":true,"href":"https:\/\/amadalamazigh.press.ma\/fr\/wp-json\/wp\/v2\/comments?post=7207"}],"version-history":[{"count":1,"href":"https:\/\/amadalamazigh.press.ma\/fr\/wp-json\/wp\/v2\/posts\/7207\/revisions"}],"predecessor-version":[{"id":7209,"href":"https:\/\/amadalamazigh.press.ma\/fr\/wp-json\/wp\/v2\/posts\/7207\/revisions\/7209"}],"wp:featuredmedia":[{"embeddable":true,"href":"https:\/\/amadalamazigh.press.ma\/fr\/wp-json\/wp\/v2\/media\/7208"}],"wp:attachment":[{"href":"https:\/\/amadalamazigh.press.ma\/fr\/wp-json\/wp\/v2\/media?parent=7207"}],"wp:term":[{"taxonomy":"category","embeddable":true,"href":"https:\/\/amadalamazigh.press.ma\/fr\/wp-json\/wp\/v2\/categories?post=7207"},{"taxonomy":"post_tag","embeddable":true,"href":"https:\/\/amadalamazigh.press.ma\/fr\/wp-json\/wp\/v2\/tags?post=7207"}],"curies":[{"name":"wp","href":"https:\/\/api.w.org\/{rel}","templated":true}]}}