{"id":7253,"date":"2025-11-14T11:56:20","date_gmt":"2025-11-14T10:56:20","guid":{"rendered":"https:\/\/amadalamazigh.press.ma\/fr\/?p=7253"},"modified":"2025-11-14T11:56:20","modified_gmt":"2025-11-14T10:56:20","slug":"lonmt-attire-le-congres-annuel-des-agents-de-voyage-neerlandais-au-maroc","status":"publish","type":"post","link":"https:\/\/amadalamazigh.press.ma\/fr\/lonmt-attire-le-congres-annuel-des-agents-de-voyage-neerlandais-au-maroc\/","title":{"rendered":"L\u2019ONMT attire le congr\u00e8s annuel Des agents de voyage n\u00e9erlandais au Maroc"},"content":{"rendered":"<p><strong> <img data-recalc-dims=\"1\" loading=\"lazy\" decoding=\"async\" class=\"size-medium wp-image-7255 alignright\" src=\"https:\/\/i0.wp.com\/amadalamazigh.press.ma\/fr\/wp-content\/uploads\/2025\/11\/Congres-ANVR1.jpg?resize=375%2C250&#038;ssl=1\" alt=\"\" width=\"375\" height=\"250\" srcset=\"https:\/\/i0.wp.com\/amadalamazigh.press.ma\/fr\/wp-content\/uploads\/2025\/11\/Congres-ANVR1-scaled.jpg?resize=375%2C250&amp;ssl=1 375w, https:\/\/i0.wp.com\/amadalamazigh.press.ma\/fr\/wp-content\/uploads\/2025\/11\/Congres-ANVR1-scaled.jpg?resize=1024%2C683&amp;ssl=1 1024w, https:\/\/i0.wp.com\/amadalamazigh.press.ma\/fr\/wp-content\/uploads\/2025\/11\/Congres-ANVR1-scaled.jpg?resize=1536%2C1025&amp;ssl=1 1536w, https:\/\/i0.wp.com\/amadalamazigh.press.ma\/fr\/wp-content\/uploads\/2025\/11\/Congres-ANVR1-scaled.jpg?resize=2048%2C1366&amp;ssl=1 2048w, https:\/\/i0.wp.com\/amadalamazigh.press.ma\/fr\/wp-content\/uploads\/2025\/11\/Congres-ANVR1-scaled.jpg?w=1236&amp;ssl=1 1236w, https:\/\/i0.wp.com\/amadalamazigh.press.ma\/fr\/wp-content\/uploads\/2025\/11\/Congres-ANVR1-scaled.jpg?w=1854&amp;ssl=1 1854w\" sizes=\"auto, (max-width: 375px) 100vw, 375px\" \/>Pour la premi\u00e8re fois, la F\u00e9d\u00e9ration n\u00e9erlandaise de l\u2019industrie du tourisme (ANVR) tiendra son congr\u00e8s annuel au Maroc, du 13 au 16 novembre 2025. Un \u00e9v\u00e9nement d\u2019envergure organis\u00e9 \u00e0 Rabat en partenariat avec l\u2019Office National Marocain du Tourisme, qui accueillera plus de 220 d\u00e9cideurs du tourisme n\u00e9erlandais. Une opportunit\u00e9 strat\u00e9gique positionner Rabat comme destination de r\u00e9f\u00e9rence pour les voyageurs du Benelux.<\/strong><\/p>\n<p>Plac\u00e9e sous le th\u00e8me \u00ab Connecting \u00bb, Le congr\u00e8s annuel de la f\u00e9d\u00e9ration n\u00e9erlandaise de l\u2019Industrie du Tourisme r\u00e9uni pendant trois jours les principaux acteurs de l\u2019industrie du voyage : dirigeants de tour-op\u00e9rateurs, compagnies a\u00e9riennes, institutions financi\u00e8res, assurances, m\u00e9dias et universitaires. L\u2019\u00e9v\u00e9nement, coorganis\u00e9 par l\u2019ONMT, constitue une vitrine exceptionnelle pour la destination Maroc, offrant un cadre propice aux \u00e9changes et \u00e0 la cr\u00e9ation de nouvelles synergies commerciales.<\/p>\n<p>\u00ab <strong><em>En accueillant l\u2019ANVR 2025, le Maroc affirme sa place parmi les grandes destinations mondiales du tourisme. C\u2019est une \u00e9tape strat\u00e9gique pour renforcer notre pr\u00e9sence sur le march\u00e9 n\u00e9erlandais et une fiert\u00e9 de voir Rabat, Ville lumi\u00e8re, capitale culturelle, devenir le point de convergence des leaders du voyage europ\u00e9en.<\/em><\/strong> \u00bb souligne Achraf Fayda, Directeur G\u00e9n\u00e9ral de l\u2019ONMT.<\/p>\n<p>Ce congr\u00e8s s\u2019inscrit dans un contexte particuli\u00e8rement porteur : \u00e0 fin ao\u00fbt 2025, les arriv\u00e9es touristiques en provenance du Benelux affichent une croissance soutenue, avec une hausse de 11 % des visiteurs belges et 14 % des touristes n\u00e9erlandais par rapport \u00e0 2024.<\/p>\n<p><img data-recalc-dims=\"1\" loading=\"lazy\" decoding=\"async\" class=\"size-medium wp-image-7254 alignleft\" src=\"https:\/\/i0.wp.com\/amadalamazigh.press.ma\/fr\/wp-content\/uploads\/2025\/11\/Conres-ANVR-2.jpg?resize=375%2C250&#038;ssl=1\" alt=\"\" width=\"375\" height=\"250\" srcset=\"https:\/\/i0.wp.com\/amadalamazigh.press.ma\/fr\/wp-content\/uploads\/2025\/11\/Conres-ANVR-2-scaled.jpg?resize=375%2C250&amp;ssl=1 375w, https:\/\/i0.wp.com\/amadalamazigh.press.ma\/fr\/wp-content\/uploads\/2025\/11\/Conres-ANVR-2-scaled.jpg?resize=1024%2C683&amp;ssl=1 1024w, https:\/\/i0.wp.com\/amadalamazigh.press.ma\/fr\/wp-content\/uploads\/2025\/11\/Conres-ANVR-2-scaled.jpg?resize=1536%2C1025&amp;ssl=1 1536w, https:\/\/i0.wp.com\/amadalamazigh.press.ma\/fr\/wp-content\/uploads\/2025\/11\/Conres-ANVR-2-scaled.jpg?resize=2048%2C1366&amp;ssl=1 2048w, https:\/\/i0.wp.com\/amadalamazigh.press.ma\/fr\/wp-content\/uploads\/2025\/11\/Conres-ANVR-2-scaled.jpg?w=1236&amp;ssl=1 1236w, https:\/\/i0.wp.com\/amadalamazigh.press.ma\/fr\/wp-content\/uploads\/2025\/11\/Conres-ANVR-2-scaled.jpg?w=1854&amp;ssl=1 1854w\" sizes=\"auto, (max-width: 375px) 100vw, 375px\" \/>En marge de ce congr\u00e8s, la compagnie Transavia, a inaugur\u00e9, ce matin, jeudi 13 novembre 2025, une nouvelle ligne directe Amsterdam-Rabat. Cette liaison, op\u00e9r\u00e9e deux fois par semaine (jeudi et dimanche), renforcera le positionnement de Rabat comme destination id\u00e9ale pour les courts s\u00e9jours et le tourisme d\u2019affaires, tout en facilitant la d\u00e9couverte combin\u00e9e des villes du nord et du centre du Royaume : Tanger, Chefchaouen, F\u00e8s et Mekn\u00e8s.<\/p>\n<p><strong>Avec cette initiative, l\u2019ONMT confirme son r\u00f4le moteur dans la conqu\u00eate et la fid\u00e9lisation des march\u00e9s europ\u00e9ens \u00e0 fort potentiel. En attirant \u00e0 Rabat le plus grand rassemblement professionnel du tourisme n\u00e9erlandais, l\u2019Office place la capitale du Royaume sur la carte des destinations influentes.<\/strong><\/p>\n","protected":false},"excerpt":{"rendered":"<p>Pour la premi\u00e8re fois, la F\u00e9d\u00e9ration n\u00e9erlandaise de l\u2019industrie du tourisme (ANVR) tiendra son congr\u00e8s annuel au Maroc, du 13 au 16 novembre 2025. Un \u00e9v\u00e9nement d\u2019envergure organis\u00e9 \u00e0 Rabat en partenariat avec l\u2019Office National Marocain du Tourisme, qui accueillera plus de 220 d\u00e9cideurs du tourisme n\u00e9erlandais. Une opportunit\u00e9 strat\u00e9gique positionner Rabat comme destination de &hellip;<\/p>\n","protected":false},"author":2,"featured_media":7255,"comment_status":"open","ping_status":"closed","sticky":false,"template":"","format":"standard","meta":{"jetpack_post_was_ever_published":false,"_jetpack_newsletter_access":"","_jetpack_dont_email_post_to_subs":false,"_jetpack_newsletter_tier_id":0,"_jetpack_memberships_contains_paywalled_content":false,"_jetpack_memberships_contains_paid_content":false,"footnotes":"","jetpack_publicize_message":"","jetpack_publicize_feature_enabled":true,"jetpack_social_post_already_shared":true,"jetpack_social_options":{"image_generator_settings":{"template":"highway","default_image_id":0,"font":"","enabled":false},"version":2}},"categories":[10],"tags":[],"class_list":["post-7253","post","type-post","status-publish","format-standard","has-post-thumbnail","","category-maroc"],"jetpack_publicize_connections":[],"jetpack_featured_media_url":"https:\/\/i0.wp.com\/amadalamazigh.press.ma\/fr\/wp-content\/uploads\/2025\/11\/Congres-ANVR1-scaled.jpg?fit=2560%2C1708&ssl=1","jetpack_shortlink":"https:\/\/wp.me\/p9uxE2-1SZ","jetpack_sharing_enabled":true,"_links":{"self":[{"href":"https:\/\/amadalamazigh.press.ma\/fr\/wp-json\/wp\/v2\/posts\/7253","targetHints":{"allow":["GET"]}}],"collection":[{"href":"https:\/\/amadalamazigh.press.ma\/fr\/wp-json\/wp\/v2\/posts"}],"about":[{"href":"https:\/\/amadalamazigh.press.ma\/fr\/wp-json\/wp\/v2\/types\/post"}],"author":[{"embeddable":true,"href":"https:\/\/amadalamazigh.press.ma\/fr\/wp-json\/wp\/v2\/users\/2"}],"replies":[{"embeddable":true,"href":"https:\/\/amadalamazigh.press.ma\/fr\/wp-json\/wp\/v2\/comments?post=7253"}],"version-history":[{"count":1,"href":"https:\/\/amadalamazigh.press.ma\/fr\/wp-json\/wp\/v2\/posts\/7253\/revisions"}],"predecessor-version":[{"id":7256,"href":"https:\/\/amadalamazigh.press.ma\/fr\/wp-json\/wp\/v2\/posts\/7253\/revisions\/7256"}],"wp:featuredmedia":[{"embeddable":true,"href":"https:\/\/amadalamazigh.press.ma\/fr\/wp-json\/wp\/v2\/media\/7255"}],"wp:attachment":[{"href":"https:\/\/amadalamazigh.press.ma\/fr\/wp-json\/wp\/v2\/media?parent=7253"}],"wp:term":[{"taxonomy":"category","embeddable":true,"href":"https:\/\/amadalamazigh.press.ma\/fr\/wp-json\/wp\/v2\/categories?post=7253"},{"taxonomy":"post_tag","embeddable":true,"href":"https:\/\/amadalamazigh.press.ma\/fr\/wp-json\/wp\/v2\/tags?post=7253"}],"curies":[{"name":"wp","href":"https:\/\/api.w.org\/{rel}","templated":true}]}}