{"id":7269,"date":"2025-11-19T16:33:55","date_gmt":"2025-11-19T15:33:55","guid":{"rendered":"https:\/\/amadalamazigh.press.ma\/fr\/?p=7269"},"modified":"2025-11-19T16:34:19","modified_gmt":"2025-11-19T15:34:19","slug":"loffice-national-marocain-du-tourisme-deploie-un-important-dispositif-pour-la-can-2025","status":"publish","type":"post","link":"https:\/\/amadalamazigh.press.ma\/fr\/loffice-national-marocain-du-tourisme-deploie-un-important-dispositif-pour-la-can-2025\/","title":{"rendered":"L\u2019Office National Marocain du Tourisme d\u00e9ploie un important dispositif pour la CAN 2025"},"content":{"rendered":"<p><img data-recalc-dims=\"1\" loading=\"lazy\" decoding=\"async\" class=\"size-medium wp-image-7270 alignleft\" src=\"https:\/\/i0.wp.com\/amadalamazigh.press.ma\/fr\/wp-content\/uploads\/2025\/11\/Terre-de-Football-2-.jpeg?resize=444%2C250&#038;ssl=1\" alt=\"\" width=\"444\" height=\"250\" srcset=\"https:\/\/i0.wp.com\/amadalamazigh.press.ma\/fr\/wp-content\/uploads\/2025\/11\/Terre-de-Football-2-.jpeg?resize=444%2C250&amp;ssl=1 444w, https:\/\/i0.wp.com\/amadalamazigh.press.ma\/fr\/wp-content\/uploads\/2025\/11\/Terre-de-Football-2-.jpeg?resize=1024%2C576&amp;ssl=1 1024w, https:\/\/i0.wp.com\/amadalamazigh.press.ma\/fr\/wp-content\/uploads\/2025\/11\/Terre-de-Football-2-.jpeg?resize=1536%2C864&amp;ssl=1 1536w, https:\/\/i0.wp.com\/amadalamazigh.press.ma\/fr\/wp-content\/uploads\/2025\/11\/Terre-de-Football-2-.jpeg?w=1808&amp;ssl=1 1808w, https:\/\/i0.wp.com\/amadalamazigh.press.ma\/fr\/wp-content\/uploads\/2025\/11\/Terre-de-Football-2-.jpeg?w=1236&amp;ssl=1 1236w\" sizes=\"auto, (max-width: 444px) 100vw, 444px\" \/>En d\u00e9ploiement du partenariat avec la F\u00e9d\u00e9ration Royale Marocaine de football, l\u2019Office National Marocain du Tourisme active un dispositif strat\u00e9gique pens\u00e9 pour hisser la marque Maroc au rang de destination phare du football mondial. Construit depuis plusieurs mois, ce programme s\u2019\u00e9tendra jusqu\u2019au dernier jour de la comp\u00e9tition.<\/p>\n<p>Lors d\u2019un grand \u00e9v\u00e8nement organis\u00e9 ce mardi 18 novembre \u00e0 Rabat par l\u2019ONMT en collaboration avec la F\u00e9d\u00e9ration Royale Marocaine de Football et r\u00e9unissant un important parterre de personnalit\u00e9s du monde sportif, du tourisme et des m\u00e9dias, l\u2019ONMT a d\u00e9voil\u00e9 une s\u00e9rie d\u2019actions qui transforme l\u2019\u00e9nergie du terrain port\u00e9e par nos Lions et nos lionceaux de l\u2019Atlas en moteur d\u2019attractivit\u00e9 touristique. L\u2019objectif \u00e9tant de raconter au monde un Maroc, inspirant, hospitalier, port\u00e9 par une dynamique africaine et r\u00e9solument orient\u00e9 vers la performance.<\/p>\n<p>Depuis la signature de la Convention Strat\u00e9gique avec la FRMF en avril 2025, l\u2019ONMT orchestre, en effet, une mont\u00e9e en puissance progressive. Des rencontres professionnelles ont d\u2019abord \u00e9t\u00e9 organis\u00e9es entre des tours op\u00e9rateurs africains et des acteurs du tourisme marocain et ont permis de concevoir des offres sp\u00e9cifiques \u00e0 la CAN, renfor\u00e7ant la comp\u00e9titivit\u00e9 des villes h\u00f4tes. Un Road Show europ\u00e9en, s\u2019en est suivie, men\u00e9e au sein des grandes capitales, ayant pour objectif de stimuler la demande et dynamiser les r\u00e9servations.<\/p>\n<p><img data-recalc-dims=\"1\" loading=\"lazy\" decoding=\"async\" class=\"size-medium wp-image-7271 alignright\" src=\"https:\/\/i0.wp.com\/amadalamazigh.press.ma\/fr\/wp-content\/uploads\/2025\/11\/Terre-de-Football-1-.jpeg?resize=375%2C250&#038;ssl=1\" alt=\"\" width=\"375\" height=\"250\" srcset=\"https:\/\/i0.wp.com\/amadalamazigh.press.ma\/fr\/wp-content\/uploads\/2025\/11\/Terre-de-Football-1--scaled.jpeg?resize=375%2C250&amp;ssl=1 375w, https:\/\/i0.wp.com\/amadalamazigh.press.ma\/fr\/wp-content\/uploads\/2025\/11\/Terre-de-Football-1--scaled.jpeg?resize=1024%2C683&amp;ssl=1 1024w, https:\/\/i0.wp.com\/amadalamazigh.press.ma\/fr\/wp-content\/uploads\/2025\/11\/Terre-de-Football-1--scaled.jpeg?resize=1536%2C1024&amp;ssl=1 1536w, https:\/\/i0.wp.com\/amadalamazigh.press.ma\/fr\/wp-content\/uploads\/2025\/11\/Terre-de-Football-1--scaled.jpeg?resize=2048%2C1366&amp;ssl=1 2048w, https:\/\/i0.wp.com\/amadalamazigh.press.ma\/fr\/wp-content\/uploads\/2025\/11\/Terre-de-Football-1--scaled.jpeg?w=1236&amp;ssl=1 1236w, https:\/\/i0.wp.com\/amadalamazigh.press.ma\/fr\/wp-content\/uploads\/2025\/11\/Terre-de-Football-1--scaled.jpeg?w=1854&amp;ssl=1 1854w\" sizes=\"auto, (max-width: 375px) 100vw, 375px\" \/>En mati\u00e8re d\u2019a\u00e9rien, l\u2019ONMT a mis \u00e0 profit son expertise pour dynamiser l\u2019offre aupr\u00e8s de plusieurs compagnies, permettant notamment de stimuler l\u2019ajout de vols suppl\u00e9mentaires \u00e0 l\u2019occasion de la CAN 2025 et en lan\u00e7ant un large programme de co-branding \u00ab Maroc, Terre de Football \u00bb, renfor\u00e7ant ainsi la position du Royaume comme hub naturel du football africain.<\/p>\n<p>L\u2019Office a \u00e9galement consolid\u00e9 des partenariats commerciaux majeurs afin d\u2019assurer la diffusion de campagnes d\u00e9di\u00e9es, int\u00e9grant des packages transport, h\u00e9bergement et exp\u00e9riences touristiques. Cette d\u00e9marche a g\u00e9n\u00e9r\u00e9 une croissance significative de la demande pour billetterie pour la CAN 2025.<\/p>\n<p>L\u2019ONMT s\u2019est \u00e9galement impliqu\u00e9 dans les grands rendez-vous du football marocain et mondial, tels que le Soccer Summit Miami, en positionnant le \u00ab Maroc, Terre de Football \u00bb.<\/p>\n<p>En mati\u00e8re de communication, un film signature intitul\u00e9 \u00ab Maroc, Terre de Football \u00bb(voir cp d\u00e9di\u00e9). Pr\u00e9sent\u00e9 ce mardi, il sera diffus\u00e9 simultan\u00e9ment dans douze pays et au Maroc. Son ambition consiste \u00e0 porter une image vibrante et universelle du Royaume en tant que terre d\u2019accueil de football.<\/p>\n<p>La dynamique digitale suit la m\u00eame ambition. L\u2019application YALLA sera enrichit d\u2019un guide complet d\u00e9di\u00e9 aux villes h\u00f4tes, \u00e0 l\u2019art de vivre marocain, aux mobilit\u00e9s, aux fan zones et aux exp\u00e9riences culturelles. Un mini-site officiel sera \u00e9galement greff\u00e9 ai site \u00ab Visit Morocco \u00bb pr\u00e9sentant les moments forts du football national.<\/p>\n<p>Une op\u00e9ration intitul\u00e9e \u00ab Visit Cup Africa \u00bb a \u00e9galement mobilis\u00e9 24 cr\u00e9ateurs de contenu issus des pays qualifi\u00e9s pour produire des r\u00e9cits immersifs depuis les stades, les centres d\u2019entra\u00eenement et les hauts lieux touristiques. Une activation parall\u00e8le en Europe a engag\u00e9 les communaut\u00e9s de la diaspora en Espagne, en France, en Belgique, aux Pays-Bas et en Italie, cr\u00e9ant un \u00e9cho puissant autour de la marque \u00ab Maroc, Terre de Football \u00bb.<\/p>\n<p>En mati\u00e8re de RP, des voyages de presse, des reportages et des contenus exclusifs consacr\u00e9s aux destinations, aux infrastructures et aux exp\u00e9riences touristiques ont \u00e9t\u00e9 encadr\u00e9s par l\u2019ONMT sur les plus grands supports internationaux.<\/p>\n<p>Sur le terrain, des fan-zones seront install\u00e9es dans plusieurs villes, Essaouira, El Jadida, Oujda, Beni Mellal et La\u00e2youne, durant les comp\u00e9titions pour cr\u00e9er une atmosph\u00e8re populaire et f\u00e9d\u00e9ratrice pour vivre la comp\u00e9tition \u00e0 l\u2019\u00e9chelle du pays.<\/p>\n<p>Ce dispositif d\u00e9ploy\u00e9 par l\u2019ONMT accompagne le travail de la F\u00e9d\u00e9ration Royale Marocaine de Football, pour amplifier sa port\u00e9e et renforcer le rayonnement du Maroc sur les sc\u00e8nes africaine et internationale.<\/p>\n","protected":false},"excerpt":{"rendered":"<p>En d\u00e9ploiement du partenariat avec la F\u00e9d\u00e9ration Royale Marocaine de football, l\u2019Office National Marocain du Tourisme active un dispositif strat\u00e9gique pens\u00e9 pour hisser la marque Maroc au rang de destination phare du football mondial. Construit depuis plusieurs mois, ce programme s\u2019\u00e9tendra jusqu\u2019au dernier jour de la comp\u00e9tition. Lors d\u2019un grand \u00e9v\u00e8nement organis\u00e9 ce mardi 18 &hellip;<\/p>\n","protected":false},"author":2,"featured_media":7270,"comment_status":"open","ping_status":"closed","sticky":false,"template":"","format":"standard","meta":{"jetpack_post_was_ever_published":false,"_jetpack_newsletter_access":"","_jetpack_dont_email_post_to_subs":false,"_jetpack_newsletter_tier_id":0,"_jetpack_memberships_contains_paywalled_content":false,"_jetpack_memberships_contains_paid_content":false,"footnotes":"","jetpack_publicize_message":"","jetpack_publicize_feature_enabled":true,"jetpack_social_post_already_shared":true,"jetpack_social_options":{"image_generator_settings":{"template":"highway","default_image_id":0,"font":"","enabled":false},"version":2}},"categories":[10],"tags":[],"class_list":["post-7269","post","type-post","status-publish","format-standard","has-post-thumbnail","","category-maroc"],"jetpack_publicize_connections":[],"jetpack_featured_media_url":"https:\/\/i0.wp.com\/amadalamazigh.press.ma\/fr\/wp-content\/uploads\/2025\/11\/Terre-de-Football-2-.jpeg?fit=1808%2C1017&ssl=1","jetpack_shortlink":"https:\/\/wp.me\/p9uxE2-1Tf","jetpack_sharing_enabled":true,"_links":{"self":[{"href":"https:\/\/amadalamazigh.press.ma\/fr\/wp-json\/wp\/v2\/posts\/7269","targetHints":{"allow":["GET"]}}],"collection":[{"href":"https:\/\/amadalamazigh.press.ma\/fr\/wp-json\/wp\/v2\/posts"}],"about":[{"href":"https:\/\/amadalamazigh.press.ma\/fr\/wp-json\/wp\/v2\/types\/post"}],"author":[{"embeddable":true,"href":"https:\/\/amadalamazigh.press.ma\/fr\/wp-json\/wp\/v2\/users\/2"}],"replies":[{"embeddable":true,"href":"https:\/\/amadalamazigh.press.ma\/fr\/wp-json\/wp\/v2\/comments?post=7269"}],"version-history":[{"count":2,"href":"https:\/\/amadalamazigh.press.ma\/fr\/wp-json\/wp\/v2\/posts\/7269\/revisions"}],"predecessor-version":[{"id":7273,"href":"https:\/\/amadalamazigh.press.ma\/fr\/wp-json\/wp\/v2\/posts\/7269\/revisions\/7273"}],"wp:featuredmedia":[{"embeddable":true,"href":"https:\/\/amadalamazigh.press.ma\/fr\/wp-json\/wp\/v2\/media\/7270"}],"wp:attachment":[{"href":"https:\/\/amadalamazigh.press.ma\/fr\/wp-json\/wp\/v2\/media?parent=7269"}],"wp:term":[{"taxonomy":"category","embeddable":true,"href":"https:\/\/amadalamazigh.press.ma\/fr\/wp-json\/wp\/v2\/categories?post=7269"},{"taxonomy":"post_tag","embeddable":true,"href":"https:\/\/amadalamazigh.press.ma\/fr\/wp-json\/wp\/v2\/tags?post=7269"}],"curies":[{"name":"wp","href":"https:\/\/api.w.org\/{rel}","templated":true}]}}