{"id":7323,"date":"2025-12-02T20:30:33","date_gmt":"2025-12-02T19:30:33","guid":{"rendered":"https:\/\/amadalamazigh.press.ma\/fr\/?p=7323"},"modified":"2025-12-02T20:30:33","modified_gmt":"2025-12-02T19:30:33","slug":"rabat-accueille-la-premiere-conference-internationale-dediee-aux-victimes-africaines-du-terrorisme","status":"publish","type":"post","link":"https:\/\/amadalamazigh.press.ma\/fr\/rabat-accueille-la-premiere-conference-internationale-dediee-aux-victimes-africaines-du-terrorisme\/","title":{"rendered":"Rabat accueille la premi\u00e8re Conf\u00e9rence internationale d\u00e9di\u00e9e aux victimes africaines du terrorisme"},"content":{"rendered":"<p style=\"font-weight: 400;\"><img data-recalc-dims=\"1\" loading=\"lazy\" decoding=\"async\" class=\"size-medium wp-image-7327 alignnone\" src=\"https:\/\/i0.wp.com\/amadalamazigh.press.ma\/fr\/wp-content\/uploads\/2025\/12\/MAEma_ONU_terrorisme_n.jpg?resize=371%2C250&#038;ssl=1\" alt=\"\" width=\"371\" height=\"250\" srcset=\"https:\/\/i0.wp.com\/amadalamazigh.press.ma\/fr\/wp-content\/uploads\/2025\/12\/MAEma_ONU_terrorisme_n.jpg?resize=371%2C250&amp;ssl=1 371w, https:\/\/i0.wp.com\/amadalamazigh.press.ma\/fr\/wp-content\/uploads\/2025\/12\/MAEma_ONU_terrorisme_n.jpg?resize=1024%2C690&amp;ssl=1 1024w, https:\/\/i0.wp.com\/amadalamazigh.press.ma\/fr\/wp-content\/uploads\/2025\/12\/MAEma_ONU_terrorisme_n.jpg?resize=110%2C75&amp;ssl=1 110w, https:\/\/i0.wp.com\/amadalamazigh.press.ma\/fr\/wp-content\/uploads\/2025\/12\/MAEma_ONU_terrorisme_n.jpg?w=1280&amp;ssl=1 1280w\" sizes=\"auto, (max-width: 371px) 100vw, 371px\" \/>Les travaux de la premi\u00e8re Conf\u00e9rence internationale d\u00e9di\u00e9e aux victimes africaines du terrorisme, organis\u00e9e par le minist\u00e8re des Affaires \u00e9trang\u00e8res, de la Coop\u00e9ration Africaine et des Marocains r\u00e9sidant \u00e0 l\u2019\u00e9tranger, avec le soutien du Bureau des Nations unies pour la Lutte contre le Terrorisme (UNOCT), se sont ouverts, aujourd\u2019hui mardi 2 d\u00e9cembre \u00e0 Rabat, ayant comme objectif principal de mettre au premier plan les cons\u00e9quences humaines du terrorisme en Afrique et de renforcer les m\u00e9canismes de soutien et de r\u00e9silience au niveau du continent, en pla\u00e7ant les victimes africaines du terrorisme au c\u0153ur des d\u00e9bats strat\u00e9giques sur la pr\u00e9vention et la lutte contre l\u2019extr\u00e9misme violent.<\/p>\n<p style=\"font-weight: 400;\">\nCette in\u00e9dite Conf\u00e9rence compte avec la participation des repr\u00e9sentants de gouvernements africains, d&rsquo;organisations internationales et r\u00e9gionales, ainsi que d&rsquo;associations de victimes africaines du terrorisme, des chercheurs et des experts sp\u00e9cialis\u00e9s, et porte sur le r\u00f4le essentiel que peuvent jouer les survivants dans les initiatives de pr\u00e9vention et de r\u00e9silience, \u00e0 travers leurs t\u00e9moignages, leur exp\u00e9rience et leur participation \u00e0 la reconstruction des communaut\u00e9s touch\u00e9es.<\/p>\n<p style=\"font-weight: 400;\">L\u2019allocution inaugurale de M. le Ministre Nasser Bourita a insist\u00e9 sur l&rsquo;adoption d&rsquo;une approche africaine ambitieuse et d\u00e9termin\u00e9e, fond\u00e9e sur la dignit\u00e9 des victimes du terrorisme, la justice et une v\u00e9ritable responsabilit\u00e9 collective face \u00e0 la recrudescence de la menace terroriste en Afrique. Il a affirm\u00e9 que cette rencontre continentale marque une \u00e9tape cruciale pour refonder les strat\u00e9gies africaines en pla\u00e7ant les survivants au c\u0153ur des politiques publiques et des efforts collectifs de lutte contre l&rsquo;extr\u00e9misme violent.<\/p>\n<p style=\"font-weight: 400;\">De m\u00eame, il a insist\u00e9 sur la n\u00e9cessit\u00e9 de reconna\u00eetre les victimes non seulement comme des personnes n\u00e9cessitant un accompagnement, mais \u00e9galement comme des acteurs essentiels de pr\u00e9vention, de r\u00e9silience, pouvant contribuer directement \u00e0 l&rsquo;\u00e9laboration de r\u00e9ponses africaines plus humaines, plus efficaces et plus ancr\u00e9es dans les r\u00e9alit\u00e9s du terrain. Tout en rappelant que l&rsquo;Afrique demeure la r\u00e9gion la plus touch\u00e9e par le terrorisme, avec une intensification notable des attaques, notamment dans le Sahel et en Afrique de l&rsquo;Ouest, o\u00f9 ces violences ont caus\u00e9 des milliers de victimes et provoqu\u00e9 des d\u00e9placements massifs, la d\u00e9scolarisation, la destruction de communaut\u00e9s enti\u00e8res et l&rsquo;effritement de la coh\u00e9sion sociale.<\/p>\n<p style=\"font-weight: 400;\">Il a d\u00e9clar\u00e9 que \u00ab\u00a0<em>Le terrorisme n&rsquo;est pas un simple \u00e9v\u00e9nement passager mais plut\u00f4t une d\u00e9chirure du tissu social, un affaiblissement des \u00e9conomies locales, et une tentative syst\u00e9matique d&rsquo;implanter le d\u00e9sespoir et de faire perdre le sentiment de s\u00e9curit\u00e9<\/em>\u00ab\u00a0, \u00e9voquant des communaut\u00e9s d\u00e9plac\u00e9es, des familles bris\u00e9es, et des jeunesses priv\u00e9es d&rsquo;avenir.<\/p>\n<p style=\"font-weight: 400;\">La D\u00e9claration insiste par ailleurs sur l\u2019importance de la coop\u00e9ration entre les \u00c9tats africains et les entit\u00e9s des Nations Unies, \u00e0 travers l\u2019\u00e9change d\u2019expertise, la formation et la mobilisation de partenaires internationaux.<\/p>\n<p style=\"font-weight: 400;\">Voici le contenu de la D\u00e9claration de Rabat\u00a0:<\/p>\n<p style=\"font-weight: 400;\">\u00ab\u00a0<em>Nous, Etats Membres participants, organisations r\u00e9gionales et internationales, repr\u00e9sentants du Syst\u00e8me des Nations Unies, de la soci\u00e9t\u00e9 civile et experts, r\u00e9unis \u00e0 Rabat, Royaume du Maroc, \u00e0 l\u2019occasion de la Conf\u00e9rence sur les victimes africaines du terrorisme ;<\/em><\/p>\n<p style=\"font-weight: 400;\"><em>Condamnant tous les actes de terrorisme, sous toutes leurs formes et manifestations, en tant qu\u2019actes criminels et injustifiables, et r\u00e9affirmant que les mesures de lutte contre le terrorisme doivent pleinement respecter le droit international, y compris le droit international des droits de l\u2019homme et le droit international humanitaire ;<\/em><\/p>\n<p style=\"font-weight: 400;\"><em>Rappelant la Strat\u00e9gie antiterroriste mondiale des Nations Unies (A\/RES\/60\/288) et ses r\u00e9examens successifs, en particulier le Huiti\u00e8me examen (A\/RES\/77\/298, 2023), qui soulignent l\u2019importance de pr\u00e9server les droits et la dignit\u00e9 des victimes du terrorisme et de garantir leur participation effective aux efforts de lutte contre le terrorisme ;<\/em><\/p>\n<p style=\"font-weight: 400;\"><em>R\u00e9affirmant les r\u00e9solutions A\/RES\/73\/305 et A\/RES\/72\/165 de l\u2019Assembl\u00e9e G\u00e9n\u00e9rale des Nations Unies, ainsi que les r\u00e9solutions connexes appelant \u00e0 la justice, \u00e0 la reconnaissance, \u00e0 l\u2019assistance et \u00e0 la r\u00e9paration en faveur des victimes du terrorisme, et mettant en avant la n\u00e9cessit\u00e9 de renforcer la coop\u00e9ration internationale ;<\/em><\/p>\n<p style=\"font-weight: 400;\"><em>Prenant en consid\u00e9ration les dispositions pertinentes relatives aux victimes du terrorisme figurant dans les r\u00e9solutions 2178 (2014) et 2396 (2017) du Conseil de s\u00e9curit\u00e9, qui exhortent les \u00c9tats Membres \u00e0 adopter des mesures garantissant la protection, l\u2019assistance et la participation des victimes, y compris dans les proc\u00e9dures judiciaires ;<\/em><\/p>\n<p style=\"font-weight: 400;\"><em>Reconnaissant que l\u2019Afrique repr\u00e9sente aujourd\u2019hui plus de la moiti\u00e9 des d\u00e9c\u00e8s li\u00e9s au terrorisme dans le monde et que la situation des victimes \u00e0 travers le continent, femmes, hommes, enfants, personnes d\u00e9plac\u00e9es et communaut\u00e9s locales, demeure souvent marqu\u00e9e par des besoins vari\u00e9s en mati\u00e8re de reconnaissance, de soutien et d\u2019accompagnement, ce qui met en \u00e9vidence l\u2019importance de renforcer les efforts collectifs en leur faveur ;<\/em><\/p>\n<p style=\"font-weight: 400;\"><em>Notant avec appr\u00e9ciation le r\u00f4le du Bureau des Nations Unies de la lutte contre le terrorisme (UNOCT) et de son Programme mondial d\u2019appui aux victimes du terrorisme dans la promotion des droits et de la dignit\u00e9 des victimes, ainsi que dans le renforcement de la coop\u00e9ration internationale en leur soutien ;<\/em><\/p>\n<p style=\"font-weight: 400;\"><em>Nous d\u00e9clarons par la pr\u00e9sente notre engagement \u00e0 :<\/em><\/p>\n<p style=\"font-weight: 400;\"><em>Reconna\u00eetre et d\u00e9fendre les droits inh\u00e9rents de toutes les victimes du terrorisme \u00e0 la v\u00e9rit\u00e9, \u00e0 la justice, \u00e0 la reconnaissance, \u00e0 la m\u00e9moire et \u00e0 la r\u00e9paration, et \u00e0 assurer qu\u2019elles soient trait\u00e9es avec dignit\u00e9 et respect \u00e0 toutes les \u00e9tapes de la r\u00e9ponse et du rel\u00e8vement ;<\/em><\/p>\n<p style=\"font-weight: 400;\"><em>\u00a0Encourager les Etats Membres \u00e0 renforcer leurs cadres juridiques nationaux et leurs syst\u00e8mes de soutien, conform\u00e9ment aux meilleures pratiques internationales reconnues, telles que les Dispositions l\u00e9gislatives types des Nations Unies pour les victimes du terrorisme, tout en respectant les sp\u00e9cificit\u00e9s nationales, les r\u00e9f\u00e9rences juridiques et les syst\u00e8mes constitutionnels ;<\/em><\/p>\n<p style=\"font-weight: 400;\"><em>Appeler \u00e0 ce que les auteurs d\u2019actes terroristes r\u00e9pondent de leurs actes, notamment par le renforcement de la coop\u00e9ration judiciaire internationale et de l\u2019entraide juridique ;<\/em><\/p>\n<p style=\"font-weight: 400;\"><em>Soutenir le d\u00e9veloppement de m\u00e9canismes globaux offrant un appui psychologique, m\u00e9dical, social et \u00e9conomique aux victimes et \u00e0 leurs familles, et r\u00e9pondant \u00e0 leurs besoins identifi\u00e9s par une approche multisectorielle centr\u00e9e sur la victime ;<\/em><\/p>\n<p style=\"font-weight: 400;\"><em>\u00a0Accorder une attention prioritaire \u00e0 la protection et \u00e0 l\u2019assistance des femmes, des enfants, des veuves, des orphelins, des personnes enlev\u00e9es et des ex-enfants soldats, selon des pratiques tenant compte des traumatismes et des approches sensibles au genre ;<\/em><\/p>\n<ul>\n<li style=\"font-weight: 400;\"><em>Renforcer le r\u00f4le des victimes et des survivants dans la pr\u00e9vention de la radicalisation et la lutte contre les id\u00e9ologies extr\u00e9mistes, et promouvoir leur participation significative \u00e0 l\u2019\u00e9laboration et \u00e0 la mise en \u0153uvre des politiques et strat\u00e9gies de lutte contre le terrorisme, tout en veillant \u00e0 les prot\u00e9ger de toute re-victimisation ou exploitation ;<\/em><\/li>\n<li style=\"font-weight: 400;\"><em>Encourager les initiatives dans les domaines de l\u2019\u00e9ducation, de la r\u00e9silience communautaire, de l\u2019autonomisation des jeunes et de la coh\u00e9sion sociale locale;<\/em><\/li>\n<li style=\"font-weight: 400;\"><em>Renforcer la coop\u00e9ration entre les Etats Membres africains et les entit\u00e9s des Nations Unies, notamment \u00e0 travers l\u2019\u00e9change de donn\u00e9es, la formation et la mise en place de cadres de coop\u00e9ration adapt\u00e9s ;<\/em><\/li>\n<li style=\"font-weight: 400;\"><em>Inviter les partenaires internationaux et les bailleurs de fonds \u00e0 soutenir les initiatives africaines visant \u00e0 assister les victimes du terrorisme ;<\/em><\/li>\n<li style=\"font-weight: 400;\"><em>Adopter la pr\u00e9sente D\u00e9claration de Rabat sur le soutien aux victimes africaines du terrorisme comme engagement collectif en faveur de la justice, de la solidarit\u00e9 et de la r\u00e9silience;<\/em><\/li>\n<li style=\"font-weight: 400;\"><em>Encourager la mise en place d\u2019initiatives comm\u00e9moratives, de registres nationaux des victimes du terrorisme ainsi que d\u2019une plateforme num\u00e9rique africaine destin\u00e9e \u00e0 documenter la r\u00e9silience des victimes, \u00e0 l\u2019image du Compendium des exp\u00e9riences et des bonnes pratiques, lanc\u00e9 \u00e0 l\u2019occasion de cette Conf\u00e9rence ;<\/em><\/li>\n<li style=\"font-weight: 400;\"><em>Exprimer notre profonde appr\u00e9ciation au Royaume du Maroc pour l\u2019accueil de cette Conf\u00e9rence et \u00e0 l\u2019ensemble des partenaires ayant contribu\u00e9 \u00e0 son succ\u00e8s. \u00bb<\/em><\/li>\n<\/ul>\n<p><img data-recalc-dims=\"1\" loading=\"lazy\" decoding=\"async\" class=\"aligncenter wp-image-7326 size-large\" src=\"https:\/\/i0.wp.com\/amadalamazigh.press.ma\/fr\/wp-content\/uploads\/2025\/12\/20251202_104344.jpg?resize=618%2C293&#038;ssl=1\" alt=\"\" width=\"618\" height=\"293\" srcset=\"https:\/\/i0.wp.com\/amadalamazigh.press.ma\/fr\/wp-content\/uploads\/2025\/12\/20251202_104344-scaled.jpg?resize=1024%2C485&amp;ssl=1 1024w, https:\/\/i0.wp.com\/amadalamazigh.press.ma\/fr\/wp-content\/uploads\/2025\/12\/20251202_104344-scaled.jpg?resize=450%2C213&amp;ssl=1 450w, https:\/\/i0.wp.com\/amadalamazigh.press.ma\/fr\/wp-content\/uploads\/2025\/12\/20251202_104344-scaled.jpg?resize=1536%2C727&amp;ssl=1 1536w, https:\/\/i0.wp.com\/amadalamazigh.press.ma\/fr\/wp-content\/uploads\/2025\/12\/20251202_104344-scaled.jpg?resize=2048%2C969&amp;ssl=1 2048w, https:\/\/i0.wp.com\/amadalamazigh.press.ma\/fr\/wp-content\/uploads\/2025\/12\/20251202_104344-scaled.jpg?w=1236&amp;ssl=1 1236w, https:\/\/i0.wp.com\/amadalamazigh.press.ma\/fr\/wp-content\/uploads\/2025\/12\/20251202_104344-scaled.jpg?w=1854&amp;ssl=1 1854w\" sizes=\"auto, (max-width: 618px) 100vw, 618px\" \/><\/p>\n<p><img data-recalc-dims=\"1\" loading=\"lazy\" decoding=\"async\" class=\"aligncenter wp-image-7325 size-large\" src=\"https:\/\/i0.wp.com\/amadalamazigh.press.ma\/fr\/wp-content\/uploads\/2025\/12\/20251202_103346.jpg?resize=618%2C323&#038;ssl=1\" alt=\"\" width=\"618\" height=\"323\" srcset=\"https:\/\/i0.wp.com\/amadalamazigh.press.ma\/fr\/wp-content\/uploads\/2025\/12\/20251202_103346-scaled.jpg?resize=1024%2C536&amp;ssl=1 1024w, https:\/\/i0.wp.com\/amadalamazigh.press.ma\/fr\/wp-content\/uploads\/2025\/12\/20251202_103346-scaled.jpg?resize=450%2C236&amp;ssl=1 450w, https:\/\/i0.wp.com\/amadalamazigh.press.ma\/fr\/wp-content\/uploads\/2025\/12\/20251202_103346-scaled.jpg?resize=1536%2C804&amp;ssl=1 1536w, https:\/\/i0.wp.com\/amadalamazigh.press.ma\/fr\/wp-content\/uploads\/2025\/12\/20251202_103346-scaled.jpg?resize=2048%2C1072&amp;ssl=1 2048w, https:\/\/i0.wp.com\/amadalamazigh.press.ma\/fr\/wp-content\/uploads\/2025\/12\/20251202_103346-scaled.jpg?w=1236&amp;ssl=1 1236w, https:\/\/i0.wp.com\/amadalamazigh.press.ma\/fr\/wp-content\/uploads\/2025\/12\/20251202_103346-scaled.jpg?w=1854&amp;ssl=1 1854w\" sizes=\"auto, (max-width: 618px) 100vw, 618px\" \/><\/p>\n<p><img data-recalc-dims=\"1\" loading=\"lazy\" decoding=\"async\" class=\"aligncenter wp-image-7324 size-large\" src=\"https:\/\/i0.wp.com\/amadalamazigh.press.ma\/fr\/wp-content\/uploads\/2025\/12\/20251202_114007.jpg?resize=618%2C293&#038;ssl=1\" alt=\"\" width=\"618\" height=\"293\" srcset=\"https:\/\/i0.wp.com\/amadalamazigh.press.ma\/fr\/wp-content\/uploads\/2025\/12\/20251202_114007-scaled.jpg?resize=1024%2C485&amp;ssl=1 1024w, https:\/\/i0.wp.com\/amadalamazigh.press.ma\/fr\/wp-content\/uploads\/2025\/12\/20251202_114007-scaled.jpg?resize=450%2C213&amp;ssl=1 450w, https:\/\/i0.wp.com\/amadalamazigh.press.ma\/fr\/wp-content\/uploads\/2025\/12\/20251202_114007-scaled.jpg?resize=1536%2C727&amp;ssl=1 1536w, https:\/\/i0.wp.com\/amadalamazigh.press.ma\/fr\/wp-content\/uploads\/2025\/12\/20251202_114007-scaled.jpg?resize=2048%2C969&amp;ssl=1 2048w, https:\/\/i0.wp.com\/amadalamazigh.press.ma\/fr\/wp-content\/uploads\/2025\/12\/20251202_114007-scaled.jpg?w=1236&amp;ssl=1 1236w, https:\/\/i0.wp.com\/amadalamazigh.press.ma\/fr\/wp-content\/uploads\/2025\/12\/20251202_114007-scaled.jpg?w=1854&amp;ssl=1 1854w\" sizes=\"auto, (max-width: 618px) 100vw, 618px\" \/><\/p>\n<p><img data-recalc-dims=\"1\" loading=\"lazy\" decoding=\"async\" class=\"aligncenter wp-image-7327 size-large\" src=\"https:\/\/i0.wp.com\/amadalamazigh.press.ma\/fr\/wp-content\/uploads\/2025\/12\/MAEma_ONU_terrorisme_n.jpg?resize=618%2C416&#038;ssl=1\" alt=\"\" width=\"618\" height=\"416\" srcset=\"https:\/\/i0.wp.com\/amadalamazigh.press.ma\/fr\/wp-content\/uploads\/2025\/12\/MAEma_ONU_terrorisme_n.jpg?resize=1024%2C690&amp;ssl=1 1024w, https:\/\/i0.wp.com\/amadalamazigh.press.ma\/fr\/wp-content\/uploads\/2025\/12\/MAEma_ONU_terrorisme_n.jpg?resize=371%2C250&amp;ssl=1 371w, https:\/\/i0.wp.com\/amadalamazigh.press.ma\/fr\/wp-content\/uploads\/2025\/12\/MAEma_ONU_terrorisme_n.jpg?resize=110%2C75&amp;ssl=1 110w, https:\/\/i0.wp.com\/amadalamazigh.press.ma\/fr\/wp-content\/uploads\/2025\/12\/MAEma_ONU_terrorisme_n.jpg?w=1280&amp;ssl=1 1280w\" sizes=\"auto, (max-width: 618px) 100vw, 618px\" \/><\/p>\n","protected":false},"excerpt":{"rendered":"<p>Les travaux de la premi\u00e8re Conf\u00e9rence internationale d\u00e9di\u00e9e aux victimes africaines du terrorisme, organis\u00e9e par le minist\u00e8re des Affaires \u00e9trang\u00e8res, de la Coop\u00e9ration Africaine et des Marocains r\u00e9sidant \u00e0 l\u2019\u00e9tranger, avec le soutien du Bureau des Nations unies pour la Lutte contre le Terrorisme (UNOCT), se sont ouverts, aujourd\u2019hui mardi 2 d\u00e9cembre \u00e0 Rabat, ayant &hellip;<\/p>\n","protected":false},"author":2,"featured_media":7327,"comment_status":"open","ping_status":"closed","sticky":false,"template":"","format":"standard","meta":{"jetpack_post_was_ever_published":false,"_jetpack_newsletter_access":"","_jetpack_dont_email_post_to_subs":false,"_jetpack_newsletter_tier_id":0,"_jetpack_memberships_contains_paywalled_content":false,"_jetpack_memberships_contains_paid_content":false,"footnotes":"","jetpack_publicize_message":"","jetpack_publicize_feature_enabled":true,"jetpack_social_post_already_shared":true,"jetpack_social_options":{"image_generator_settings":{"template":"highway","default_image_id":0,"font":"","enabled":false},"version":2}},"categories":[10],"tags":[],"class_list":["post-7323","post","type-post","status-publish","format-standard","has-post-thumbnail","","category-maroc"],"jetpack_publicize_connections":[],"jetpack_featured_media_url":"https:\/\/i0.wp.com\/amadalamazigh.press.ma\/fr\/wp-content\/uploads\/2025\/12\/MAEma_ONU_terrorisme_n.jpg?fit=1280%2C863&ssl=1","jetpack_shortlink":"https:\/\/wp.me\/p9uxE2-1U7","jetpack_sharing_enabled":true,"_links":{"self":[{"href":"https:\/\/amadalamazigh.press.ma\/fr\/wp-json\/wp\/v2\/posts\/7323","targetHints":{"allow":["GET"]}}],"collection":[{"href":"https:\/\/amadalamazigh.press.ma\/fr\/wp-json\/wp\/v2\/posts"}],"about":[{"href":"https:\/\/amadalamazigh.press.ma\/fr\/wp-json\/wp\/v2\/types\/post"}],"author":[{"embeddable":true,"href":"https:\/\/amadalamazigh.press.ma\/fr\/wp-json\/wp\/v2\/users\/2"}],"replies":[{"embeddable":true,"href":"https:\/\/amadalamazigh.press.ma\/fr\/wp-json\/wp\/v2\/comments?post=7323"}],"version-history":[{"count":1,"href":"https:\/\/amadalamazigh.press.ma\/fr\/wp-json\/wp\/v2\/posts\/7323\/revisions"}],"predecessor-version":[{"id":7328,"href":"https:\/\/amadalamazigh.press.ma\/fr\/wp-json\/wp\/v2\/posts\/7323\/revisions\/7328"}],"wp:featuredmedia":[{"embeddable":true,"href":"https:\/\/amadalamazigh.press.ma\/fr\/wp-json\/wp\/v2\/media\/7327"}],"wp:attachment":[{"href":"https:\/\/amadalamazigh.press.ma\/fr\/wp-json\/wp\/v2\/media?parent=7323"}],"wp:term":[{"taxonomy":"category","embeddable":true,"href":"https:\/\/amadalamazigh.press.ma\/fr\/wp-json\/wp\/v2\/categories?post=7323"},{"taxonomy":"post_tag","embeddable":true,"href":"https:\/\/amadalamazigh.press.ma\/fr\/wp-json\/wp\/v2\/tags?post=7323"}],"curies":[{"name":"wp","href":"https:\/\/api.w.org\/{rel}","templated":true}]}}