{"id":7360,"date":"2025-12-11T21:09:29","date_gmt":"2025-12-11T20:09:29","guid":{"rendered":"https:\/\/amadalamazigh.press.ma\/fr\/?p=7360"},"modified":"2025-12-11T21:09:29","modified_gmt":"2025-12-11T20:09:29","slug":"timitar-2025-agadir-fete-vingt-ans-douverture-amazighe-a-la-veille-de-la-coupe-dafrique-des-nations","status":"publish","type":"post","link":"https:\/\/amadalamazigh.press.ma\/fr\/timitar-2025-agadir-fete-vingt-ans-douverture-amazighe-a-la-veille-de-la-coupe-dafrique-des-nations\/","title":{"rendered":"Timitar 2025 : Agadir f\u00eate vingt ans d\u2019ouverture amazighe \u00e0 la veille de la Coupe d\u2019Afrique des Nations"},"content":{"rendered":"<p><strong><img data-recalc-dims=\"1\" loading=\"lazy\" decoding=\"async\" class=\"size-medium wp-image-7361 alignleft\" src=\"https:\/\/i0.wp.com\/amadalamazigh.press.ma\/fr\/wp-content\/uploads\/2025\/12\/25-01082-Timitar-2025-60x80-VA-VF-1.jpg?resize=187%2C250&#038;ssl=1\" alt=\"\" width=\"187\" height=\"250\" srcset=\"https:\/\/i0.wp.com\/amadalamazigh.press.ma\/fr\/wp-content\/uploads\/2025\/12\/25-01082-Timitar-2025-60x80-VA-VF-1-scaled.jpg?resize=187%2C250&amp;ssl=1 187w, https:\/\/i0.wp.com\/amadalamazigh.press.ma\/fr\/wp-content\/uploads\/2025\/12\/25-01082-Timitar-2025-60x80-VA-VF-1-scaled.jpg?resize=768%2C1024&amp;ssl=1 768w, https:\/\/i0.wp.com\/amadalamazigh.press.ma\/fr\/wp-content\/uploads\/2025\/12\/25-01082-Timitar-2025-60x80-VA-VF-1-scaled.jpg?resize=1152%2C1536&amp;ssl=1 1152w, https:\/\/i0.wp.com\/amadalamazigh.press.ma\/fr\/wp-content\/uploads\/2025\/12\/25-01082-Timitar-2025-60x80-VA-VF-1-scaled.jpg?resize=1536%2C2048&amp;ssl=1 1536w, https:\/\/i0.wp.com\/amadalamazigh.press.ma\/fr\/wp-content\/uploads\/2025\/12\/25-01082-Timitar-2025-60x80-VA-VF-1-scaled.jpg?w=1920&amp;ssl=1 1920w, https:\/\/i0.wp.com\/amadalamazigh.press.ma\/fr\/wp-content\/uploads\/2025\/12\/25-01082-Timitar-2025-60x80-VA-VF-1-scaled.jpg?w=1236&amp;ssl=1 1236w, https:\/\/i0.wp.com\/amadalamazigh.press.ma\/fr\/wp-content\/uploads\/2025\/12\/25-01082-Timitar-2025-60x80-VA-VF-1-scaled.jpg?w=1854&amp;ssl=1 1854w\" sizes=\"auto, (max-width: 187px) 100vw, 187px\" \/>\u00c0 LA VEILLE DE LA CAN, AGADIR C\u00c9L\u00c8BRE 20 ANS DE DIALOGUE CULTUREL ET DE MUSIQUES AMAZIGHES, <\/strong><strong>Sous le Haut Patronage de Sa Majest\u00e9 le Roi Mohammed VI.<\/strong><\/p>\n<p><strong>Les artistes amazighs au c\u0153ur d\u2019un dialogue musical mondial \u2013 Une \u00e9dition r\u00e9solument ancr\u00e9e en Afrique<\/strong><\/p>\n<p>Plac\u00e9e sous le Haut Patronage de Sa Majest\u00e9 le Roi Mohammed VI, la 20\u1d49 \u00e9dition du Festival Timitar \u2013 Signes et Culture se tiendra \u00e0 Agadir du 17 au 19 d\u00e9cembre 2025, \u00e0 partir de 18h00 chaque soir. Ce cap symbolique marque vingt ann\u00e9es d\u2019engagement en faveur des musiques amazighes, du dialogue artistique et de l\u2019ouverture sur le monde.<\/p>\n<p>Depuis sa cr\u00e9ation en 2004, Timitar s\u2019est impos\u00e9 comme l\u2019un des grands rendez-vous culturels du Maroc, rassemblant chaque ann\u00e9e pr\u00e8s de 200 000 festivaliers autour de sa signature fondatrice :<\/p>\n<p>\u00ab Les artistes amazighs accueillent les musiques du monde \u00bb. Class\u00e9 parmi les festivals internationaux de r\u00e9f\u00e9rence, Timitar est aujourd\u2019hui un rep\u00e8re culturel incontournable du continent africain.<\/p>\n<p>Cette \u00e9dition 2025 se tiendra \u00e0 la veille du coup d\u2019envoi de la Coupe d\u2019Afrique des Nations, dont plusieurs matchs se d\u00e9rouleront \u00e0 Agadir. Cette synchronisation exceptionnelle conf\u00e8re au festival une r\u00e9sonance particuli\u00e8re, renfor\u00e7ant son ancrage africain et sa visibilit\u00e9 aupr\u00e8s de la presse internationale d\u00e9j\u00e0 mobilis\u00e9e pour la CAN. Timitar devient ainsi le premier grand rendez-vous culturel pr\u00e9c\u00e9dant la comp\u00e9tition, offrant \u00e0 Agadir une sc\u00e8ne id\u00e9ale pour c\u00e9l\u00e9brer la diversit\u00e9 culturelle africaine, la diplomatie artistique et l\u2019attractivit\u00e9 du territoire.<\/p>\n<p><strong>UN VOYAGE MUSICAL EN TROIS SOIR\u00c9ES<\/strong><\/p>\n<p><strong>SOIR\u00c9E 1<\/strong> \u2014<strong> L\u2019Afrique en partage<\/strong><\/p>\n<p>La soir\u00e9e d\u2019ouverture rend hommage au continent africain \u00e0 travers une programmation qui fait dialoguer h\u00e9ritages, identit\u00e9s et modernit\u00e9.<\/p>\n<p>Ahwach Bnat Louz x Raskas, cr\u00e9ation Tekchbila, m\u00ealera po\u00e9sie amazighe, rythmes du Souss et textures \u00e9lectroniques pour un dialogue in\u00e9dit entre tradition et modernit\u00e9.<\/p>\n<p>Fatima Tabaamrant, grande voix amazighe, po\u00e9tesse et figure engag\u00e9e, incarne depuis plus de trente ans la m\u00e9moire vivante et la force des chants du Souss.<\/p>\n<p>Alpha Blondy, l\u00e9gende ivoirienne du reggae, porte depuis quarante ans une voix humaniste, nourrie de spiritualit\u00e9, de traditions africaines et d\u2019engagements politiques.<\/p>\n<p>Shan\u2019L, figure majeure de l\u2019afro-pop gabonaise, apporte son \u00e9nergie flamboyante r\u00e9v\u00e9l\u00e9e par des hits panafricains.<\/p>\n<p>Krys M, \u00e9toile montante du Cameroun, fusionne afro-pop et rythmes traditionnels pour composer des hymnes f\u00e9d\u00e9rateurs.<\/p>\n<p>Isabel Novella, voix mozambicaine magn\u00e9tique, m\u00eale soul, jazz et traditions ancestrales dans une approche artistique intime et profond\u00e9ment humaine.<\/p>\n<p>Hicham Massine rendra hommage \u00e0 Ammouri M\u2019barek, pionnier de la modernisation de la chanson amazighe et figure majeure de la world music marocaine.<\/p>\n<p>En ouverture du festival, cette premi\u00e8re soir\u00e9e \u00e9tablit un lien naturel avec l\u2019effervescence qui pr\u00e9c\u00e8de la CAN 2025, mettant en avant la cr\u00e9ativit\u00e9 des sc\u00e8nes africaines et la diversit\u00e9 des expressions musicales du continent.<\/p>\n<p><strong>SOIR\u00c9E 2 \u2014 Un souffle oriental et m\u00e9diterran\u00e9en<\/strong><\/p>\n<p>La deuxi\u00e8me soir\u00e9e met \u00e0 l\u2019honneur les influences orientales, arabes et m\u00e9diterran\u00e9ennes \u00e0 travers des artistes qui r\u00e9interpr\u00e8tent leurs h\u00e9ritages avec audace et modernit\u00e9.<\/p>\n<p>Double Zuksh, formation \u00e9gyptienne \u00e9mergente, fusionne mahraganat et hip-hop alternatif pour offrir une lecture moderne et percutante des sc\u00e8nes urbaines du Caire.<\/p>\n<p>Wegz, ph\u00e9nom\u00e8ne g\u00e9n\u00e9rationnel \u00e9gyptien, a marqu\u00e9 la pop et le hip-hop du Moyen-Orient par une cr\u00e9ativit\u00e9 devenue un v\u00e9ritable mouvement culturel.<\/p>\n<p>Izenzaren, groupe mythique fond\u00e9 dans les ann\u00e9es 1970, demeure l\u2019un des porte-voix embl\u00e9matiques de la culture amazighe moderne.<\/p>\n<p>Marwa Nagy rendra un hommage exceptionnel \u00e0 une grande voix mythique du r\u00e9pertoire oriental, symbole intemporel de l\u2019\u00e2ge d\u2019or de la chanson arabe, accompagn\u00e9e par l\u2019Orchestre Hicham Telmoudi, formation reconnue pour son excellence acad\u00e9mique et sa ma\u00eetrise des r\u00e9pertoires marocain et oriental.<\/p>\n<p>AZA, groupe amazigh bas\u00e9 en Californie, tisse les rythmes d\u2019Afrique du Nord avec des influences contemporaines internationales, c\u00e9l\u00e9brant un patrimoine en perp\u00e9tuelle \u00e9volution.<\/p>\n<p>Cette soir\u00e9e tisse un dialogue subtil et puissant entre les traditions musicales orientales et les sonorit\u00e9s urbaines actuelles, r\u00e9v\u00e9lant la vitalit\u00e9 d\u2019un patrimoine en constante \u00e9volution.<\/p>\n<p><strong>SOIR\u00c9E 3 \u2014 Le Maroc au c\u0153ur : h\u00e9ritages &amp; nouvelles sc\u00e8nes<\/strong><\/p>\n<p>La troisi\u00e8me soir\u00e9e propose un regard profond sur le patrimoine musical marocain, tout en mettant en lumi\u00e8re la cr\u00e9ativit\u00e9 des nouvelles g\u00e9n\u00e9rations.<\/p>\n<p>Ahwach Aglagal, troupe phare de l\u2019Anti-Atlas, offriront des performances immersives o\u00f9 chants, po\u00e9sie, danse et costumes traditionnels rendent hommage aux racines amazighes.<\/p>\n<p>Khalid Al waabani, artiste amazigh de la nouvelle g\u00e9n\u00e9ration, revisite avec modernit\u00e9 l\u2019art du Tagroubbit avec une sensibilit\u00e9 contemporaine, tout en pr\u00e9servant l\u2019\u00e2me du Souss.<\/p>\n<p>Nacim Haddad, voix\u00a0 exceptionnelle confirm\u00e9e de la Aita marocaine, apportera la fra\u00eecheur d\u2019une nouvelle g\u00e9n\u00e9ration tr\u00e8s appr\u00e9ci\u00e9e du public.<\/p>\n<p>Jaylann, voix montante de la sc\u00e8ne marocaine, propose une pop plurilingue qui r\u00e9sonne aupr\u00e8s d\u2019un public jeune et international.<\/p>\n<p>Badr Ouabi c\u00e9l\u00e8brera l\u2019h\u00e9ritage de Mohamed Rouicha, ma\u00eetre du loutar, dans une interpr\u00e9tation empreinte d\u2019\u00e9motion.<\/p>\n<p>Labess connu pour son style unique de \u00ab\u00a0<a href=\"https:\/\/www.google.com\/search?q=gipsy-cha%25C3%25A2bi&amp;sca_esv=d878df9cdf7e300a&amp;rlz=1C1GCEU_frMA1001MA1001&amp;sxsrf=AE3TifOyTK2dm5WbVWlOAii-HRYJfs7FtA:1765375454481&amp;ei=3n05aeKPHZWjhbIPtcTt-Ak&amp;oq=labass+artiste&amp;gs_lp=Egxnd3Mtd2l6LXNlcnAiDmxhYmFzcyBhcnRpc3RlKgIIAjIGEAAYDRgeMggQABiABBiiBDIFEAAY7wUyBRAAGO8FMggQABiABBiiBDIFEAAY7wVIlzNQoAdYgSFwAXgBkAEAmAGXAaABtwiqAQMwLji4AQHIAQD4AQGYAgmgAuMIwgIKEAAYsAMY1gQYR8ICDRAAGIAEGLADGEMYigXCAhMQLhiABBiwAxhDGMgDGIoF2AEBwgIVEC4YgAQYsAMYQxjIAxiKBRgK2AEBwgIKEAAYgAQYQxiKBcICBRAAGIAEwgIIEAAYgAQYywHCAgcQABiABBgKwgIFEC4YgATCAggQABgWGAoYHsICBhAAGBYYHpgDAIgGAZAGC7oGBAgBGAiSBwMxLjigB9kusgcDMC44uAfcCMIHBTAuNS40yAchgAgA&amp;sclient=gws-wiz-serp&amp;mstk=AUtExfAtASktPc0hCvHfvLXXbBpb6kamTNi--ji7o88saJQFQx81iFRioSPdnA4kJhxVx2DeJsVZK9WwVSxVw6J1MuVpa36auuyZQAaYFHzT-hMVuEvfPnC1qDtv7Wv_Ihqitu3Ho3OALpfwfRrcLhWzzrLGv459vIailg9pgZA7XoxMCxK4QRbUmZf2Vc9x7SNxYNNqgtSTrlUsOWbF80BVKSRw0HvQ2GRAU8N10HzgAmZhb-lMIGLEFTkPcZhaUXB6cUqR50dFvWtcVPywfEwkHYnimNnxkCDKMsyUmmn8OrXv8g&amp;csui=3&amp;ved=2ahUKEwivn7aYmLORAxUWOPsDHQv1FlAQgK4QegQIARAC\" target=\"_blank\" rel=\"noopener\">gipsy-cha\u00e2bi<\/a>\u00a0\u00bb qui fusionne le\u00a0<a href=\"https:\/\/www.google.com\/search?q=cha%25C3%25A2bi+alg%25C3%25A9rien&amp;sca_esv=d878df9cdf7e300a&amp;rlz=1C1GCEU_frMA1001MA1001&amp;sxsrf=AE3TifOyTK2dm5WbVWlOAii-HRYJfs7FtA:1765375454481&amp;ei=3n05aeKPHZWjhbIPtcTt-Ak&amp;oq=labass+artiste&amp;gs_lp=Egxnd3Mtd2l6LXNlcnAiDmxhYmFzcyBhcnRpc3RlKgIIAjIGEAAYDRgeMggQABiABBiiBDIFEAAY7wUyBRAAGO8FMggQABiABBiiBDIFEAAY7wVIlzNQoAdYgSFwAXgBkAEAmAGXAaABtwiqAQMwLji4AQHIAQD4AQGYAgmgAuMIwgIKEAAYsAMY1gQYR8ICDRAAGIAEGLADGEMYigXCAhMQLhiABBiwAxhDGMgDGIoF2AEBwgIVEC4YgAQYsAMYQxjIAxiKBRgK2AEBwgIKEAAYgAQYQxiKBcICBRAAGIAEwgIIEAAYgAQYywHCAgcQABiABBgKwgIFEC4YgATCAggQABgWGAoYHsICBhAAGBYYHpgDAIgGAZAGC7oGBAgBGAiSBwMxLjigB9kusgcDMC44uAfcCMIHBTAuNS40yAchgAgA&amp;sclient=gws-wiz-serp&amp;mstk=AUtExfAtASktPc0hCvHfvLXXbBpb6kamTNi--ji7o88saJQFQx81iFRioSPdnA4kJhxVx2DeJsVZK9WwVSxVw6J1MuVpa36auuyZQAaYFHzT-hMVuEvfPnC1qDtv7Wv_Ihqitu3Ho3OALpfwfRrcLhWzzrLGv459vIailg9pgZA7XoxMCxK4QRbUmZf2Vc9x7SNxYNNqgtSTrlUsOWbF80BVKSRw0HvQ2GRAU8N10HzgAmZhb-lMIGLEFTkPcZhaUXB6cUqR50dFvWtcVPywfEwkHYnimNnxkCDKMsyUmmn8OrXv8g&amp;csui=3&amp;ved=2ahUKEwivn7aYmLORAxUWOPsDHQv1FlAQgK4QegQIARAD\" target=\"_blank\" rel=\"noopener\">cha\u00e2bi alg\u00e9rien<\/a>, la\u00a0<a href=\"https:\/\/www.google.com\/search?q=rumba+gitane&amp;sca_esv=d878df9cdf7e300a&amp;rlz=1C1GCEU_frMA1001MA1001&amp;sxsrf=AE3TifOyTK2dm5WbVWlOAii-HRYJfs7FtA:1765375454481&amp;ei=3n05aeKPHZWjhbIPtcTt-Ak&amp;oq=labass+artiste&amp;gs_lp=Egxnd3Mtd2l6LXNlcnAiDmxhYmFzcyBhcnRpc3RlKgIIAjIGEAAYDRgeMggQABiABBiiBDIFEAAY7wUyBRAAGO8FMggQABiABBiiBDIFEAAY7wVIlzNQoAdYgSFwAXgBkAEAmAGXAaABtwiqAQMwLji4AQHIAQD4AQGYAgmgAuMIwgIKEAAYsAMY1gQYR8ICDRAAGIAEGLADGEMYigXCAhMQLhiABBiwAxhDGMgDGIoF2AEBwgIVEC4YgAQYsAMYQxjIAxiKBRgK2AEBwgIKEAAYgAQYQxiKBcICBRAAGIAEwgIIEAAYgAQYywHCAgcQABiABBgKwgIFEC4YgATCAggQABgWGAoYHsICBhAAGBYYHpgDAIgGAZAGC7oGBAgBGAiSBwMxLjigB9kusgcDMC44uAfcCMIHBTAuNS40yAchgAgA&amp;sclient=gws-wiz-serp&amp;mstk=AUtExfAtASktPc0hCvHfvLXXbBpb6kamTNi--ji7o88saJQFQx81iFRioSPdnA4kJhxVx2DeJsVZK9WwVSxVw6J1MuVpa36auuyZQAaYFHzT-hMVuEvfPnC1qDtv7Wv_Ihqitu3Ho3OALpfwfRrcLhWzzrLGv459vIailg9pgZA7XoxMCxK4QRbUmZf2Vc9x7SNxYNNqgtSTrlUsOWbF80BVKSRw0HvQ2GRAU8N10HzgAmZhb-lMIGLEFTkPcZhaUXB6cUqR50dFvWtcVPywfEwkHYnimNnxkCDKMsyUmmn8OrXv8g&amp;csui=3&amp;ved=2ahUKEwivn7aYmLORAxUWOPsDHQv1FlAQgK4QegQIARAE\" target=\"_blank\" rel=\"noopener\">rumba gitane<\/a>, le\u00a0<a href=\"https:\/\/www.google.com\/search?q=flamenco&amp;sca_esv=d878df9cdf7e300a&amp;rlz=1C1GCEU_frMA1001MA1001&amp;sxsrf=AE3TifOyTK2dm5WbVWlOAii-HRYJfs7FtA:1765375454481&amp;ei=3n05aeKPHZWjhbIPtcTt-Ak&amp;oq=labass+artiste&amp;gs_lp=Egxnd3Mtd2l6LXNlcnAiDmxhYmFzcyBhcnRpc3RlKgIIAjIGEAAYDRgeMggQABiABBiiBDIFEAAY7wUyBRAAGO8FMggQABiABBiiBDIFEAAY7wVIlzNQoAdYgSFwAXgBkAEAmAGXAaABtwiqAQMwLji4AQHIAQD4AQGYAgmgAuMIwgIKEAAYsAMY1gQYR8ICDRAAGIAEGLADGEMYigXCAhMQLhiABBiwAxhDGMgDGIoF2AEBwgIVEC4YgAQYsAMYQxjIAxiKBRgK2AEBwgIKEAAYgAQYQxiKBcICBRAAGIAEwgIIEAAYgAQYywHCAgcQABiABBgKwgIFEC4YgATCAggQABgWGAoYHsICBhAAGBYYHpgDAIgGAZAGC7oGBAgBGAiSBwMxLjigB9kusgcDMC44uAfcCMIHBTAuNS40yAchgAgA&amp;sclient=gws-wiz-serp&amp;mstk=AUtExfAtASktPc0hCvHfvLXXbBpb6kamTNi--ji7o88saJQFQx81iFRioSPdnA4kJhxVx2DeJsVZK9WwVSxVw6J1MuVpa36auuyZQAaYFHzT-hMVuEvfPnC1qDtv7Wv_Ihqitu3Ho3OALpfwfRrcLhWzzrLGv459vIailg9pgZA7XoxMCxK4QRbUmZf2Vc9x7SNxYNNqgtSTrlUsOWbF80BVKSRw0HvQ2GRAU8N10HzgAmZhb-lMIGLEFTkPcZhaUXB6cUqR50dFvWtcVPywfEwkHYnimNnxkCDKMsyUmmn8OrXv8g&amp;csui=3&amp;ved=2ahUKEwivn7aYmLORAxUWOPsDHQv1FlAQgK4QegQIARAF\" target=\"_blank\" rel=\"noopener\">flamenco<\/a>\u00a0et des rythmes africains, explorant les th\u00e8mes de l&rsquo;exil et de l&rsquo;identit\u00e9 avec des textes en arabe, fran\u00e7ais et espagnol.<\/p>\n<p>Une soir\u00e9e qui refl\u00e8te la vitalit\u00e9 culturelle du Maroc et l\u2019expression plurielle d\u2019une sc\u00e8ne artistique en pleine \u00e9volution.<\/p>\n<p><strong>LES SC\u00c8NES D\u2019UN RENOUVEAU URBAIN<\/strong><\/p>\n<p>Les concerts se d\u00e9rouleront chaque soir \u00e0 partir de 18h00 dans deux lieux embl\u00e9matiques d\u2019Agadir :<\/p>\n<ul>\n<li>La Place Al Amal, enti\u00e8rement r\u00e9am\u00e9nag\u00e9e en 2025, offrant de nouveaux espaces publics, une accessibilit\u00e9 renforc\u00e9e et des infrastructures techniques de derni\u00e8re g\u00e9n\u00e9ration.<\/li>\n<li>Le Th\u00e9\u00e2tre de Verdure, r\u00e9cemment restaur\u00e9, d\u00e9sormais pens\u00e9 comme un espace sc\u00e9nique strat\u00e9gique pour les concerts et les captations audiovisuelles.<\/li>\n<\/ul>\n<p>Ces deux sites symbolisent le dynamisme culturel de la ville d\u2019Agadir et la transformation urbaine engag\u00e9e ces derni\u00e8res ann\u00e9es.<\/p>\n<p><strong>UN FESTIVAL POPULAIRE, FID\u00c8LE \u00c0 SON ADN<\/strong><\/p>\n<p>Ouvert \u00e0 tous et gratuit, Timitar demeure fid\u00e8le aux valeurs qui fondent son identit\u00e9 :<\/p>\n<p>la valorisation des musiques amazighes, l\u2019accueil des cultures du monde, le dialogue entre les peuples, le vivre-ensemble et la transmission entre g\u00e9n\u00e9rations.<\/p>\n<p>Le festival doit son rayonnement \u00e0 l\u2019engagement de ses b\u00e9n\u00e9voles, \u00e0 la mobilisation du public gadiri et au soutien constant de ses partenaires institutionnels : la Commune d\u2019Agadir, la R\u00e9gion Souss-Massa, la Wilaya, l\u2019Office National Marocain du Tourisme, le Conseil R\u00e9gional du Tourisme, l\u2019Association des H\u00f4teliers d\u2019Agadir et l\u2019Association des Transporteurs d\u2019Agadir.<\/p>\n<p><strong>Trois jours de musique, de rencontres et de fraternit\u00e9 artistique, \u00e0 partir de 18h00 chaque soir\u00a0pour c\u00e9l\u00e9brer la culture Amazigh, l\u2019Afrique et le monde \u00e0 Agadir.<\/strong><\/p>\n<p><img data-recalc-dims=\"1\" loading=\"lazy\" decoding=\"async\" class=\"aligncenter wp-image-7361 size-full\" src=\"https:\/\/i0.wp.com\/amadalamazigh.press.ma\/fr\/wp-content\/uploads\/2025\/12\/25-01082-Timitar-2025-60x80-VA-VF-1-scaled.jpg?resize=618%2C824&#038;ssl=1\" alt=\"\" width=\"618\" height=\"824\" srcset=\"https:\/\/i0.wp.com\/amadalamazigh.press.ma\/fr\/wp-content\/uploads\/2025\/12\/25-01082-Timitar-2025-60x80-VA-VF-1-scaled.jpg?w=1920&amp;ssl=1 1920w, https:\/\/i0.wp.com\/amadalamazigh.press.ma\/fr\/wp-content\/uploads\/2025\/12\/25-01082-Timitar-2025-60x80-VA-VF-1-scaled.jpg?resize=187%2C250&amp;ssl=1 187w, https:\/\/i0.wp.com\/amadalamazigh.press.ma\/fr\/wp-content\/uploads\/2025\/12\/25-01082-Timitar-2025-60x80-VA-VF-1-scaled.jpg?resize=768%2C1024&amp;ssl=1 768w, https:\/\/i0.wp.com\/amadalamazigh.press.ma\/fr\/wp-content\/uploads\/2025\/12\/25-01082-Timitar-2025-60x80-VA-VF-1-scaled.jpg?resize=1152%2C1536&amp;ssl=1 1152w, https:\/\/i0.wp.com\/amadalamazigh.press.ma\/fr\/wp-content\/uploads\/2025\/12\/25-01082-Timitar-2025-60x80-VA-VF-1-scaled.jpg?resize=1536%2C2048&amp;ssl=1 1536w, https:\/\/i0.wp.com\/amadalamazigh.press.ma\/fr\/wp-content\/uploads\/2025\/12\/25-01082-Timitar-2025-60x80-VA-VF-1-scaled.jpg?w=1236&amp;ssl=1 1236w, https:\/\/i0.wp.com\/amadalamazigh.press.ma\/fr\/wp-content\/uploads\/2025\/12\/25-01082-Timitar-2025-60x80-VA-VF-1-scaled.jpg?w=1854&amp;ssl=1 1854w\" sizes=\"auto, (max-width: 618px) 100vw, 618px\" \/><\/p>\n","protected":false},"excerpt":{"rendered":"<p>\u00c0 LA VEILLE DE LA CAN, AGADIR C\u00c9L\u00c8BRE 20 ANS DE DIALOGUE CULTUREL ET DE MUSIQUES AMAZIGHES, Sous le Haut Patronage de Sa Majest\u00e9 le Roi Mohammed VI. Les artistes amazighs au c\u0153ur d\u2019un dialogue musical mondial \u2013 Une \u00e9dition r\u00e9solument ancr\u00e9e en Afrique Plac\u00e9e sous le Haut Patronage de Sa Majest\u00e9 le Roi Mohammed &hellip;<\/p>\n","protected":false},"author":2,"featured_media":7361,"comment_status":"open","ping_status":"closed","sticky":false,"template":"","format":"standard","meta":{"jetpack_post_was_ever_published":false,"_jetpack_newsletter_access":"","_jetpack_dont_email_post_to_subs":false,"_jetpack_newsletter_tier_id":0,"_jetpack_memberships_contains_paywalled_content":false,"_jetpack_memberships_contains_paid_content":false,"footnotes":"","jetpack_publicize_message":"","jetpack_publicize_feature_enabled":true,"jetpack_social_post_already_shared":true,"jetpack_social_options":{"image_generator_settings":{"template":"highway","default_image_id":0,"font":"","enabled":false},"version":2}},"categories":[21,10],"tags":[],"class_list":["post-7360","post","type-post","status-publish","format-standard","has-post-thumbnail","","category-culture-art","category-maroc"],"jetpack_publicize_connections":[],"jetpack_featured_media_url":"https:\/\/i0.wp.com\/amadalamazigh.press.ma\/fr\/wp-content\/uploads\/2025\/12\/25-01082-Timitar-2025-60x80-VA-VF-1-scaled.jpg?fit=1920%2C2560&ssl=1","jetpack_shortlink":"https:\/\/wp.me\/p9uxE2-1UI","jetpack_sharing_enabled":true,"_links":{"self":[{"href":"https:\/\/amadalamazigh.press.ma\/fr\/wp-json\/wp\/v2\/posts\/7360","targetHints":{"allow":["GET"]}}],"collection":[{"href":"https:\/\/amadalamazigh.press.ma\/fr\/wp-json\/wp\/v2\/posts"}],"about":[{"href":"https:\/\/amadalamazigh.press.ma\/fr\/wp-json\/wp\/v2\/types\/post"}],"author":[{"embeddable":true,"href":"https:\/\/amadalamazigh.press.ma\/fr\/wp-json\/wp\/v2\/users\/2"}],"replies":[{"embeddable":true,"href":"https:\/\/amadalamazigh.press.ma\/fr\/wp-json\/wp\/v2\/comments?post=7360"}],"version-history":[{"count":1,"href":"https:\/\/amadalamazigh.press.ma\/fr\/wp-json\/wp\/v2\/posts\/7360\/revisions"}],"predecessor-version":[{"id":7362,"href":"https:\/\/amadalamazigh.press.ma\/fr\/wp-json\/wp\/v2\/posts\/7360\/revisions\/7362"}],"wp:featuredmedia":[{"embeddable":true,"href":"https:\/\/amadalamazigh.press.ma\/fr\/wp-json\/wp\/v2\/media\/7361"}],"wp:attachment":[{"href":"https:\/\/amadalamazigh.press.ma\/fr\/wp-json\/wp\/v2\/media?parent=7360"}],"wp:term":[{"taxonomy":"category","embeddable":true,"href":"https:\/\/amadalamazigh.press.ma\/fr\/wp-json\/wp\/v2\/categories?post=7360"},{"taxonomy":"post_tag","embeddable":true,"href":"https:\/\/amadalamazigh.press.ma\/fr\/wp-json\/wp\/v2\/tags?post=7360"}],"curies":[{"name":"wp","href":"https:\/\/api.w.org\/{rel}","templated":true}]}}