{"id":7436,"date":"2026-01-06T11:46:12","date_gmt":"2026-01-06T10:46:12","guid":{"rendered":"https:\/\/amadalamazigh.press.ma\/fr\/?p=7436"},"modified":"2026-01-06T11:46:12","modified_gmt":"2026-01-06T10:46:12","slug":"molenbeek-hisse-officiellement-le-drapeau-amazigh-pour-celebrer-yennayer-2976","status":"publish","type":"post","link":"https:\/\/amadalamazigh.press.ma\/fr\/molenbeek-hisse-officiellement-le-drapeau-amazigh-pour-celebrer-yennayer-2976\/","title":{"rendered":"Molenbeek hisse officiellement le drapeau amazigh pour c\u00e9l\u00e9brer Yennayer 2976"},"content":{"rendered":"<p style=\"text-align: center;\"><img data-recalc-dims=\"1\" loading=\"lazy\" decoding=\"async\" class=\"size-medium wp-image-7437 alignleft\" src=\"https:\/\/i0.wp.com\/amadalamazigh.press.ma\/fr\/wp-content\/uploads\/2026\/01\/mol.jpg?resize=200%2C250&#038;ssl=1\" alt=\"\" width=\"200\" height=\"250\" srcset=\"https:\/\/i0.wp.com\/amadalamazigh.press.ma\/fr\/wp-content\/uploads\/2026\/01\/mol.jpg?resize=200%2C250&amp;ssl=1 200w, https:\/\/i0.wp.com\/amadalamazigh.press.ma\/fr\/wp-content\/uploads\/2026\/01\/mol.jpg?resize=818%2C1024&amp;ssl=1 818w, https:\/\/i0.wp.com\/amadalamazigh.press.ma\/fr\/wp-content\/uploads\/2026\/01\/mol.jpg?resize=1227%2C1536&amp;ssl=1 1227w, https:\/\/i0.wp.com\/amadalamazigh.press.ma\/fr\/wp-content\/uploads\/2026\/01\/mol.jpg?w=1636&amp;ssl=1 1636w\" sizes=\"auto, (max-width: 200px) 100vw, 200px\" \/><strong>Officiellement, le Conseil Municipal de Molenbeek, en Belgique, approuve la lev\u00e9e du drapeau Amazigh \u00e0 l\u2019occasion du Nouvel An Amazigh, Yennayer 2976.<\/strong><\/p>\n<p>Le Conseil a vot\u00e9 \u00e0 l&rsquo;unanimit\u00e9 pour hisser le drapeau Amazigh sur la fa\u00e7ade de l&rsquo;h\u00f4tel de ville du 12 au 31 janvier, en c\u00e9l\u00e9bration du Nouvel An 2976.<\/p>\n<p>Cette d\u00e9cision fait suite \u00e0 une motion pr\u00e9sent\u00e9e par le Belgo-Amazigh Mohamed El Hamouti, Conseiller Municipal de Molenbeek, qui a re\u00e7u un large soutien et a \u00e9t\u00e9 approuv\u00e9e par les membres du conseil. Cette initiative s&rsquo;inscrit dans une s\u00e9rie de mesures prises par Molenbeek et plusieurs autres communes Belges qui ont instaur\u00e9 la tradition de comm\u00e9morer le Nouvel An Amazigh.<\/p>\n<p>Mohamed El Hamouti a soulign\u00e9 l&rsquo;importance de la pr\u00e9sence de la communaut\u00e9 Amazighe dans la ville, pr\u00e9cisant que ses membres sont profond\u00e9ment enracin\u00e9s \u00e0 Molenbeek depuis pr\u00e8s de cinq g\u00e9n\u00e9rations. Selon lui, la communaut\u00e9 Amazighe continue de jouer un r\u00f4le actif et significatif dans divers domaines de la vie, notamment social, \u00e9conomique, culturel, \u00e9ducatif et politique.<\/p>\n","protected":false},"excerpt":{"rendered":"<p>Officiellement, le Conseil Municipal de Molenbeek, en Belgique, approuve la lev\u00e9e du drapeau Amazigh \u00e0 l\u2019occasion du Nouvel An Amazigh, Yennayer 2976. Le Conseil a vot\u00e9 \u00e0 l&rsquo;unanimit\u00e9 pour hisser le drapeau Amazigh sur la fa\u00e7ade de l&rsquo;h\u00f4tel de ville du 12 au 31 janvier, en c\u00e9l\u00e9bration du Nouvel An 2976. Cette d\u00e9cision fait suite &hellip;<\/p>\n","protected":false},"author":2,"featured_media":7437,"comment_status":"open","ping_status":"closed","sticky":false,"template":"","format":"standard","meta":{"jetpack_post_was_ever_published":false,"_jetpack_newsletter_access":"","_jetpack_dont_email_post_to_subs":false,"_jetpack_newsletter_tier_id":0,"_jetpack_memberships_contains_paywalled_content":false,"_jetpack_memberships_contains_paid_content":false,"footnotes":"","jetpack_publicize_message":"","jetpack_publicize_feature_enabled":true,"jetpack_social_post_already_shared":true,"jetpack_social_options":{"image_generator_settings":{"template":"highway","default_image_id":0,"font":"","enabled":false},"version":2}},"categories":[18],"tags":[],"class_list":["post-7436","post","type-post","status-publish","format-standard","has-post-thumbnail","","category-hors-tamazgha"],"jetpack_publicize_connections":[],"jetpack_featured_media_url":"https:\/\/i0.wp.com\/amadalamazigh.press.ma\/fr\/wp-content\/uploads\/2026\/01\/mol.jpg?fit=1636%2C2048&ssl=1","jetpack_shortlink":"https:\/\/wp.me\/p9uxE2-1VW","jetpack_sharing_enabled":true,"_links":{"self":[{"href":"https:\/\/amadalamazigh.press.ma\/fr\/wp-json\/wp\/v2\/posts\/7436","targetHints":{"allow":["GET"]}}],"collection":[{"href":"https:\/\/amadalamazigh.press.ma\/fr\/wp-json\/wp\/v2\/posts"}],"about":[{"href":"https:\/\/amadalamazigh.press.ma\/fr\/wp-json\/wp\/v2\/types\/post"}],"author":[{"embeddable":true,"href":"https:\/\/amadalamazigh.press.ma\/fr\/wp-json\/wp\/v2\/users\/2"}],"replies":[{"embeddable":true,"href":"https:\/\/amadalamazigh.press.ma\/fr\/wp-json\/wp\/v2\/comments?post=7436"}],"version-history":[{"count":1,"href":"https:\/\/amadalamazigh.press.ma\/fr\/wp-json\/wp\/v2\/posts\/7436\/revisions"}],"predecessor-version":[{"id":7438,"href":"https:\/\/amadalamazigh.press.ma\/fr\/wp-json\/wp\/v2\/posts\/7436\/revisions\/7438"}],"wp:featuredmedia":[{"embeddable":true,"href":"https:\/\/amadalamazigh.press.ma\/fr\/wp-json\/wp\/v2\/media\/7437"}],"wp:attachment":[{"href":"https:\/\/amadalamazigh.press.ma\/fr\/wp-json\/wp\/v2\/media?parent=7436"}],"wp:term":[{"taxonomy":"category","embeddable":true,"href":"https:\/\/amadalamazigh.press.ma\/fr\/wp-json\/wp\/v2\/categories?post=7436"},{"taxonomy":"post_tag","embeddable":true,"href":"https:\/\/amadalamazigh.press.ma\/fr\/wp-json\/wp\/v2\/tags?post=7436"}],"curies":[{"name":"wp","href":"https:\/\/api.w.org\/{rel}","templated":true}]}}