{"id":7489,"date":"2026-01-14T14:42:58","date_gmt":"2026-01-14T13:42:58","guid":{"rendered":"https:\/\/amadalamazigh.press.ma\/fr\/?p=7489"},"modified":"2026-01-14T14:42:58","modified_gmt":"2026-01-14T13:42:58","slug":"ecrire-tamazight-en-tifinagh-un-choix-souverain-porte-par-la-vision-royale","status":"publish","type":"post","link":"https:\/\/amadalamazigh.press.ma\/fr\/ecrire-tamazight-en-tifinagh-un-choix-souverain-porte-par-la-vision-royale\/","title":{"rendered":"\u00c9crire Tamazight en Tifinagh : un choix souverain port\u00e9 par la vision royale"},"content":{"rendered":"<p><img data-recalc-dims=\"1\" loading=\"lazy\" decoding=\"async\" class=\"size-medium wp-image-7490 alignright\" src=\"https:\/\/i0.wp.com\/amadalamazigh.press.ma\/fr\/wp-content\/uploads\/2026\/01\/1000029126.jpg?resize=250%2C250&#038;ssl=1\" alt=\"\" width=\"250\" height=\"250\" srcset=\"https:\/\/i0.wp.com\/amadalamazigh.press.ma\/fr\/wp-content\/uploads\/2026\/01\/1000029126.jpg?resize=250%2C250&amp;ssl=1 250w, https:\/\/i0.wp.com\/amadalamazigh.press.ma\/fr\/wp-content\/uploads\/2026\/01\/1000029126.jpg?w=1024&amp;ssl=1 1024w\" sizes=\"auto, (max-width: 250px) 100vw, 250px\" \/>\u00c0 l\u2019occasion de la Journ\u00e9e mondiale du Tifinagh<\/p>\n<p>Le Maroc s\u2019impose aujourd\u2019hui comme un mod\u00e8le dans le monde amazigh gr\u00e2ce \u00e0 une d\u00e9cision souveraine, assum\u00e9e et structurante : l\u2019adoption officielle du Tifinagh comme \u00e9criture de la langue amazighe.<\/p>\n<p>Ce choix, port\u00e9 par la vision \u00e9clair\u00e9e de Sa Majest\u00e9 le Roi Mohammed VI, a permis de r\u00e9concilier la nation avec l\u2019une de ses composantes identitaires les plus anciennes.<\/p>\n<p>Un tournant historique : le Discours d\u2019Ajdir et la cr\u00e9ation de l\u2019IRCAM<\/p>\n<p>Le Discours d\u2019Ajdir du 17 octobre 2001 a marqu\u00e9 une rupture d\u00e9cisive.<\/p>\n<p>Sa Majest\u00e9 y affirmait que l\u2019amazighe constitue un patrimoine commun \u00e0 tous les Marocains, et annon\u00e7ait la cr\u00e9ation de l\u2019Institut Royal de la Culture Amazighe (IRCAM).<\/p>\n<p>Depuis, l\u2019IRCAM est devenu :<\/p>\n<p>&#8211; le r\u00e9f\u00e9rent scientifique de l\u2019am\u00e9nagement linguistique,<\/p>\n<p>&#8211; le garant de la normalisation du Tifinagh,<\/p>\n<p>&#8211; l\u2019acteur central de l\u2019int\u00e9gration de Tamazight dans l\u2019\u00e9cole, les m\u00e9dias et la vie publique.<\/p>\n<p>Le choix du Tifinagh : une d\u00e9cision souveraine et identitaire<\/p>\n<p>En 2003, le Maroc adopte officiellement le Tifinagh comme graphie de la langue amazighe.<\/p>\n<p>Ce choix a permis :<\/p>\n<p>&#8211; l\u2019enseignement de Tamazight en Tifinagh dans les \u00e9coles,<\/p>\n<p>&#8211; la production de manuels et de ressources p\u00e9dagogiques,<\/p>\n<p>&#8211; la diffusion de l\u2019\u00e9criture amazighe dans les administrations,<\/p>\n<p>&#8211; la cr\u00e9ation de la cha\u00eene de t\u00e9l\u00e9vision amazighe en 2009,<\/p>\n<p>&#8211; l\u2019int\u00e9gration du Tifinagh dans l\u2019espace public et num\u00e9rique.<\/p>\n<p>Ce choix n\u2019est pas seulement technique :<\/p>\n<p>c\u2019est un acte de souverainet\u00e9 culturelle, un geste de fid\u00e9lit\u00e9 \u00e0 l\u2019histoire profonde du Maroc.<\/p>\n<p>Les pionniers : l\u2019Acad\u00e9mie Berb\u00e8re de Paris et la Direction du Nord de l\u2019Academie Berb\u00e8re \u00e0 Roubaix<\/p>\n<p>Bien avant l\u2019institutionnalisation, la renaissance amazighe a \u00e9t\u00e9 port\u00e9e par des structures militantes visionnaires.<\/p>\n<p>L\u2019Acad\u00e9mie Berb\u00e8re de Paris (1967\u20131980)<\/p>\n<p>Cofond\u00e9e et pr\u00e9sid\u00e9e par Mohand Sa\u00efd Hanouz, l\u2019Acad\u00e9mie Berb\u00e8re a jou\u00e9 un r\u00f4le d\u00e9terminant dans :<\/p>\n<p>&#8211; la red\u00e9couverte du Tifinagh,<\/p>\n<p>&#8211; la diffusion de la conscience amazighe moderne,<\/p>\n<p>&#8211; la production de revues, documents et symboles identitaires,<\/p>\n<p>&#8211; la structuration du mouvement amazigh en diaspora.<\/p>\n<p>La Direction du Nord de l\u2019Academie Berb\u00e8re \u00e0 Roubaix (1971\u20131980)<\/p>\n<p>En 1971, Mohand Ouramdane KHACER cr\u00e9e et diriges la Direction du Nord de l\u2019Acad\u00e9mie Berb\u00e8re \u00e0 Roubaix, qui devient un p\u00f4le majeur de :<\/p>\n<p>&#8211; diffusion culturelle,<\/p>\n<p>&#8211; formation militante,<\/p>\n<p>&#8211; production graphique et \u00e9ditoriale,<\/p>\n<p>&#8211; consolidation du Tifinagh moderne.<\/p>\n<p>Cette direction joue un r\u00f4le essentiel dans l\u2019essor de l\u2019amazighit\u00e9 en Europe du Nord.<\/p>\n<p>Afus Deg Wfus : la continuit\u00e9 et l\u2019innovation (1985\u2013aujourd\u2019hui)<\/p>\n<p>En octobre 1985, Mohand Ouramdane KHACER cr\u00e9e l\u2019association Afus Deg Wfus, qui prend le relais de la Direction du Nord de l&rsquo;Acad\u00e9mie Berb\u00e8re et poursuit le travail de mani\u00e8re structur\u00e9e et durable.<\/p>\n<p>Sous sa pr\u00e9sidence, Afus Deg Wfus r\u00e9alise un travail pionnier :<\/p>\n<p>&#8211; 1989 et 1993 : am\u00e9nagement et standardisation du Tifinagh et conception du premier clavier AZERTY \u2013 Tifinagh,<\/p>\n<p>&#8211; stabilisation des valeurs phon\u00e9tiques,<\/p>\n<p>&#8211; adaptation aux besoins modernes de l\u2019\u00e9dition,<\/p>\n<p>&#8211; pr\u00e9paration \u00e0 l\u2019informatisation.<\/p>\n<p>Ce standard sert ensuite de base :<\/p>\n<p>&#8211; \u00e0 la traduction du Coran en amazigh Tifinagh par Remdhan At Mensur (Alger, 2006),<\/p>\n<p>&#8211; aux travaux de normalisation ult\u00e9rieurs,<\/p>\n<p>&#8211; et c\u2019est l\u2019IRCAM, en tant qu\u2019institution officielle du Royaume, qui introduit le Tifinagh dans l\u2019Unicode, assurant ainsi sa reconnaissance internationale et son int\u00e9gration dans les syst\u00e8mes num\u00e9riques modernes.<\/p>\n<p>Le Maroc, en adoptant le Tifinagh, prolonge et consolide ainsi un travail militant, scientifique et culturel entam\u00e9 d\u00e8s les ann\u00e9es 1960.<\/p>\n<p>Les avanc\u00e9es en Alg\u00e9rie : une reconnaissance importante, dans un cadre institutionnel diff\u00e9rent<\/p>\n<p>Dans le reste du Maghreb, l\u2019amazigh conna\u00eet \u00e9galement des avanc\u00e9es significatives.<\/p>\n<p><img data-recalc-dims=\"1\" loading=\"lazy\" decoding=\"async\" class=\"aligncenter wp-image-7491 size-large\" src=\"https:\/\/i0.wp.com\/amadalamazigh.press.ma\/fr\/wp-content\/uploads\/2026\/01\/1000028231.jpg?resize=618%2C412&#038;ssl=1\" alt=\"\" width=\"618\" height=\"412\" srcset=\"https:\/\/i0.wp.com\/amadalamazigh.press.ma\/fr\/wp-content\/uploads\/2026\/01\/1000028231.jpg?resize=1024%2C683&amp;ssl=1 1024w, https:\/\/i0.wp.com\/amadalamazigh.press.ma\/fr\/wp-content\/uploads\/2026\/01\/1000028231.jpg?resize=375%2C250&amp;ssl=1 375w, https:\/\/i0.wp.com\/amadalamazigh.press.ma\/fr\/wp-content\/uploads\/2026\/01\/1000028231.jpg?w=1080&amp;ssl=1 1080w\" sizes=\"auto, (max-width: 618px) 100vw, 618px\" \/><\/p>\n<p>En Alg\u00e9rie, la langue amazighe est consacr\u00e9e en 2016 comme langue nationale et officielle, une \u00e9tape importante dans la reconnaissance de l\u2019identit\u00e9 amazighe du pays.<\/p>\n<p>Cependant, le cadre juridique alg\u00e9rien distingue :<\/p>\n<p>&#8211; la langue officielle,<\/p>\n<p>&#8211; et la langue de l\u2019\u00c9tat, utilis\u00e9e dans l\u2019administration, la justice et les institutions centrales.<\/p>\n<p>Dans ce syst\u00e8me, seule la langue arabe est d\u00e9finie comme langue de l\u2019\u00c9tat, ce qui signifie que Tamazight, bien qu\u2019\u00ab officielle \u00bb dans la Constitution, ne b\u00e9n\u00e9ficie pas encore de l\u2019ensemble des m\u00e9canismes institutionnels permettant son d\u00e9ploiement administratif et \u00e9tatique.<\/p>\n<p>Cette situation n\u2019enl\u00e8ve rien :<\/p>\n<p>&#8211; \u00e0 la richesse du travail universitaire men\u00e9 en Alg\u00e9rie,<\/p>\n<p>&#8211; \u00e0 la vitalit\u00e9 des productions culturelles en amazigh,<\/p>\n<p>&#8211; ni \u00e0 l\u2019attachement profond des populations amazighophones \u00e0 leur langue.<\/p>\n<p>Au contraire, la soci\u00e9t\u00e9 alg\u00e9rienne conna\u00eet une dynamique r\u00e9elle :<\/p>\n<p>&#8211; d\u00e9veloppement des d\u00e9partements universitaires de langue amazighe,<\/p>\n<p>&#8211; pr\u00e9sence accrue du Tifinagh dans les m\u00e9dias et les initiatives locales,<\/p>\n<p>&#8211; multiplication des projets culturels et \u00e9ducatifs.<\/p>\n<p>Ainsi, l\u2019Alg\u00e9rie avance dans la reconnaissance de Tamazight, mais selon un mod\u00e8le institutionnel diff\u00e9rent de celui du Maroc, o\u00f9 l\u2019officialit\u00e9 de la langue amazighe est pleinement assum\u00e9e, organis\u00e9e et port\u00e9e par l\u2019\u00c9tat dans toutes ses dimensions.<\/p>\n<p>Un mouvement amazigh global<\/p>\n<p>Aujourd\u2019hui :<\/p>\n<p>&#8211; le Maroc a officialis\u00e9 le Tifinagh,<\/p>\n<p>&#8211; la Libye l\u2019utilise dans les municipalit\u00e9s amazighes,<\/p>\n<p>&#8211; l\u2019Alg\u00e9rie avance vers sa g\u00e9n\u00e9ralisation,<\/p>\n<p>&#8211; la diaspora en fait un symbole de renaissance.<\/p>\n<p>Le r\u00e9veil amazigh est irr\u00e9versible.<\/p>\n<p>Conclusion : un avenir \u00e9crit en Tifinagh<\/p>\n<p>Le Tifinagh n\u2019est pas un simple alphabet.<\/p>\n<p>C\u2019est un acte de souverainet\u00e9, un choix identitaire, un outil de modernit\u00e9.<\/p>\n<p>Gr\u00e2ce :<\/p>\n<p>&#8211; au travail des pionniers depuis les ann\u00e9es 1960,<\/p>\n<p>&#8211; \u00e0 l\u2019engagement des associations comme Afus Deg Wfus,<\/p>\n<p>&#8211; \u00e0 la vision royale au Maroc,<\/p>\n<p>&#8211; aux avanc\u00e9es institutionnelles en Alg\u00e9rie,<\/p>\n<p>&#8211; et \u00e0 la mobilisation du peuple amazigh,<\/p>\n<p>le Tifinagh s\u2019impose aujourd\u2019hui comme l\u2019un des piliers de notre renaissance amazighe.<\/p>\n<p>&#8212;&#8212;&#8212;&#8212;&#8212;&#8212;-<\/p>\n<p>Med Ouramdane KHACER<\/p>\n<p>Pr\u00e9sident de l\u2019association Afus Deg Wfus<\/p>\n<p>Fondateur et ancien Dirigeant de la Direction du Nord de l\u2019Acad\u00e9mie Berb\u00e8re (1971\u20131980)<\/p>\n","protected":false},"excerpt":{"rendered":"<p>\u00c0 l\u2019occasion de la Journ\u00e9e mondiale du Tifinagh Le Maroc s\u2019impose aujourd\u2019hui comme un mod\u00e8le dans le monde amazigh gr\u00e2ce \u00e0 une d\u00e9cision souveraine, assum\u00e9e et structurante : l\u2019adoption officielle du Tifinagh comme \u00e9criture de la langue amazighe. Ce choix, port\u00e9 par la vision \u00e9clair\u00e9e de Sa Majest\u00e9 le Roi Mohammed VI, a permis de &hellip;<\/p>\n","protected":false},"author":2,"featured_media":7490,"comment_status":"open","ping_status":"closed","sticky":false,"template":"","format":"standard","meta":{"jetpack_post_was_ever_published":false,"_jetpack_newsletter_access":"","_jetpack_dont_email_post_to_subs":false,"_jetpack_newsletter_tier_id":0,"_jetpack_memberships_contains_paywalled_content":false,"_jetpack_memberships_contains_paid_content":false,"footnotes":"","jetpack_publicize_message":"","jetpack_publicize_feature_enabled":true,"jetpack_social_post_already_shared":true,"jetpack_social_options":{"image_generator_settings":{"template":"highway","default_image_id":0,"font":"","enabled":false},"version":2}},"categories":[13],"tags":[],"class_list":["post-7489","post","type-post","status-publish","format-standard","has-post-thumbnail","","category-opinions"],"jetpack_publicize_connections":[],"jetpack_featured_media_url":"https:\/\/i0.wp.com\/amadalamazigh.press.ma\/fr\/wp-content\/uploads\/2026\/01\/1000029126.jpg?fit=1024%2C1024&ssl=1","jetpack_shortlink":"https:\/\/wp.me\/p9uxE2-1WN","jetpack_sharing_enabled":true,"_links":{"self":[{"href":"https:\/\/amadalamazigh.press.ma\/fr\/wp-json\/wp\/v2\/posts\/7489","targetHints":{"allow":["GET"]}}],"collection":[{"href":"https:\/\/amadalamazigh.press.ma\/fr\/wp-json\/wp\/v2\/posts"}],"about":[{"href":"https:\/\/amadalamazigh.press.ma\/fr\/wp-json\/wp\/v2\/types\/post"}],"author":[{"embeddable":true,"href":"https:\/\/amadalamazigh.press.ma\/fr\/wp-json\/wp\/v2\/users\/2"}],"replies":[{"embeddable":true,"href":"https:\/\/amadalamazigh.press.ma\/fr\/wp-json\/wp\/v2\/comments?post=7489"}],"version-history":[{"count":1,"href":"https:\/\/amadalamazigh.press.ma\/fr\/wp-json\/wp\/v2\/posts\/7489\/revisions"}],"predecessor-version":[{"id":7492,"href":"https:\/\/amadalamazigh.press.ma\/fr\/wp-json\/wp\/v2\/posts\/7489\/revisions\/7492"}],"wp:featuredmedia":[{"embeddable":true,"href":"https:\/\/amadalamazigh.press.ma\/fr\/wp-json\/wp\/v2\/media\/7490"}],"wp:attachment":[{"href":"https:\/\/amadalamazigh.press.ma\/fr\/wp-json\/wp\/v2\/media?parent=7489"}],"wp:term":[{"taxonomy":"category","embeddable":true,"href":"https:\/\/amadalamazigh.press.ma\/fr\/wp-json\/wp\/v2\/categories?post=7489"},{"taxonomy":"post_tag","embeddable":true,"href":"https:\/\/amadalamazigh.press.ma\/fr\/wp-json\/wp\/v2\/tags?post=7489"}],"curies":[{"name":"wp","href":"https:\/\/api.w.org\/{rel}","templated":true}]}}