{"id":7590,"date":"2026-03-02T22:01:58","date_gmt":"2026-03-02T21:01:58","guid":{"rendered":"https:\/\/amadalamazigh.press.ma\/fr\/?p=7590"},"modified":"2026-03-02T22:01:58","modified_gmt":"2026-03-02T21:01:58","slug":"frappes-contre-liran-le-choc-systemique-qui-secoue-leconomie-mondiale","status":"publish","type":"post","link":"https:\/\/amadalamazigh.press.ma\/fr\/frappes-contre-liran-le-choc-systemique-qui-secoue-leconomie-mondiale\/","title":{"rendered":"Frappes contre l\u2019Iran : le choc syst\u00e9mique qui secoue l\u2019\u00e9conomie mondiale"},"content":{"rendered":"<figure id=\"attachment_6349\" aria-describedby=\"caption-attachment-6349\" style=\"width: 447px\" class=\"wp-caption alignright\"><img data-recalc-dims=\"1\" loading=\"lazy\" decoding=\"async\" class=\"wp-image-6349 size-medium\" src=\"https:\/\/i0.wp.com\/amadalamazigh.press.ma\/fr\/wp-content\/uploads\/2024\/10\/hicham-aboud.jpg?resize=447%2C250&#038;ssl=1\" alt=\"\" width=\"447\" height=\"250\" srcset=\"https:\/\/i0.wp.com\/amadalamazigh.press.ma\/fr\/wp-content\/uploads\/2024\/10\/hicham-aboud.jpg?resize=447%2C250&amp;ssl=1 447w, https:\/\/i0.wp.com\/amadalamazigh.press.ma\/fr\/wp-content\/uploads\/2024\/10\/hicham-aboud.jpg?resize=1024%2C572&amp;ssl=1 1024w, https:\/\/i0.wp.com\/amadalamazigh.press.ma\/fr\/wp-content\/uploads\/2024\/10\/hicham-aboud.jpg?resize=1536%2C858&amp;ssl=1 1536w, https:\/\/i0.wp.com\/amadalamazigh.press.ma\/fr\/wp-content\/uploads\/2024\/10\/hicham-aboud.jpg?w=1917&amp;ssl=1 1917w, https:\/\/i0.wp.com\/amadalamazigh.press.ma\/fr\/wp-content\/uploads\/2024\/10\/hicham-aboud.jpg?w=1236&amp;ssl=1 1236w, https:\/\/i0.wp.com\/amadalamazigh.press.ma\/fr\/wp-content\/uploads\/2024\/10\/hicham-aboud.jpg?w=1854&amp;ssl=1 1854w\" sizes=\"auto, (max-width: 447px) 100vw, 447px\" \/><figcaption id=\"caption-attachment-6349\" class=\"wp-caption-text\">Par Hichem ABOUD<\/figcaption><\/figure>\n<p>Les frappes men\u00e9es samedi matin par les \u00c9tats-Unis et Isra\u00ebl contre l\u2019Iran ne se limitent pas \u00e0 un \u00e9pisode militaire r\u00e9gional. En quelques heures, elles ont provoqu\u00e9 un v\u00e9ritable s\u00e9isme logistique plan\u00e9taire : routes maritimes paralys\u00e9es, trafic a\u00e9rien perturb\u00e9 \u00e0 l\u2019\u00e9chelle globale, explosion des co\u00fbts d\u2019assurance et tension imm\u00e9diate sur les march\u00e9s p\u00e9troliers. Plus qu\u2019une crise g\u00e9opolitique, c\u2019est une onde de choc \u00e9conomique mondiale qui se d\u00e9ploie.<\/p>\n<p><strong>Le commerce maritime mondial sous tension<\/strong><\/p>\n<p>Au c\u0153ur de la crise se trouve le d\u00e9troit d\u2019d\u00e9troit d\u2019Ormuz, passage par lequel transite pr\u00e8s de 20 % du p\u00e9trole mondial. Contr\u00f4l\u00e9 par T\u00e9h\u00e9ran, ce corridor \u00e9nerg\u00e9tique vital n\u2019a pas officiellement \u00e9t\u00e9 ferm\u00e9, mais les Gardiens de la r\u00e9volution ont averti par radio les navires que le passage n\u2019\u00e9tait \u00ab pas autoris\u00e9 \u00bb.<\/p>\n<p><strong>R\u00e9sultat imm\u00e9diat : les armateurs suspendent leurs travers\u00e9es.<\/strong><\/p>\n<p>Le groupe fran\u00e7ais CMA CGM et l\u2019allemand Hapag\u2011Lloyd ont ordonn\u00e9 \u00e0 leurs navires pr\u00e9sents ou en route vers le Golfe de se mettre \u00e0 l\u2019abri. Les cargos sont d\u00e9sormais d\u00e9rout\u00e9s vers le cap de Bonne-Esp\u00e9rance, rallongeant les trajets de plusieurs milliers de kilom\u00e8tres et ralentissant l\u2019approvisionnement mondial.<\/p>\n<p>Autre victime majeure : le canal de Suez, par lequel transite environ 10 % du commerce maritime international. Axe essentiel entre l\u2019Europe et l\u2019Asie, il subit un effondrement imm\u00e9diat du trafic.<\/p>\n<p>Cons\u00e9quence : retards logistiques en cascade, inflation des co\u00fbts de transport et risque de p\u00e9nuries sectorielles dans l\u2019industrie mondiale.<\/p>\n<p><strong>Le p\u00e9trole entre dans une zone de turbulence <\/strong><\/p>\n<p>Le march\u00e9 \u00e9nerg\u00e9tique r\u00e9agit d\u00e9j\u00e0. Selon Emmanuel Hache de IFP \u00c9nergies nouvelles, le risque principal est l\u2019apparition d\u2019une \u00ab prime de risque g\u00e9opolitique \u00bb durable li\u00e9e au d\u00e9troit d\u2019Ormuz.<\/p>\n<p>Un pr\u00e9c\u00e9dent existe : lors des bombardements de juin 2025 sur des installations iraniennes, le p\u00e9trole avait bondi de 15 % en quelques jours.<\/p>\n<p>Si le conflit s\u2019installe, la hausse pourrait devenir structurelle &#8211; et ralentir la croissance mondiale- en alimentant inflation et tensions mon\u00e9taires.<\/p>\n<p><strong>Le ciel mondial paralys\u00e9 <\/strong><\/p>\n<p>La guerre touche aussi l\u2019aviation internationale. D\u2019apr\u00e8s la soci\u00e9t\u00e9 d\u2019analyse a\u00e9ronautique Cirium, pr\u00e8s d\u2019un quart des vols pr\u00e9vus au Moyen-Orient ont \u00e9t\u00e9 annul\u00e9s samedi.<\/p>\n<p>Plusieurs \u00c9tats &#8211; Qatar, Isra\u00ebl, Irak, Syrie et les \u00c9mirats arabes unis &#8211; ont ferm\u00e9 leur espace a\u00e9rien.<\/p>\n<p>Les grands hubs intercontinentaux, notamment Duba\u00ef, Abou Dhabi et Doha, sont gravement perturb\u00e9s. Un incident mortel a m\u00eame \u00e9t\u00e9 signal\u00e9 \u00e0 l\u2019a\u00e9roport international Zayed.<\/p>\n<p>Selon l\u2019analyste John Strickland cit\u00e9 par Reuters, l\u2019impact d\u00e9passe largement la r\u00e9gion : \u00e9quipages dispers\u00e9s, avions immobilis\u00e9s et correspondances mondiales d\u00e9sorganis\u00e9es.<\/p>\n<p><strong>Une crise r\u00e9gionale devenue choc global <\/strong><\/p>\n<p>En quelques heures, le conflit a d\u00e9clench\u00e9 un triple effet domino :<\/p>\n<p>Logistique : routes maritimes allong\u00e9es et co\u00fbts de transport en hausse<\/p>\n<p>\u00c9nerg\u00e9tique : tension imm\u00e9diate sur le p\u00e9trole<\/p>\n<p>A\u00e9rien : d\u00e9sorganisation du trafic intercontinental<\/p>\n<p>Ce qui se joue n\u2019est plus seulement une confrontation militaire. Le Moyen-Orient redevient le centre n\u00e9vralgique d\u2019une vuln\u00e9rabilit\u00e9 structurelle de l\u2019\u00e9conomie mondiale : la d\u00e9pendance aux corridors \u00e9nerg\u00e9tiques et aux hubs logistiques concentr\u00e9s.<\/p>\n<p>Si l\u2019escalade se prolonge, la plan\u00e8te pourrait entrer dans une phase de stagflation &#8211; combinaison de ralentissement \u00e9conomique et inflation \u00e9nerg\u00e9tique &#8211; rappelant les chocs p\u00e9troliers du XX\u1d49 si\u00e8cle.<\/p>\n<p>Une guerre locale vient ainsi de r\u00e9v\u00e9ler, une fois de plus, la fragilit\u00e9 globale du syst\u00e8me \u00e9conomique mondial.<\/p>\n","protected":false},"excerpt":{"rendered":"<p>Les frappes men\u00e9es samedi matin par les \u00c9tats-Unis et Isra\u00ebl contre l\u2019Iran ne se limitent pas \u00e0 un \u00e9pisode militaire r\u00e9gional. En quelques heures, elles ont provoqu\u00e9 un v\u00e9ritable s\u00e9isme logistique plan\u00e9taire : routes maritimes paralys\u00e9es, trafic a\u00e9rien perturb\u00e9 \u00e0 l\u2019\u00e9chelle globale, explosion des co\u00fbts d\u2019assurance et tension imm\u00e9diate sur les march\u00e9s p\u00e9troliers. Plus qu\u2019une &hellip;<\/p>\n","protected":false},"author":2,"featured_media":6349,"comment_status":"open","ping_status":"closed","sticky":false,"template":"","format":"standard","meta":{"jetpack_post_was_ever_published":false,"_jetpack_newsletter_access":"","_jetpack_dont_email_post_to_subs":false,"_jetpack_newsletter_tier_id":0,"_jetpack_memberships_contains_paywalled_content":false,"_jetpack_memberships_contains_paid_content":false,"footnotes":"","jetpack_publicize_message":"","jetpack_publicize_feature_enabled":true,"jetpack_social_post_already_shared":true,"jetpack_social_options":{"image_generator_settings":{"template":"highway","default_image_id":0,"font":"","enabled":false},"version":2}},"categories":[13],"tags":[],"class_list":["post-7590","post","type-post","status-publish","format-standard","has-post-thumbnail","","category-opinions"],"jetpack_publicize_connections":[],"jetpack_featured_media_url":"https:\/\/i0.wp.com\/amadalamazigh.press.ma\/fr\/wp-content\/uploads\/2024\/10\/hicham-aboud.jpg?fit=1917%2C1071&ssl=1","jetpack_shortlink":"https:\/\/wp.me\/p9uxE2-1Yq","jetpack_sharing_enabled":true,"_links":{"self":[{"href":"https:\/\/amadalamazigh.press.ma\/fr\/wp-json\/wp\/v2\/posts\/7590","targetHints":{"allow":["GET"]}}],"collection":[{"href":"https:\/\/amadalamazigh.press.ma\/fr\/wp-json\/wp\/v2\/posts"}],"about":[{"href":"https:\/\/amadalamazigh.press.ma\/fr\/wp-json\/wp\/v2\/types\/post"}],"author":[{"embeddable":true,"href":"https:\/\/amadalamazigh.press.ma\/fr\/wp-json\/wp\/v2\/users\/2"}],"replies":[{"embeddable":true,"href":"https:\/\/amadalamazigh.press.ma\/fr\/wp-json\/wp\/v2\/comments?post=7590"}],"version-history":[{"count":1,"href":"https:\/\/amadalamazigh.press.ma\/fr\/wp-json\/wp\/v2\/posts\/7590\/revisions"}],"predecessor-version":[{"id":7591,"href":"https:\/\/amadalamazigh.press.ma\/fr\/wp-json\/wp\/v2\/posts\/7590\/revisions\/7591"}],"wp:featuredmedia":[{"embeddable":true,"href":"https:\/\/amadalamazigh.press.ma\/fr\/wp-json\/wp\/v2\/media\/6349"}],"wp:attachment":[{"href":"https:\/\/amadalamazigh.press.ma\/fr\/wp-json\/wp\/v2\/media?parent=7590"}],"wp:term":[{"taxonomy":"category","embeddable":true,"href":"https:\/\/amadalamazigh.press.ma\/fr\/wp-json\/wp\/v2\/categories?post=7590"},{"taxonomy":"post_tag","embeddable":true,"href":"https:\/\/amadalamazigh.press.ma\/fr\/wp-json\/wp\/v2\/tags?post=7590"}],"curies":[{"name":"wp","href":"https:\/\/api.w.org\/{rel}","templated":true}]}}