{"id":7608,"date":"2026-03-04T22:19:28","date_gmt":"2026-03-04T21:19:28","guid":{"rendered":"https:\/\/amadalamazigh.press.ma\/fr\/?p=7608"},"modified":"2026-03-04T22:19:28","modified_gmt":"2026-03-04T21:19:28","slug":"comment-alger-a-lache-son-allie-iranien-et-sest-rapproche-des-monarchies-arabes","status":"publish","type":"post","link":"https:\/\/amadalamazigh.press.ma\/fr\/comment-alger-a-lache-son-allie-iranien-et-sest-rapproche-des-monarchies-arabes\/","title":{"rendered":"Comment Alger a l\u00e2ch\u00e9 son alli\u00e9 iranien et s\u2019est rapproch\u00e9 des monarchies arabes"},"content":{"rendered":"<figure id=\"attachment_6349\" aria-describedby=\"caption-attachment-6349\" style=\"width: 447px\" class=\"wp-caption alignnone\"><img data-recalc-dims=\"1\" loading=\"lazy\" decoding=\"async\" class=\"wp-image-6349 size-medium\" src=\"https:\/\/i0.wp.com\/amadalamazigh.press.ma\/fr\/wp-content\/uploads\/2024\/10\/hicham-aboud.jpg?resize=447%2C250&#038;ssl=1\" alt=\"\" width=\"447\" height=\"250\" srcset=\"https:\/\/i0.wp.com\/amadalamazigh.press.ma\/fr\/wp-content\/uploads\/2024\/10\/hicham-aboud.jpg?resize=447%2C250&amp;ssl=1 447w, https:\/\/i0.wp.com\/amadalamazigh.press.ma\/fr\/wp-content\/uploads\/2024\/10\/hicham-aboud.jpg?resize=1024%2C572&amp;ssl=1 1024w, https:\/\/i0.wp.com\/amadalamazigh.press.ma\/fr\/wp-content\/uploads\/2024\/10\/hicham-aboud.jpg?resize=1536%2C858&amp;ssl=1 1536w, https:\/\/i0.wp.com\/amadalamazigh.press.ma\/fr\/wp-content\/uploads\/2024\/10\/hicham-aboud.jpg?w=1917&amp;ssl=1 1917w, https:\/\/i0.wp.com\/amadalamazigh.press.ma\/fr\/wp-content\/uploads\/2024\/10\/hicham-aboud.jpg?w=1236&amp;ssl=1 1236w, https:\/\/i0.wp.com\/amadalamazigh.press.ma\/fr\/wp-content\/uploads\/2024\/10\/hicham-aboud.jpg?w=1854&amp;ssl=1 1854w\" sizes=\"auto, (max-width: 447px) 100vw, 447px\" \/><figcaption id=\"caption-attachment-6349\" class=\"wp-caption-text\">Par Hichem ABOUD<\/figcaption><\/figure>\n<p><strong>Le Haut Conseil de s\u00e9curit\u00e9 s\u2019est r\u00e9uni hier 3 mars sous la pr\u00e9sidence d\u2019Abdelmadjid Tebboune sans que ne soit souffl\u00e9e la moindre information sur son ordre du jour.\u00a0<\/strong><\/p>\n<p>Cette r\u00e9union intervient dans une conjoncture internationale particuli\u00e8rement tendue, marqu\u00e9e par l\u2019escalade militaire autour de l\u2019Iran et les recompositions strat\u00e9giques qui en d\u00e9coulent au Moyen-Orient. Le fait que cette instance se r\u00e9unisse \u00e0 nouveau \u00e0 peine deux mois apr\u00e8s celle du 8 janvier traduit l\u2019inqui\u00e9tude manifeste du pouvoir alg\u00e9rien face \u00e0 un environnement g\u00e9opolitique qu\u2019il ma\u00eetrise de moins en moins.<\/p>\n<p><img data-recalc-dims=\"1\" loading=\"lazy\" decoding=\"async\" class=\"aligncenter wp-image-7609 size-full\" src=\"https:\/\/i0.wp.com\/amadalamazigh.press.ma\/fr\/wp-content\/uploads\/2026\/03\/Tebbun-raissi.jpg?resize=618%2C390&#038;ssl=1\" alt=\"\" width=\"618\" height=\"390\" srcset=\"https:\/\/i0.wp.com\/amadalamazigh.press.ma\/fr\/wp-content\/uploads\/2026\/03\/Tebbun-raissi.jpg?w=745&amp;ssl=1 745w, https:\/\/i0.wp.com\/amadalamazigh.press.ma\/fr\/wp-content\/uploads\/2026\/03\/Tebbun-raissi.jpg?resize=396%2C250&amp;ssl=1 396w\" sizes=\"auto, (max-width: 618px) 100vw, 618px\" \/><\/p>\n<p>Dans ce contexte, cette convocation rapide appara\u00eet comme le signe d\u2019un d\u00e9sarroi croissant du r\u00e9gime, qui redoute d\u2019\u00eatre soumis \u00e0 des pressions accrues de la part de Washington. Les \u00c9tats-Unis attendent en effet d\u2019Alger un r\u00f4le d\u00e9terminant dans la stabilisation r\u00e9gionale, notamment sur le dossier du Sahara occidental, o\u00f9 l\u2019administration am\u00e9ricaine pousse vers une solution politique fond\u00e9e sur le plan d\u2019autonomie sous souverainet\u00e9 marocaine, ainsi que vers une normalisation durable avec le Maroc afin de clore un contentieux devenu un facteur majeur d\u2019instabilit\u00e9 au Maghreb.<\/p>\n<p><strong>Alger tourne le dos \u00e0 T\u00e9h\u00e9ran<\/strong><\/p>\n<p>La diplomatie alg\u00e9rienne a op\u00e9r\u00e9 un revirement spectaculaire au lendemain de l\u2019escalade militaire qui secoue le Moyen-Orient. Longtemps consid\u00e9r\u00e9e comme l\u2019un des partenaires politiques les plus constants de T\u00e9h\u00e9ran dans le monde arabe, l\u2019Alg\u00e9rie a choisi cette fois de se solidariser avec les monarchies du Golfe vis\u00e9es par les attaques iraniennes, tout en s\u2019abstenant de condamner les frappes isra\u00e9lo-am\u00e9ricaines contre l\u2019Iran. Une position qui tranche avec la ligne traditionnelle d\u2019Alger et r\u00e9v\u00e8le un repositionnement diplomatique significatif.<\/p>\n<p>Le dimanche 1er mars, au troisi\u00e8me jour du conflit, le ministre alg\u00e9rien des Affaires \u00e9trang\u00e8res, Ahmed Attaf, a re\u00e7u \u00e0 Alger les ambassadeurs des pays arabes \u00ab victimes d\u2019agressions militaires dans le contexte de la vague d\u2019escalade actuelle dans la r\u00e9gion \u00bb, selon un communiqu\u00e9 officiel du minist\u00e8re. Devant ses interlocuteurs, dont les identit\u00e9s n\u2019ont pas \u00e9t\u00e9 rendues publiques, le chef de la diplomatie alg\u00e9rienne a exprim\u00e9 la \u00ab solidarit\u00e9 totale de l\u2019Alg\u00e9rie avec les pays arabes fr\u00e8res qui ont \u00e9t\u00e9 victimes d\u2019attaques militaires \u00bb.<\/p>\n<p>Le communiqu\u00e9 souligne \u00e9galement le \u00ab refus cat\u00e9gorique \u00bb d\u2019Alger de toute atteinte \u00e0 la souverainet\u00e9 nationale de ces \u00c9tats, \u00e0 leur unit\u00e9 territoriale et \u00e0 la s\u00e9curit\u00e9 de leurs populations. Ahmed Attaf a r\u00e9affirm\u00e9 le soutien \u00ab constant \u00bb de l\u2019Alg\u00e9rie \u00e0 ses \u00ab fr\u00e8res arabes face aux violations inacceptables dont ils ont \u00e9t\u00e9 victimes \u00bb, tout en appelant \u00e0 \u00ab un arr\u00eat imm\u00e9diat de toute forme d\u2019escalade \u00bb et \u00e0 la \u00ab primaut\u00e9 du dialogue et de la ma\u00eetrise de soi \u00bb afin d\u2019\u00e9viter l\u2019extension du conflit et ses r\u00e9percussions sur la s\u00e9curit\u00e9 r\u00e9gionale et internationale.<\/p>\n<p><strong>L\u2019effet des attaques iraniennes contre le Golfe<\/strong><\/p>\n<p>La position d\u2019Alger intervient dans un contexte particuli\u00e8rement explosif. Apr\u00e8s la mort du guide supr\u00eame iranien, Ali Khamenei, tu\u00e9 lors d\u2019une attaque coordonn\u00e9e men\u00e9e par Isra\u00ebl et les \u00c9tats-Unis, l\u2019Iran a ripost\u00e9 par une s\u00e9rie de frappes de missiles et de drones visant plusieurs pays du Golfe : le Qatar, le Bahre\u00efn, le Kowe\u00eft, les \u00c9mirats arabes unis et l\u2019Arabie saoudite.<\/p>\n<p>Ces attaques visaient notamment des bases militaires am\u00e9ricaines situ\u00e9es dans ces pays, mais plusieurs missiles ont \u00e9galement touch\u00e9 des zones civiles, des quartiers r\u00e9sidentiels et des installations p\u00e9troli\u00e8res, provoquant des victimes et d\u2019importants d\u00e9g\u00e2ts mat\u00e9riels.<\/p>\n<p>Face \u00e0 cette nouvelle donne, Alger a choisi de se ranger du c\u00f4t\u00e9 des \u00c9tats arabes cibl\u00e9s par les frappes iraniennes, marquant ainsi une prise de distance nette avec T\u00e9h\u00e9ran, avec lequel les relations \u00e9taient pourtant excellentes jusqu\u2019\u00e0 r\u00e9cemment.<\/p>\n<p><strong>Un silence r\u00e9v\u00e9lateur sur les frappes isra\u00e9lo-am\u00e9ricaines<\/strong><\/p>\n<p>Deux \u00e9l\u00e9ments du communiqu\u00e9 officiel ont particuli\u00e8rement retenu l\u2019attention des observateurs.<\/p>\n<p>D\u2019abord, l\u2019absence totale de condamnation des frappes men\u00e9es par Isra\u00ebl et les \u00c9tats-Unis contre l\u2019Iran. Ces op\u00e9rations militaires ont pourtant entra\u00een\u00e9 l\u2019\u00e9limination d\u2019une quarantaine de hauts responsables iraniens, dont le guide supr\u00eame Ali Khamenei. Le silence d\u2019Alger sur ce point tranche avec ses r\u00e9actions habituelles face aux actions militaires occidentales dans la r\u00e9gion.<\/p>\n<p>Ensuite, les autorit\u00e9s alg\u00e9riennes n\u2019ont exprim\u00e9 ni condamnation ni regret \u00e0 propos de l\u2019\u00e9limination de plusieurs figures majeures du r\u00e9gime iranien, notamment l\u2019ancien pr\u00e9sident Mahmoud Ahmadinejad, dont la mort a \u00e9t\u00e9 annonc\u00e9e mais reste contest\u00e9e par certaines sources.<\/p>\n<p>Ce silence est d\u2019autant plus notable que Mahmoud Ahmadinejad avait effectu\u00e9 deux visites officielles en Alg\u00e9rie, en 2007 et en 2010, sous la pr\u00e9sidence d\u2019Abdelaziz Bouteflika, dans un contexte de rapprochement politique marqu\u00e9 entre les deux pays.<\/p>\n<p><strong>Un revirement spectaculaire par rapport \u00e0 2025<\/strong><\/p>\n<p>La position adopt\u00e9e aujourd\u2019hui par Alger contraste fortement avec celle qu\u2019elle avait d\u00e9fendue quelques mois plus t\u00f4t. En juin 2025, lors de la br\u00e8ve guerre entre Isra\u00ebl et l\u2019Iran, la diplomatie alg\u00e9rienne avait condamn\u00e9 avec virulence les frappes isra\u00e9liennes contre des installations militaires et des scientifiques li\u00e9s au programme nucl\u00e9aire iranien.<\/p>\n<p>Alger avait alors d\u00e9nonc\u00e9 une \u00ab agression qui n\u2019aurait pas \u00e9t\u00e9 possible sans l\u2019impunit\u00e9 dont jouit l\u2019agresseur \u00bb, exprimant clairement sa solidarit\u00e9 avec T\u00e9h\u00e9ran.<\/p>\n<p>Cette prise de position intervenait peu apr\u00e8s la r\u00e9ception par le pr\u00e9sident Abdelmadjid Tebboune du chef de la diplomatie iranienne, Abbas Araghtchi, venu lui transmettre une invitation officielle pour une visite d\u2019\u00c9tat en Iran. Si aucune date n\u2019avait \u00e9t\u00e9 fix\u00e9e, le principe de ce d\u00e9placement pr\u00e9sidentiel avait \u00e9t\u00e9 act\u00e9. Le conflit de juin avait d\u00e9j\u00e0 compromis cette perspective. La guerre d\u00e9clench\u00e9e fin f\u00e9vrier pourrait d\u00e9sormais remettre en question l\u2019ensemble de la relation bilat\u00e9rale.<\/p>\n<p><strong>Des relations historiquement fluctuantes<\/strong><\/p>\n<p>Les relations entre Alger et T\u00e9h\u00e9ran ont toujours connu des phases alternant rapprochement et rupture.<\/p>\n<p>En 1993, en pleine guerre civile alg\u00e9rienne, l\u2019Alg\u00e9rie avait rompu ses relations diplomatiques avec l\u2019Iran, accus\u00e9 de soutenir et de financer des groupes islamistes arm\u00e9s responsables de violences et d\u2019attentats dans le pays.<\/p>\n<p>La normalisation interviendra plusieurs ann\u00e9es plus tard avec l\u2019arriv\u00e9e au pouvoir d\u2019Abdelaziz Bouteflika. Le pr\u00e9sident alg\u00e9rien r\u00e9tablira les relations diplomatiques et entreprendra un rapprochement strat\u00e9gique avec la R\u00e9publique islamique.<\/p>\n<p>Bouteflika se rendra \u00e0 deux reprises en Iran, en 2003 et en 2008, tandis qu\u2019Alger accueillera successivement les pr\u00e9sidents iraniens Mohamed Khatami puis Mahmoud Ahmadinejad. \u00c0 cette \u00e9poque, l\u2019entente entre les deux pays est suffisamment solide pour que l\u2019Alg\u00e9rie d\u00e9fende ouvertement le \u00ab droit de l\u2019Iran d\u2019acqu\u00e9rir la technologie nucl\u00e9aire \u00e0 des fins pacifiques \u00bb.<\/p>\n<p><strong>Le paradoxe des relations avec les \u00c9mirats<\/strong><\/p>\n<p>Le repositionnement actuel d\u2019Alger est d\u2019autant plus surprenant qu\u2019il inclut une solidarit\u00e9 affich\u00e9e avec certains pays du Golfe, notamment les \u00c9mirats arabes unis, avec lesquels les relations \u00e9taient particuli\u00e8rement tendues il y a encore quelques mois.<\/p>\n<p>En mai 2025, les autorit\u00e9s alg\u00e9riennes avaient vivement r\u00e9agi \u00e0 la diffusion sur la cha\u00eene Sky News Arabia d\u2019un entretien avec un universitaire alg\u00e9rien remettant en cause la dimension berb\u00e8re de l\u2019identit\u00e9 nationale. La t\u00e9l\u00e9vision publique alg\u00e9rienne avait alors violemment attaqu\u00e9 les \u00c9mirats, les qualifiant notamment de \u00ab micro-\u00c9tat \u00bb, de \u00ab fabrique du mal et de la discorde \u00bb ou encore d\u2019\u00ab usine \u00e0 s\u00e9dition \u00bb.<\/p>\n<p>Ces attaques verbales avaient illustr\u00e9 la profondeur des tensions entre les deux pays.<\/p>\n<p>Aujourd\u2019hui, dans le contexte de la confrontation militaire avec l\u2019Iran, Alger semble toutefois avoir choisi de mettre de c\u00f4t\u00e9 ces diff\u00e9rends pour afficher sa solidarit\u00e9 avec les \u00c9tats arabes frapp\u00e9s par les missiles iraniens.<\/p>\n<p><strong>Un repositionnement strat\u00e9gique<\/strong><\/p>\n<p>Ce virage diplomatique pourrait traduire un calcul strat\u00e9gique plus large. En \u00e9vitant de condamner les frappes isra\u00e9lo-am\u00e9ricaines tout en soutenant les monarchies du Golfe, l\u2019Alg\u00e9rie semble chercher \u00e0 pr\u00e9server ses relations avec plusieurs partenaires majeurs et \u00e0 \u00e9viter un isolement diplomatique dans un contexte r\u00e9gional particuli\u00e8rement instable.<\/p>\n<p>Reste \u00e0 savoir si cette prise de distance avec T\u00e9h\u00e9ran constitue une simple posture conjoncturelle li\u00e9e \u00e0 l\u2019\u00e9volution du conflit ou le d\u00e9but d\u2019un r\u00e9\u00e9quilibrage durable de la politique \u00e9trang\u00e8re alg\u00e9rienne au Moyen-Orient. Une chose est s\u00fbre : la crise actuelle pourrait redessiner profond\u00e9ment les \u00e9quilibres diplomatiques dans la r\u00e9gion et contraindre Alger \u00e0 red\u00e9finir ses alliances.<\/p>\n","protected":false},"excerpt":{"rendered":"<p>Le Haut Conseil de s\u00e9curit\u00e9 s\u2019est r\u00e9uni hier 3 mars sous la pr\u00e9sidence d\u2019Abdelmadjid Tebboune sans que ne soit souffl\u00e9e la moindre information sur son ordre du jour.\u00a0 Cette r\u00e9union intervient dans une conjoncture internationale particuli\u00e8rement tendue, marqu\u00e9e par l\u2019escalade militaire autour de l\u2019Iran et les recompositions strat\u00e9giques qui en d\u00e9coulent au Moyen-Orient. Le fait &hellip;<\/p>\n","protected":false},"author":2,"featured_media":7609,"comment_status":"open","ping_status":"closed","sticky":false,"template":"","format":"standard","meta":{"jetpack_post_was_ever_published":false,"_jetpack_newsletter_access":"","_jetpack_dont_email_post_to_subs":false,"_jetpack_newsletter_tier_id":0,"_jetpack_memberships_contains_paywalled_content":false,"_jetpack_memberships_contains_paid_content":false,"footnotes":"","jetpack_publicize_message":"","jetpack_publicize_feature_enabled":true,"jetpack_social_post_already_shared":true,"jetpack_social_options":{"image_generator_settings":{"template":"highway","default_image_id":0,"font":"","enabled":false},"version":2}},"categories":[13],"tags":[],"class_list":["post-7608","post","type-post","status-publish","format-standard","has-post-thumbnail","","category-opinions"],"jetpack_publicize_connections":[],"jetpack_featured_media_url":"https:\/\/i0.wp.com\/amadalamazigh.press.ma\/fr\/wp-content\/uploads\/2026\/03\/Tebbun-raissi.jpg?fit=745%2C470&ssl=1","jetpack_shortlink":"https:\/\/wp.me\/p9uxE2-1YI","jetpack_sharing_enabled":true,"_links":{"self":[{"href":"https:\/\/amadalamazigh.press.ma\/fr\/wp-json\/wp\/v2\/posts\/7608","targetHints":{"allow":["GET"]}}],"collection":[{"href":"https:\/\/amadalamazigh.press.ma\/fr\/wp-json\/wp\/v2\/posts"}],"about":[{"href":"https:\/\/amadalamazigh.press.ma\/fr\/wp-json\/wp\/v2\/types\/post"}],"author":[{"embeddable":true,"href":"https:\/\/amadalamazigh.press.ma\/fr\/wp-json\/wp\/v2\/users\/2"}],"replies":[{"embeddable":true,"href":"https:\/\/amadalamazigh.press.ma\/fr\/wp-json\/wp\/v2\/comments?post=7608"}],"version-history":[{"count":1,"href":"https:\/\/amadalamazigh.press.ma\/fr\/wp-json\/wp\/v2\/posts\/7608\/revisions"}],"predecessor-version":[{"id":7610,"href":"https:\/\/amadalamazigh.press.ma\/fr\/wp-json\/wp\/v2\/posts\/7608\/revisions\/7610"}],"wp:featuredmedia":[{"embeddable":true,"href":"https:\/\/amadalamazigh.press.ma\/fr\/wp-json\/wp\/v2\/media\/7609"}],"wp:attachment":[{"href":"https:\/\/amadalamazigh.press.ma\/fr\/wp-json\/wp\/v2\/media?parent=7608"}],"wp:term":[{"taxonomy":"category","embeddable":true,"href":"https:\/\/amadalamazigh.press.ma\/fr\/wp-json\/wp\/v2\/categories?post=7608"},{"taxonomy":"post_tag","embeddable":true,"href":"https:\/\/amadalamazigh.press.ma\/fr\/wp-json\/wp\/v2\/tags?post=7608"}],"curies":[{"name":"wp","href":"https:\/\/api.w.org\/{rel}","templated":true}]}}