{"id":7611,"date":"2026-03-05T22:57:01","date_gmt":"2026-03-05T21:57:01","guid":{"rendered":"https:\/\/amadalamazigh.press.ma\/fr\/?p=7611"},"modified":"2026-03-05T22:57:01","modified_gmt":"2026-03-05T21:57:01","slug":"lonmt-deploie-une-offensive-strategique-pour-accelerer-la-croissance-du-marche-allemand","status":"publish","type":"post","link":"https:\/\/amadalamazigh.press.ma\/fr\/lonmt-deploie-une-offensive-strategique-pour-accelerer-la-croissance-du-marche-allemand\/","title":{"rendered":"L\u2019ONMT d\u00e9ploie une offensive strat\u00e9gique pour acc\u00e9l\u00e9rer la croissance du march\u00e9 allemand"},"content":{"rendered":"<p><strong><img data-recalc-dims=\"1\" loading=\"lazy\" decoding=\"async\" class=\"size-medium wp-image-7612 alignright\" src=\"https:\/\/i0.wp.com\/amadalamazigh.press.ma\/fr\/wp-content\/uploads\/2026\/03\/ITB-2.jpg?resize=375%2C250&#038;ssl=1\" alt=\"\" width=\"375\" height=\"250\" srcset=\"https:\/\/i0.wp.com\/amadalamazigh.press.ma\/fr\/wp-content\/uploads\/2026\/03\/ITB-2-scaled.jpg?resize=375%2C250&amp;ssl=1 375w, https:\/\/i0.wp.com\/amadalamazigh.press.ma\/fr\/wp-content\/uploads\/2026\/03\/ITB-2-scaled.jpg?resize=1024%2C683&amp;ssl=1 1024w, https:\/\/i0.wp.com\/amadalamazigh.press.ma\/fr\/wp-content\/uploads\/2026\/03\/ITB-2-scaled.jpg?resize=1536%2C1024&amp;ssl=1 1536w, https:\/\/i0.wp.com\/amadalamazigh.press.ma\/fr\/wp-content\/uploads\/2026\/03\/ITB-2-scaled.jpg?resize=2048%2C1365&amp;ssl=1 2048w, https:\/\/i0.wp.com\/amadalamazigh.press.ma\/fr\/wp-content\/uploads\/2026\/03\/ITB-2-scaled.jpg?w=1236&amp;ssl=1 1236w, https:\/\/i0.wp.com\/amadalamazigh.press.ma\/fr\/wp-content\/uploads\/2026\/03\/ITB-2-scaled.jpg?w=1854&amp;ssl=1 1854w\" sizes=\"auto, (max-width: 375px) 100vw, 375px\" \/>\u00c0 l\u2019occasion du 60<sup>eme<\/sup> anniversaire du salon ITB Berlin, le Maroc affirme plus que jamais son statut de destination prioritaire sur le march\u00e9 allemand. La d\u00e9l\u00e9gation marocaine d\u00e9ploie \u00e0 Berlin une strat\u00e9gie offensive m\u00ealant connectivit\u00e9 renforc\u00e9e, partenariats structurants et mise en avant des territoires.<\/strong><\/p>\n<p>L\u2019Office National Marocain du Tourisme participe \u00e0 la 60\u00e8me \u00e9dition du Salon International du Tourisme ITB Berlin, organis\u00e9e du 03 au 05 mars 2026 par Messe Berlin au Parc des Expositions de Berlin. Dans le cadre de cette \u00e9dition anniversaire, qui rassemble pr\u00e8s de 6 000 exposants et plus de 170 destinations, l\u2019ONMT d\u00e9ploie un dispositif ambitieux pour renforcer durablement le positionnement du Maroc sur le march\u00e9 allemand.<\/p>\n<p>Conduite par Achraf Fayda, Directeur G\u00e9n\u00e9ral de l\u2019Office National Marocain du Tourisme, accompagn\u00e9 de Hamid Bentahar, Pr\u00e9sident de la Conf\u00e9d\u00e9ration Nationale du Tourisme, la d\u00e9l\u00e9gation marocaine traduit l\u2019alignement strat\u00e9gique entre secteur public et secteur priv\u00e9 pour acc\u00e9l\u00e9rer la dynamique de croissance sur ce march\u00e9 prioritaire. L\u2019inauguration officielle du pavillon Maroc s\u2019est tenue en pr\u00e9sence de Son Excellence Zohour Alaoui, Ambassadrice de Sa Majest\u00e9 le Roi du Maroc en Allemagne, soulignant la port\u00e9e institutionnelle de cette participation.<\/p>\n<p>L\u2019ONMT mobilise plus de 140 professionnels du tourisme et d\u00e9ploie un pavillon de plus de 1000 m\u00b2, v\u00e9ritable vitrine immersive de l\u2019offre nationale. Sept r\u00e9gions marocaines y sont repr\u00e9sent\u00e9es, dont l\u2019Oriental, F\u00e8s-Mekn\u00e8s et Souss-Massa mises \u00e0 l\u2019honneur, illustrant la richesse territoriale et la diversit\u00e9 des exp\u00e9riences propos\u00e9es. Cette pr\u00e9sence structur\u00e9e vise \u00e0 renforcer la commercialisation de la destination, \u00e0 g\u00e9n\u00e9rer de nouveaux flux et \u00e0 consolider les partenariats existants.<\/p>\n<p>En parall\u00e8le, l\u2019ONMT engage une s\u00e9rie d\u2019actions structurantes en mati\u00e8re de connectivit\u00e9. En marge du salon, des accords sont sign\u00e9s avec les compagnies allemandes Condor, Eurowings et Discover Airlines afin d\u2019augmenter les capacit\u00e9s sur les lignes existantes et d\u2019ouvrir de nouvelles routes vers des destinations marocaines \u00e0 fort potentiel. La compagnie nationale Royal Air Maroc accompagne cette dynamique en renfor\u00e7ant sa programmation vers l\u2019Allemagne, avec notamment de nouvelles liaisons reliant Nador \u00e0 Francfort et D\u00fcsseldorf, en compl\u00e9ment de la ligne Casablanca-Munich lanc\u00e9e r\u00e9cemment. Les capacit\u00e9s a\u00e9riennes globales progressent ainsi de 34 % pour la saison 2025-2026.<\/p>\n<p><img data-recalc-dims=\"1\" loading=\"lazy\" decoding=\"async\" class=\"size-medium wp-image-7613 alignright\" src=\"https:\/\/i0.wp.com\/amadalamazigh.press.ma\/fr\/wp-content\/uploads\/2026\/03\/ITB-1.jpg?resize=353%2C250&#038;ssl=1\" alt=\"\" width=\"353\" height=\"250\" srcset=\"https:\/\/i0.wp.com\/amadalamazigh.press.ma\/fr\/wp-content\/uploads\/2026\/03\/ITB-1.jpg?resize=353%2C250&amp;ssl=1 353w, https:\/\/i0.wp.com\/amadalamazigh.press.ma\/fr\/wp-content\/uploads\/2026\/03\/ITB-1.jpg?resize=1024%2C726&amp;ssl=1 1024w, https:\/\/i0.wp.com\/amadalamazigh.press.ma\/fr\/wp-content\/uploads\/2026\/03\/ITB-1.jpg?w=1530&amp;ssl=1 1530w, https:\/\/i0.wp.com\/amadalamazigh.press.ma\/fr\/wp-content\/uploads\/2026\/03\/ITB-1.jpg?w=1236&amp;ssl=1 1236w\" sizes=\"auto, (max-width: 353px) 100vw, 353px\" \/>Le volet distribution constitue \u00e9galement un axe majeur de cette offensive. L\u2019ONMT consolide son alliance avec son partenaire historique TUI. L\u2019ITB 2026 a \u00e9galement \u00e9t\u00e9 marqu\u00e9e par la signature d\u2019un partenariat strat\u00e9gique avec Der, deuxi\u00e8me plus grand tour-op\u00e9rateur allemand, avec un objectif de progression de 25 % sur trois ans, traduisant la volont\u00e9 de l\u2019ONMT d\u2019inscrire la croissance dans la dur\u00e9e.<\/p>\n<p>Ces actions s\u2019appuient sur une dynamique de march\u00e9 favorable. En 2025, plus de 930 000 touristes allemands ont visit\u00e9 le Maroc, soit une hausse de 11 % par rapport \u00e0 l\u2019ann\u00e9e pr\u00e9c\u00e9dente. L\u2019Allemagne repr\u00e9sente d\u00e9sormais le septi\u00e8me march\u00e9 \u00e9metteur du Royaume et contribue \u00e0 hauteur de 5 % des arriv\u00e9es internationales, confirmant son r\u00f4le structurant dans la strat\u00e9gie de diversification des flux.<\/p>\n<p><strong>\u00c0 travers ce dispositif global, l\u2019ONMT affirme \u00e0 Berlin une approche r\u00e9solument proactive : intensifier la connectivit\u00e9, s\u00e9curiser les partenariats de distribution, valoriser les territoires et transformer la performance en levier de leadership durable sur le march\u00e9 allemand.<\/strong><\/p>\n","protected":false},"excerpt":{"rendered":"<p>\u00c0 l\u2019occasion du 60eme anniversaire du salon ITB Berlin, le Maroc affirme plus que jamais son statut de destination prioritaire sur le march\u00e9 allemand. La d\u00e9l\u00e9gation marocaine d\u00e9ploie \u00e0 Berlin une strat\u00e9gie offensive m\u00ealant connectivit\u00e9 renforc\u00e9e, partenariats structurants et mise en avant des territoires. L\u2019Office National Marocain du Tourisme participe \u00e0 la 60\u00e8me \u00e9dition du &hellip;<\/p>\n","protected":false},"author":2,"featured_media":7613,"comment_status":"open","ping_status":"closed","sticky":false,"template":"","format":"standard","meta":{"jetpack_post_was_ever_published":false,"_jetpack_newsletter_access":"","_jetpack_dont_email_post_to_subs":false,"_jetpack_newsletter_tier_id":0,"_jetpack_memberships_contains_paywalled_content":false,"_jetpack_memberships_contains_paid_content":false,"footnotes":"","jetpack_publicize_message":"","jetpack_publicize_feature_enabled":true,"jetpack_social_post_already_shared":true,"jetpack_social_options":{"image_generator_settings":{"template":"highway","default_image_id":0,"font":"","enabled":false},"version":2}},"categories":[10],"tags":[],"class_list":["post-7611","post","type-post","status-publish","format-standard","has-post-thumbnail","","category-maroc"],"jetpack_publicize_connections":[],"jetpack_featured_media_url":"https:\/\/i0.wp.com\/amadalamazigh.press.ma\/fr\/wp-content\/uploads\/2026\/03\/ITB-1.jpg?fit=1530%2C1085&ssl=1","jetpack_shortlink":"https:\/\/wp.me\/p9uxE2-1YL","jetpack_sharing_enabled":true,"_links":{"self":[{"href":"https:\/\/amadalamazigh.press.ma\/fr\/wp-json\/wp\/v2\/posts\/7611","targetHints":{"allow":["GET"]}}],"collection":[{"href":"https:\/\/amadalamazigh.press.ma\/fr\/wp-json\/wp\/v2\/posts"}],"about":[{"href":"https:\/\/amadalamazigh.press.ma\/fr\/wp-json\/wp\/v2\/types\/post"}],"author":[{"embeddable":true,"href":"https:\/\/amadalamazigh.press.ma\/fr\/wp-json\/wp\/v2\/users\/2"}],"replies":[{"embeddable":true,"href":"https:\/\/amadalamazigh.press.ma\/fr\/wp-json\/wp\/v2\/comments?post=7611"}],"version-history":[{"count":1,"href":"https:\/\/amadalamazigh.press.ma\/fr\/wp-json\/wp\/v2\/posts\/7611\/revisions"}],"predecessor-version":[{"id":7614,"href":"https:\/\/amadalamazigh.press.ma\/fr\/wp-json\/wp\/v2\/posts\/7611\/revisions\/7614"}],"wp:featuredmedia":[{"embeddable":true,"href":"https:\/\/amadalamazigh.press.ma\/fr\/wp-json\/wp\/v2\/media\/7613"}],"wp:attachment":[{"href":"https:\/\/amadalamazigh.press.ma\/fr\/wp-json\/wp\/v2\/media?parent=7611"}],"wp:term":[{"taxonomy":"category","embeddable":true,"href":"https:\/\/amadalamazigh.press.ma\/fr\/wp-json\/wp\/v2\/categories?post=7611"},{"taxonomy":"post_tag","embeddable":true,"href":"https:\/\/amadalamazigh.press.ma\/fr\/wp-json\/wp\/v2\/tags?post=7611"}],"curies":[{"name":"wp","href":"https:\/\/api.w.org\/{rel}","templated":true}]}}