{"id":7626,"date":"2026-03-12T22:19:36","date_gmt":"2026-03-12T21:19:36","guid":{"rendered":"https:\/\/amadalamazigh.press.ma\/fr\/?p=7626"},"modified":"2026-03-12T22:19:36","modified_gmt":"2026-03-12T21:19:36","slug":"hirak-et-droits-humains-une-rencontre-a-lyon-pour-comprendre-la-crise-algerienne","status":"publish","type":"post","link":"https:\/\/amadalamazigh.press.ma\/fr\/hirak-et-droits-humains-une-rencontre-a-lyon-pour-comprendre-la-crise-algerienne\/","title":{"rendered":"Hirak et droits humains : une rencontre \u00e0 Lyon pour comprendre la crise alg\u00e9rienne"},"content":{"rendered":"<p data-start=\"202\" data-end=\"457\"><img data-recalc-dims=\"1\" loading=\"lazy\" decoding=\"async\" class=\"size-medium wp-image-7627 alignright\" src=\"https:\/\/i0.wp.com\/amadalamazigh.press.ma\/fr\/wp-content\/uploads\/2026\/03\/conf_algerie_AIT_DJOUDI_DUTOUR.jpg?resize=167%2C250&#038;ssl=1\" alt=\"\" width=\"167\" height=\"250\" srcset=\"https:\/\/i0.wp.com\/amadalamazigh.press.ma\/fr\/wp-content\/uploads\/2026\/03\/conf_algerie_AIT_DJOUDI_DUTOUR.jpg?resize=167%2C250&amp;ssl=1 167w, https:\/\/i0.wp.com\/amadalamazigh.press.ma\/fr\/wp-content\/uploads\/2026\/03\/conf_algerie_AIT_DJOUDI_DUTOUR.jpg?resize=683%2C1024&amp;ssl=1 683w, https:\/\/i0.wp.com\/amadalamazigh.press.ma\/fr\/wp-content\/uploads\/2026\/03\/conf_algerie_AIT_DJOUDI_DUTOUR.jpg?w=1024&amp;ssl=1 1024w\" sizes=\"auto, (max-width: 167px) 100vw, 167px\" \/>Dans un contexte marqu\u00e9 par une d\u00e9gradation pr\u00e9occupante des libert\u00e9s publiques en Alg\u00e9rie depuis le d\u00e9clenchement du Hirak en f\u00e9vrier 2019, le Forsem organise une conf\u00e9rence consacr\u00e9e \u00e0 l\u2019analyse de la situation politique et sociale dans le pays.<\/p>\n<p data-start=\"459\" data-end=\"1016\">Le Hirak, mouvement citoyen massif et pacifique n\u00e9 pour r\u00e9clamer des r\u00e9formes politiques et sociales, a \u00e9t\u00e9 suivi d\u2019une intensification des mesures de r\u00e9pression visant militants, journalistes, syndicalistes, \u00e9crivains et simples citoyens. Selon plusieurs organisations de d\u00e9fense des droits humains, les autorit\u00e9s mobilisent diff\u00e9rents moyens administratifs, m\u00e9diatiques, policiers et judiciaires afin d\u2019emp\u00eacher toute r\u00e9surgence du mouvement et de contenir le d\u00e9bat public sur les difficult\u00e9s internes et les \u00e9checs des politiques \u00e9conomiques et sociales.<\/p>\n<p data-start=\"1018\" data-end=\"1246\">Afin d\u2019\u00e9clairer le public sur ces \u00e9volutions, le Forsem a invit\u00e9 deux personnalit\u00e9s engag\u00e9es et reconnues pour leur expertise sur l\u2019Alg\u00e9rie afin de dresser un \u00e9tat des lieux et d\u2019analyser les perspectives politiques et sociales.<\/p>\n<p data-start=\"1248\" data-end=\"1320\">La conf\u00e9rence se tiendra le 26 mars 2026 \u00e0 Lyon et sera copr\u00e9sent\u00e9e par :<\/p>\n<ul data-start=\"1322\" data-end=\"1644\">\n<li data-section-id=\"zs3eb\" data-start=\"1322\" data-end=\"1480\">\n<p data-start=\"1324\" data-end=\"1480\"><strong data-start=\"1324\" data-end=\"1365\"><span class=\"hover:entity-accent entity-underline inline cursor-pointer align-baseline\"><span class=\"whitespace-normal\">Nassera Dutour<\/span><\/span><\/strong>, pr\u00e9sidente du Collectif des familles de disparus en Alg\u00e9rie et de la <strong data-start=\"1436\" data-end=\"1477\"><span class=\"hover:entity-accent entity-underline inline cursor-pointer align-baseline\"><span class=\"whitespace-normal\">F\u00e9d\u00e9ration Euro\u2011M\u00e9diterran\u00e9enne contre les Disparitions Forc\u00e9es<\/span><\/span><\/strong>.<\/p>\n<\/li>\n<li data-section-id=\"193jdhl\" data-start=\"1481\" data-end=\"1644\">\n<p data-start=\"1483\" data-end=\"1644\"><strong data-start=\"1483\" data-end=\"1524\"><span class=\"hover:entity-accent entity-underline inline cursor-pointer align-baseline\"><span class=\"whitespace-normal\">Ali A\u00eft Djouadi<\/span><\/span><\/strong>, pr\u00e9sident de l\u2019ONG <strong data-start=\"1545\" data-end=\"1586\"><span class=\"hover:entity-accent entity-underline inline cursor-pointer align-baseline\"><span class=\"whitespace-normal\">Riposte Internationale<\/span><\/span><\/strong>, organisation engag\u00e9e dans la d\u00e9fense des droits humains.<\/p>\n<\/li>\n<\/ul>\n<p data-start=\"1646\" data-end=\"1812\">La rencontre aura lieu \u00e0 la <strong data-start=\"1674\" data-end=\"1715\"><span class=\"hover:entity-accent entity-underline inline cursor-pointer align-baseline\"><span class=\"whitespace-normal\">Maison des Passages<\/span><\/span><\/strong><br data-start=\"1715\" data-end=\"1718\" \/>44, rue Saint-Georges \u2013 69005 <strong data-start=\"1748\" data-end=\"1789\"><span class=\"hover:entity-accent entity-underline inline cursor-pointer align-baseline\"><span class=\"whitespace-normal\">Lyon<\/span><\/span><\/strong><br data-start=\"1789\" data-end=\"1792\" \/>M\u00e9tro : Saint-Jean<\/p>\n<p data-start=\"1814\" data-end=\"1834\">Dur\u00e9e : <strong data-start=\"1822\" data-end=\"1834\">2 heures<\/strong><\/p>\n<p data-start=\"1836\" data-end=\"2023\">Cette conf\u00e9rence se veut un moment d\u2019\u00e9change et de r\u00e9flexion pour mieux comprendre les transformations politiques en Alg\u00e9rie et les enjeux li\u00e9s aux droits humains dans le contexte actuel.<\/p>\n","protected":false},"excerpt":{"rendered":"<p>Dans un contexte marqu\u00e9 par une d\u00e9gradation pr\u00e9occupante des libert\u00e9s publiques en Alg\u00e9rie depuis le d\u00e9clenchement du Hirak en f\u00e9vrier 2019, le Forsem organise une conf\u00e9rence consacr\u00e9e \u00e0 l\u2019analyse de la situation politique et sociale dans le pays. Le Hirak, mouvement citoyen massif et pacifique n\u00e9 pour r\u00e9clamer des r\u00e9formes politiques et sociales, a \u00e9t\u00e9 &hellip;<\/p>\n","protected":false},"author":2,"featured_media":7627,"comment_status":"open","ping_status":"closed","sticky":false,"template":"","format":"standard","meta":{"jetpack_post_was_ever_published":false,"_jetpack_newsletter_access":"","_jetpack_dont_email_post_to_subs":false,"_jetpack_newsletter_tier_id":0,"_jetpack_memberships_contains_paywalled_content":false,"_jetpack_memberships_contains_paid_content":false,"footnotes":"","jetpack_publicize_message":"","jetpack_publicize_feature_enabled":true,"jetpack_social_post_already_shared":true,"jetpack_social_options":{"image_generator_settings":{"template":"highway","default_image_id":0,"font":"","enabled":false},"version":2}},"categories":[8],"tags":[],"class_list":["post-7626","post","type-post","status-publish","format-standard","has-post-thumbnail","","category-algerie"],"jetpack_publicize_connections":[],"jetpack_featured_media_url":"https:\/\/i0.wp.com\/amadalamazigh.press.ma\/fr\/wp-content\/uploads\/2026\/03\/conf_algerie_AIT_DJOUDI_DUTOUR.jpg?fit=1024%2C1536&ssl=1","jetpack_shortlink":"https:\/\/wp.me\/p9uxE2-1Z0","jetpack_sharing_enabled":true,"_links":{"self":[{"href":"https:\/\/amadalamazigh.press.ma\/fr\/wp-json\/wp\/v2\/posts\/7626","targetHints":{"allow":["GET"]}}],"collection":[{"href":"https:\/\/amadalamazigh.press.ma\/fr\/wp-json\/wp\/v2\/posts"}],"about":[{"href":"https:\/\/amadalamazigh.press.ma\/fr\/wp-json\/wp\/v2\/types\/post"}],"author":[{"embeddable":true,"href":"https:\/\/amadalamazigh.press.ma\/fr\/wp-json\/wp\/v2\/users\/2"}],"replies":[{"embeddable":true,"href":"https:\/\/amadalamazigh.press.ma\/fr\/wp-json\/wp\/v2\/comments?post=7626"}],"version-history":[{"count":1,"href":"https:\/\/amadalamazigh.press.ma\/fr\/wp-json\/wp\/v2\/posts\/7626\/revisions"}],"predecessor-version":[{"id":7628,"href":"https:\/\/amadalamazigh.press.ma\/fr\/wp-json\/wp\/v2\/posts\/7626\/revisions\/7628"}],"wp:featuredmedia":[{"embeddable":true,"href":"https:\/\/amadalamazigh.press.ma\/fr\/wp-json\/wp\/v2\/media\/7627"}],"wp:attachment":[{"href":"https:\/\/amadalamazigh.press.ma\/fr\/wp-json\/wp\/v2\/media?parent=7626"}],"wp:term":[{"taxonomy":"category","embeddable":true,"href":"https:\/\/amadalamazigh.press.ma\/fr\/wp-json\/wp\/v2\/categories?post=7626"},{"taxonomy":"post_tag","embeddable":true,"href":"https:\/\/amadalamazigh.press.ma\/fr\/wp-json\/wp\/v2\/tags?post=7626"}],"curies":[{"name":"wp","href":"https:\/\/api.w.org\/{rel}","templated":true}]}}