{"id":7633,"date":"2026-03-12T22:48:24","date_gmt":"2026-03-12T21:48:24","guid":{"rendered":"https:\/\/amadalamazigh.press.ma\/fr\/?p=7633"},"modified":"2026-03-13T16:15:33","modified_gmt":"2026-03-13T15:15:33","slug":"lircam-celebre-la-contribution-de-la-femme-a-la-mise-en-oeuvre-de-lofficialisation-de-lamazigh","status":"publish","type":"post","link":"https:\/\/amadalamazigh.press.ma\/fr\/lircam-celebre-la-contribution-de-la-femme-a-la-mise-en-oeuvre-de-lofficialisation-de-lamazigh\/","title":{"rendered":"L\u2019IRCAM c\u00e9l\u00e8bre la contribution de la femme \u00e0 la mise en \u0153uvre de l\u2019officialisation de l\u2019amazigh"},"content":{"rendered":"<p><img data-recalc-dims=\"1\" loading=\"lazy\" decoding=\"async\" class=\"size-medium wp-image-7634 alignright\" src=\"https:\/\/i0.wp.com\/amadalamazigh.press.ma\/fr\/wp-content\/uploads\/2026\/03\/ircam.webp?resize=423%2C250&#038;ssl=1\" alt=\"\" width=\"423\" height=\"250\" srcset=\"https:\/\/i0.wp.com\/amadalamazigh.press.ma\/fr\/wp-content\/uploads\/2026\/03\/ircam.webp?resize=423%2C250&amp;ssl=1 423w, https:\/\/i0.wp.com\/amadalamazigh.press.ma\/fr\/wp-content\/uploads\/2026\/03\/ircam.webp?w=508&amp;ssl=1 508w\" sizes=\"auto, (max-width: 423px) 100vw, 423px\" \/>L\u2019Institut royal de la culture amazighe (IRCAM) a c\u00e9l\u00e9br\u00e9, mercredi \u00e0 Rabat, la journ\u00e9e internationale des droits des femmes sous le signe : \u201cContribution de la femme \u00e0 la mise en \u0153uvre de l\u2019officialisation de l\u2019amazigh\u201d.<\/p>\n<p>La comm\u00e9moration de cette journ\u00e9e, en tant que tradition instaur\u00e9e par l\u2019Institut depuis sa cr\u00e9ation, vise \u00e0 mettre en valeur la cr\u00e9ativit\u00e9 de la femme amazighe ainsi que son r\u00f4le majeur dans la consolidation de la culture nationale et la valorisation de l\u2019identit\u00e9 marocaine. Elle met \u00e9galement en lumi\u00e8re l\u2019engagement ancr\u00e9 de l\u2019IRCAM \u00e0 soutenir les femmes et promouvoir leur r\u00f4le dans tous les domaines.<\/p>\n<p>Dans une allocution de circonstance, le recteur de l\u2019IRCAM, Ahmed Boukous, a salu\u00e9 le parcours de plusieurs femmes chacune dans son domaine,\u00a0\u00e0 savoir Sanaa Hafidi, Souaad Ouasskoum et Karima Khaldoune, auxquelles un hommage a \u00e9t\u00e9 rendu par l\u2019Institut en reconnaissance de leurs efforts dans l\u2019int\u00e9gration de l\u2019amazigh dans les institutions publiques.<\/p>\n<p>Il a, par ailleurs, soulign\u00e9 que le Maroc a adopt\u00e9 des\u00a0politiques publiques\u00a0qui consacrent les droits des femmes, franchissant de grandes \u00e9tapes pour garantir leur dignit\u00e9, ajoutant que la femme amazighe b\u00e9n\u00e9ficie de ces avanc\u00e9es dans tous les domaines.<\/p>\n<p>Dans ce cadre, il a mis l\u2019accent sur la n\u00e9cessit\u00e9 de d\u00e9ployer davantage d\u2019efforts pour permettre \u00e0 la femme rurale en particulier et marocaine en g\u00e9n\u00e9ral de b\u00e9n\u00e9ficier de tous ses droits.<\/p>\n<p>Dans une d\u00e9claration \u00e0 la MAP, Sabah Allach, responsable au sein de l\u2019Institut,\u00a0a indiqu\u00e9 qu\u2019\u00e0 travers l\u2019hommage rendu \u00e0 ce parterre de femmes exceptionnelles, l\u2019IRCAM r\u00e9affirme que la femme a pass\u00e9 d\u2019une phase de pr\u00e9servation de la m\u00e9moire linguistique et culturelle \u00e0 une phase de mise en \u0153uvre institutionnel de l\u2019amazighe.<\/p>\n<p>La femme joue un r\u00f4le fondamental dans la mise en \u0153uvre du caract\u00e8re officiel dans tous les domaines de la vie, notamment \u00e0 travers des exp\u00e9riences distingu\u00e9es de femmes exceptionnelles dans plusieurs institutions et secteurs vitaux, a-t-elle soutenu.<\/p>\n<p>De leur c\u00f4t\u00e9, les femmes c\u00e9l\u00e9br\u00e9es ont exprim\u00e9 leurs appr\u00e9ciation de l\u2019attention particuli\u00e8re accord\u00e9e par l\u2019IRCAM, consid\u00e9rant cette distinction comme une responsabilit\u00e9 qui leur incombe de continuer \u00e0 servir la diversit\u00e9 linguistique, source de richesse pour le Royaume.<\/p>\n<p style=\"text-align: right;\">Source : MAP<\/p>\n","protected":false},"excerpt":{"rendered":"<p>L\u2019Institut royal de la culture amazighe (IRCAM) a c\u00e9l\u00e9br\u00e9, mercredi \u00e0 Rabat, la journ\u00e9e internationale des droits des femmes sous le signe : \u201cContribution de la femme \u00e0 la mise en \u0153uvre de l\u2019officialisation de l\u2019amazigh\u201d. La comm\u00e9moration de cette journ\u00e9e, en tant que tradition instaur\u00e9e par l\u2019Institut depuis sa cr\u00e9ation, vise \u00e0 mettre en &hellip;<\/p>\n","protected":false},"author":2,"featured_media":7634,"comment_status":"open","ping_status":"closed","sticky":false,"template":"","format":"standard","meta":{"jetpack_post_was_ever_published":false,"_jetpack_newsletter_access":"","_jetpack_dont_email_post_to_subs":false,"_jetpack_newsletter_tier_id":0,"_jetpack_memberships_contains_paywalled_content":false,"_jetpack_memberships_contains_paid_content":false,"footnotes":"","jetpack_publicize_message":"","jetpack_publicize_feature_enabled":true,"jetpack_social_post_already_shared":true,"jetpack_social_options":{"image_generator_settings":{"template":"highway","default_image_id":0,"font":"","enabled":false},"version":2}},"categories":[10],"tags":[],"class_list":["post-7633","post","type-post","status-publish","format-standard","has-post-thumbnail","","category-maroc"],"jetpack_publicize_connections":[],"jetpack_featured_media_url":"https:\/\/i0.wp.com\/amadalamazigh.press.ma\/fr\/wp-content\/uploads\/2026\/03\/ircam.webp?fit=508%2C300&ssl=1","jetpack_shortlink":"https:\/\/wp.me\/p9uxE2-1Z7","jetpack_sharing_enabled":true,"_links":{"self":[{"href":"https:\/\/amadalamazigh.press.ma\/fr\/wp-json\/wp\/v2\/posts\/7633","targetHints":{"allow":["GET"]}}],"collection":[{"href":"https:\/\/amadalamazigh.press.ma\/fr\/wp-json\/wp\/v2\/posts"}],"about":[{"href":"https:\/\/amadalamazigh.press.ma\/fr\/wp-json\/wp\/v2\/types\/post"}],"author":[{"embeddable":true,"href":"https:\/\/amadalamazigh.press.ma\/fr\/wp-json\/wp\/v2\/users\/2"}],"replies":[{"embeddable":true,"href":"https:\/\/amadalamazigh.press.ma\/fr\/wp-json\/wp\/v2\/comments?post=7633"}],"version-history":[{"count":2,"href":"https:\/\/amadalamazigh.press.ma\/fr\/wp-json\/wp\/v2\/posts\/7633\/revisions"}],"predecessor-version":[{"id":7636,"href":"https:\/\/amadalamazigh.press.ma\/fr\/wp-json\/wp\/v2\/posts\/7633\/revisions\/7636"}],"wp:featuredmedia":[{"embeddable":true,"href":"https:\/\/amadalamazigh.press.ma\/fr\/wp-json\/wp\/v2\/media\/7634"}],"wp:attachment":[{"href":"https:\/\/amadalamazigh.press.ma\/fr\/wp-json\/wp\/v2\/media?parent=7633"}],"wp:term":[{"taxonomy":"category","embeddable":true,"href":"https:\/\/amadalamazigh.press.ma\/fr\/wp-json\/wp\/v2\/categories?post=7633"},{"taxonomy":"post_tag","embeddable":true,"href":"https:\/\/amadalamazigh.press.ma\/fr\/wp-json\/wp\/v2\/tags?post=7633"}],"curies":[{"name":"wp","href":"https:\/\/api.w.org\/{rel}","templated":true}]}}