{"id":7638,"date":"2026-03-13T22:06:24","date_gmt":"2026-03-13T21:06:24","guid":{"rendered":"https:\/\/amadalamazigh.press.ma\/fr\/?p=7638"},"modified":"2026-03-13T22:08:34","modified_gmt":"2026-03-13T21:08:34","slug":"lettre-ouverte-aux-ministres-des-affaires-etrangeres-des-royaumes-du-maroc-et-de-belgique-sur-limportance-de-lamazighe-au-sein-de-la-diaspora-maroco-belge","status":"publish","type":"post","link":"https:\/\/amadalamazigh.press.ma\/fr\/lettre-ouverte-aux-ministres-des-affaires-etrangeres-des-royaumes-du-maroc-et-de-belgique-sur-limportance-de-lamazighe-au-sein-de-la-diaspora-maroco-belge\/","title":{"rendered":"Lettre ouverte aux ministres des affaires \u00e9trang\u00e8res des royaumes du Maroc et de Belgique\u00a0 sur l&rsquo;importance de l&rsquo;AMAZIGHE au sein de la diaspora maroco-belge"},"content":{"rendered":"<p><img data-recalc-dims=\"1\" loading=\"lazy\" decoding=\"async\" class=\"size-medium wp-image-7639 alignright\" src=\"https:\/\/i0.wp.com\/amadalamazigh.press.ma\/fr\/wp-content\/uploads\/2026\/03\/burita_prevost.jpg?resize=375%2C250&#038;ssl=1\" alt=\"\" width=\"375\" height=\"250\" srcset=\"https:\/\/i0.wp.com\/amadalamazigh.press.ma\/fr\/wp-content\/uploads\/2026\/03\/burita_prevost.jpg?resize=375%2C250&amp;ssl=1 375w, https:\/\/i0.wp.com\/amadalamazigh.press.ma\/fr\/wp-content\/uploads\/2026\/03\/burita_prevost.jpg?resize=1024%2C683&amp;ssl=1 1024w, https:\/\/i0.wp.com\/amadalamazigh.press.ma\/fr\/wp-content\/uploads\/2026\/03\/burita_prevost.jpg?w=1440&amp;ssl=1 1440w, https:\/\/i0.wp.com\/amadalamazigh.press.ma\/fr\/wp-content\/uploads\/2026\/03\/burita_prevost.jpg?w=1236&amp;ssl=1 1236w\" sizes=\"auto, (max-width: 375px) 100vw, 375px\" \/>Excellences <strong>Monsieur Nasser Bourita<\/strong>, Ministre des Affaires \u00e9trang\u00e8res, de la Coop\u00e9ration africaine et des Marocains r\u00e9sidant \u00e0 l\u2019\u00e9tranger, et <strong>Monsieur Maxime Pr\u00e9vot<\/strong>,\u00a0Vice-Premier ministre et ministre des Affaires \u00e9trang\u00e8res, des Affaires europ\u00e9ennes et du Commerce ext\u00e9rieur du Royaume de Belgique,<\/p>\n<p><strong>Objet : Importance de l\u2019enseignement de la langue amazighe au sein de la diaspora marocaine au Royaume de Belgique et en Europe<\/strong><\/p>\n<p>Excellences,<\/p>\n<p>Le lundi 2 mars dernier, vous avez tenu une conf\u00e9rence de presse conjointe qui s\u2019inscrit dans la nouvelle dynamique des relations et du partenariat renforc\u00e9 entre le Royaume du Maroc et le Royaume de Belgique. \u00c0 cette occasion, vous avez exprim\u00e9 votre d\u00e9termination commune \u00e0 hisser les relations bilat\u00e9rales entre vos deux pays \u00e0 un niveau strat\u00e9gique, fond\u00e9 sur un dialogue politique approfondi, une coop\u00e9ration \u00e9conomique dynamique et une concertation \u00e9troite sur les grands enjeux r\u00e9gionaux et internationaux.<\/p>\n<p>\u00c0 l\u2019issue de cette conf\u00e9rence de presse &#8211; \u00e0 laquelle j\u2019ai eu l\u2019honneur d\u2019assister en tant que journaliste &#8211; vous avez rappel\u00e9 la solidit\u00e9 des liens historiques unissant les deux royaumes, en soulignant le r\u00f4le majeur jou\u00e9 par la diaspora marocaine en Belgique. Cette diaspora, \u00e0 l\u2019origine d\u2019intenses \u00e9changes humains, repr\u00e9sente aujourd\u2019hui une communaut\u00e9 importante d\u2019environ 800 000 personnes. Elle constitue un pont humain et culturel entre les deux pays et appelle, \u00e0 ce titre et comme vous l\u2019avez ressorti, au renforcement d\u2019une coop\u00e9ration multidimensionnelle, notamment dans le domaine s\u00e9curitaire face aux menaces communes auxquelles une partie de cette diaspora maroco-belge est confront\u00e9e : trafic de drogue, criminalit\u00e9 transnationale, terrorisme et ph\u00e9nom\u00e8nes de radicalisation islamiste.<\/p>\n<p>Par ailleurs, afin de favoriser une int\u00e9gration harmonieuse de cette communaut\u00e9, vous avez \u00e9galement insist\u00e9 sur la n\u00e9cessit\u00e9 de pr\u00e9server son identit\u00e9 culturelle, ses valeurs marocaines authentiques ainsi que sa \u00ab s\u00e9curit\u00e9 spirituelle \u00bb.<\/p>\n<p>\u00c0 l\u2019image de l\u2019accord dans le domaine \u00e9ducatif sign\u00e9 lors de la 13\u1d49 R\u00e9union de haut niveau entre les royaumes du Maroc et d\u2019Espagne, tenue en d\u00e9cembre dernier, Monsieur le Ministre Bourita semble privil\u00e9gier exclusivement l\u2019enseignement de la langue arabe par rapport aux programmes \u00e9ducatifs envisag\u00e9s. Cette orientation tend malheureusement \u00e0 marginaliser la langue amazighe (berb\u00e8re), pourtant consacr\u00e9e comme langue officielle du Royaume du Maroc depuis la Constitution de 2011, qui la reconna\u00eet comme \u00ab patrimoine commun de tous les Marocains sans exception \u00bb. Cette reconnaissance constitutionnelle a par ailleurs \u00e9t\u00e9 consolid\u00e9e par l\u2019adoption de la loi organique n\u00b0 26.16 relative \u00e0 la mise en \u0153uvre du caract\u00e8re officiel de la langue amazighe, approuv\u00e9e par les deux chambres du Parlement marocain en 2019.<\/p>\n<p>Dans ce contexte, permettez-moi de porter \u00e0 votre connaissance que toute volont\u00e9 d\u2019assurer une meilleure int\u00e9gration de cette diaspora risque d\u2019\u00eatre partiellement compromise si l\u2019on continue d\u2019ignorer l\u2019importance fondamentale de la langue maternelle. En effet, l\u2019\u00e9crasante majorit\u00e9 de la communaut\u00e9 marocaine r\u00e9sidant dans les trois r\u00e9gions du Royaume de Belgique &#8211; la Flandre, la Wallonie et la R\u00e9gion de Bruxelles-Capitale &#8211; est majoritairement d\u2019origine amazighe, et plus particuli\u00e8rement issue de la r\u00e9gion amazighophone du Rif. Pour une grande partie de cette population, la langue maternelle n\u2019est pas l\u2019arabe classique, mais bien la langue amazighe.<\/p>\n<p>\u00c0 ce propos, permettez-moi de rappeler les propos particuli\u00e8rement \u00e9clairants du linguiste fran\u00e7ais Alain Bentolila, prononc\u00e9s lors d\u2019une conf\u00e9rence de la Francophonie en 2019 :<\/p>\n<p><em>\u00ab Les syst\u00e8mes \u00e9ducatifs de certains pays, aussi co\u00fbteux soient-ils, sont devenus des machines \u00e0 fabriquer l\u2019illettrisme et l\u2019\u00e9chec scolaire, car ils n\u2019ont jamais \u00e9t\u00e9 capables (ou d\u00e9sireux) de r\u00e9soudre le probl\u00e8me qui les d\u00e9truit\u00a0: le choix de la langue d\u2019enseignement. Ils conduisent les \u00e9l\u00e8ves \u00e0 des \u00e9checs cruels, car l\u2019\u00e9cole les accueille dans une langue que leurs m\u00e8res ne leur ont pas enseign\u00e9e. C\u2019est une violence intol\u00e9rable pour un enfant, et c\u2019est sur la base solide de sa langue maternelle qu\u2019il aura acc\u00e8s \u00e0 la lecture et \u00e0 l\u2019\u00e9criture, et que nous pourrons ensuite construire un parcours d\u2019apprentissage ambitieux dans les langues officielles.\u00a0\u00bb<\/em><\/p>\n<p>Excellences,<\/p>\n<p>Comme nous l\u2019avons d\u00e9j\u00e0 exprim\u00e9 aupr\u00e8s des d\u00e9put\u00e9s du Royaume d\u2019Espagne ainsi qu\u2019aupr\u00e8s de plusieurs d\u00e9put\u00e9s du Parlement europ\u00e9en [1], notre d\u00e9marche ne vise nullement \u00e0 exclure ou \u00e0 remplacer la langue arabe dans le cadre des accords bilat\u00e9raux existants. Notre requ\u00eate consiste simplement \u00e0 promouvoir l\u2019inclusion de la langue amazighe aux c\u00f4t\u00e9s de l\u2019arabe dans les programmes \u00e9ducatifs relevant de l\u2019\u00ab \u00c9ducation \u00e0 la langue et \u00e0 la culture d\u2019origine \u00bb (ELCO), conform\u00e9ment \u00e0 la directive europ\u00e9enne du 25 juillet 1977, ainsi qu\u2019aux recommandations de l\u2019UNESCO et de la Banque mondiale.<\/p>\n<p>Ces deux institutions internationales soulignent, en effet, que l\u2019enseignement dispens\u00e9 dans la langue parl\u00e9e \u00e0 la maison &#8211; c\u2019est-\u00e0-dire la langue maternelle &#8211; constitue un facteur d\u00e9terminant pour lutter contre la pauvret\u00e9 \u00e9ducative et am\u00e9liorer la r\u00e9ussite scolaire. Lorsque les enfants commencent leur scolarit\u00e9 dans une langue qu\u2019ils parlent et comprennent, ils apprennent plus efficacement et acqui\u00e8rent plus facilement d\u2019autres langues.<\/p>\n<p>Dans cette perspective, l\u2019int\u00e9gration de l\u2019 amazighe dans les programmes \u00e9ducatifs destin\u00e9s aux enfants de la diaspora maroco-belge faciliterait non seulement l\u2019apprentissage du fran\u00e7ais, du n\u00e9erlandais et de l\u2019arabe, mais favoriserait \u00e9galement leur progression dans d\u2019autres disciplines fondamentales, telles que les math\u00e9matiques et les sciences [2].<\/p>\n<p>Une telle approche contribuerait \u00e9galement \u00e0 renforcer l\u2019int\u00e9gration de la\u00a0diaspora maroco-belge\u00a0au syst\u00e8me \u00e9ducatif et \u00e0 la soci\u00e9t\u00e9 de leur pays d\u2019accueil. Elle permettrait, par ailleurs, de r\u00e9duire certains facteurs de marginalisation sociale susceptibles d\u2019alimenter des ph\u00e9nom\u00e8nes pr\u00e9occupants tels que la criminalit\u00e9, le trafic de drogue ou les processus de radicalisation.<\/p>\n<p>Il convient \u00e9galement de rappeler que la langue amazighe v\u00e9hicule, au sein de la soci\u00e9t\u00e9 marocaine, des valeurs profond\u00e9ment ancr\u00e9es de respect, de libert\u00e9, d\u2019\u00e9galit\u00e9 et de d\u00e9mocratie \u2014 des valeurs qui rejoignent pleinement celles d\u00e9fendues par le Royaume de Belgique et par l\u2019Union europ\u00e9enne [3].<\/p>\n<p>Je vous prie d\u2019agr\u00e9er, Excellences Messieurs les Ministres, l\u2019expression de ma tr\u00e8s haute consid\u00e9ration.<\/p>\n<p style=\"text-align: center;\"><strong>Sign\u00e9 : Rachid Raha, Pr\u00e9sident de l\u2019Assembl\u00e9e Mondiale Amazighe*<\/strong><\/p>\n<p><strong>Notes\u00a0:<\/strong><\/p>\n[1]-\u00a0<a href=\"https:\/\/amadalamazigh.press.ma\/fr\/pourquoi-certains-pays-europeens-sont-appeles-a-revoir-le-programme-denseignement-de-la-langue-arabe-et-de-la-culture-marocaine\/\">https:\/\/amadalamazigh.press.ma\/fr\/pourquoi-certains-pays-europeens-sont-appeles-a-revoir-le-programme-denseignement-de-la-langue-arabe-et-de-la-culture-marocaine\/<\/a><\/p>\n[2]-\u00a0\u00a0<a href=\"https:\/\/documents1.worldbank.org\/curated\/en\/778161626203742899\/pdf\/Effective-Language-of-Instruction-Policies-for-Learning.pdf\">https:\/\/documents1.worldbank.org\/curated\/en\/778161626203742899\/pdf\/Effective-Language-of-Instruction-Policies-for-Learning.pdf<\/a><\/p>\n[3]-\u00a0<a href=\"https:\/\/rachidraha.com\/pourquoi-le-royaume-du-maroc-craint-lenseignement-de-la-langue-amazighe\/\">https:\/\/rachidraha.com\/pourquoi-le-royaume-du-maroc-craint-lenseignement-de-la-langue-amazighe\/<\/a><\/p>\n<p>(*)\u00a0<a href=\"https:\/\/amamazigh.org\/2025\/12\/assemblee-mondiale-amazighe-philosophie-objectifs-et-realisations\/\">https:\/\/amamazigh.org\/2025\/12\/assemblee-mondiale-amazighe-philosophie-objectifs-et-realisations\/<\/a><\/p>\n","protected":false},"excerpt":{"rendered":"<p>Excellences Monsieur Nasser Bourita, Ministre des Affaires \u00e9trang\u00e8res, de la Coop\u00e9ration africaine et des Marocains r\u00e9sidant \u00e0 l\u2019\u00e9tranger, et Monsieur Maxime Pr\u00e9vot,\u00a0Vice-Premier ministre et ministre des Affaires \u00e9trang\u00e8res, des Affaires europ\u00e9ennes et du Commerce ext\u00e9rieur du Royaume de Belgique, Objet : Importance de l\u2019enseignement de la langue amazighe au sein de la diaspora marocaine au &hellip;<\/p>\n","protected":false},"author":2,"featured_media":7639,"comment_status":"open","ping_status":"closed","sticky":false,"template":"","format":"standard","meta":{"jetpack_post_was_ever_published":false,"_jetpack_newsletter_access":"","_jetpack_dont_email_post_to_subs":false,"_jetpack_newsletter_tier_id":0,"_jetpack_memberships_contains_paywalled_content":false,"_jetpack_memberships_contains_paid_content":false,"footnotes":"","jetpack_publicize_message":"","jetpack_publicize_feature_enabled":true,"jetpack_social_post_already_shared":true,"jetpack_social_options":{"image_generator_settings":{"template":"highway","default_image_id":0,"font":"","enabled":false},"version":2}},"categories":[10],"tags":[],"class_list":["post-7638","post","type-post","status-publish","format-standard","has-post-thumbnail","","category-maroc"],"jetpack_publicize_connections":[],"jetpack_featured_media_url":"https:\/\/i0.wp.com\/amadalamazigh.press.ma\/fr\/wp-content\/uploads\/2026\/03\/burita_prevost.jpg?fit=1440%2C960&ssl=1","jetpack_shortlink":"https:\/\/wp.me\/p9uxE2-1Zc","jetpack_sharing_enabled":true,"_links":{"self":[{"href":"https:\/\/amadalamazigh.press.ma\/fr\/wp-json\/wp\/v2\/posts\/7638","targetHints":{"allow":["GET"]}}],"collection":[{"href":"https:\/\/amadalamazigh.press.ma\/fr\/wp-json\/wp\/v2\/posts"}],"about":[{"href":"https:\/\/amadalamazigh.press.ma\/fr\/wp-json\/wp\/v2\/types\/post"}],"author":[{"embeddable":true,"href":"https:\/\/amadalamazigh.press.ma\/fr\/wp-json\/wp\/v2\/users\/2"}],"replies":[{"embeddable":true,"href":"https:\/\/amadalamazigh.press.ma\/fr\/wp-json\/wp\/v2\/comments?post=7638"}],"version-history":[{"count":3,"href":"https:\/\/amadalamazigh.press.ma\/fr\/wp-json\/wp\/v2\/posts\/7638\/revisions"}],"predecessor-version":[{"id":7642,"href":"https:\/\/amadalamazigh.press.ma\/fr\/wp-json\/wp\/v2\/posts\/7638\/revisions\/7642"}],"wp:featuredmedia":[{"embeddable":true,"href":"https:\/\/amadalamazigh.press.ma\/fr\/wp-json\/wp\/v2\/media\/7639"}],"wp:attachment":[{"href":"https:\/\/amadalamazigh.press.ma\/fr\/wp-json\/wp\/v2\/media?parent=7638"}],"wp:term":[{"taxonomy":"category","embeddable":true,"href":"https:\/\/amadalamazigh.press.ma\/fr\/wp-json\/wp\/v2\/categories?post=7638"},{"taxonomy":"post_tag","embeddable":true,"href":"https:\/\/amadalamazigh.press.ma\/fr\/wp-json\/wp\/v2\/tags?post=7638"}],"curies":[{"name":"wp","href":"https:\/\/api.w.org\/{rel}","templated":true}]}}