{"id":7662,"date":"2026-03-17T23:47:09","date_gmt":"2026-03-17T22:47:09","guid":{"rendered":"https:\/\/amadalamazigh.press.ma\/fr\/?p=7662"},"modified":"2026-03-17T23:47:09","modified_gmt":"2026-03-17T22:47:09","slug":"can-2025-le-jury-dappel-de-la-caf-declare-le-senegal-forfait-en-finale-et-homologue-le-score-de-3-0-en-faveur-de-la-frmf","status":"publish","type":"post","link":"https:\/\/amadalamazigh.press.ma\/fr\/can-2025-le-jury-dappel-de-la-caf-declare-le-senegal-forfait-en-finale-et-homologue-le-score-de-3-0-en-faveur-de-la-frmf\/","title":{"rendered":"CAN-2025: Le Jury d&rsquo;Appel de la CAF d\u00e9clare le S\u00e9n\u00e9gal forfait en finale et homologue le score de 3-0 en faveur de la FRMF"},"content":{"rendered":"<p><img data-recalc-dims=\"1\" loading=\"lazy\" decoding=\"async\" class=\"size-medium wp-image-7663 alignright\" src=\"https:\/\/i0.wp.com\/amadalamazigh.press.ma\/fr\/wp-content\/uploads\/2026\/03\/MAROC.jpg?resize=375%2C250&#038;ssl=1\" alt=\"\" width=\"375\" height=\"250\" srcset=\"https:\/\/i0.wp.com\/amadalamazigh.press.ma\/fr\/wp-content\/uploads\/2026\/03\/MAROC.jpg?resize=375%2C250&amp;ssl=1 375w, https:\/\/i0.wp.com\/amadalamazigh.press.ma\/fr\/wp-content\/uploads\/2026\/03\/MAROC.jpg?resize=1024%2C683&amp;ssl=1 1024w, https:\/\/i0.wp.com\/amadalamazigh.press.ma\/fr\/wp-content\/uploads\/2026\/03\/MAROC.jpg?resize=1536%2C1024&amp;ssl=1 1536w, https:\/\/i0.wp.com\/amadalamazigh.press.ma\/fr\/wp-content\/uploads\/2026\/03\/MAROC.jpg?resize=2048%2C1366&amp;ssl=1 2048w, https:\/\/i0.wp.com\/amadalamazigh.press.ma\/fr\/wp-content\/uploads\/2026\/03\/MAROC.jpg?w=1236&amp;ssl=1 1236w, https:\/\/i0.wp.com\/amadalamazigh.press.ma\/fr\/wp-content\/uploads\/2026\/03\/MAROC.jpg?w=1854&amp;ssl=1 1854w\" sizes=\"auto, (max-width: 375px) 100vw, 375px\" \/>Le Jury d&rsquo;Appel de la Conf\u00e9d\u00e9ration Africaine de Football (CAF) a d\u00e9cid\u00e9, en application de l\u2019article 84 du R\u00e8glement de la Coupe d\u2019Afrique des Nations (CAN), de d\u00e9clarer l\u2019\u00e9quipe nationale du S\u00e9n\u00e9gal forfait lors de la finale de la CAN Maroc 2025, le r\u00e9sultat \u00e9tant homologu\u00e9 sur le score de 3-0 en faveur de la F\u00e9d\u00e9ration Royale Marocaine de Football (FRMF).<\/p>\n<p>R\u00e9uni ce mardi, le Jury d\u2019Appel de la CAF a statu\u00e9 suite \u00e0 l\u2019appel introduit par la FRMF concernant l\u2019application des articles 82 et 84 du R\u00e8glement de la CAN, fait savoir la CAF dans un communiqu\u00e9.<\/p>\n<p>L\u2019appel introduit par la FRMF est d\u00e9clar\u00e9 recevable en la forme et fond\u00e9, tandis que la d\u00e9cision du Jury Disciplinaire de la CAF est annul\u00e9e, ajoute la m\u00eame source.<\/p>\n<p>Le Jury d\u2019Appel de la CAF consid\u00e8re que le comportement de l\u2019\u00e9quipe du S\u00e9n\u00e9gal rel\u00e8ve du champ d\u2019application des articles 82 et 84 du R\u00e8glement de la Coupe d\u2019Afrique des Nations et que la r\u00e9serve introduite par la FRMF est fond\u00e9e.<\/p>\n<p>Il est ainsi \u00e9tabli que la F\u00e9d\u00e9ration S\u00e9n\u00e9galaise de Football (FSF), \u00e0 travers le comportement de son \u00e9quipe, a enfreint l\u2019article 82 du R\u00e8glement de la Coupe d\u2019Afrique des Nations, entra\u00eenant l\u2019application de l\u2019article 84 et la d\u00e9claration de forfait du S\u00e9n\u00e9gal pour ce match, dont le r\u00e9sultat est enregistr\u00e9 sur le score de 3-0 en faveur de la FRMF.<\/p>\n<p>Toutes les autres demandes ou conclusions sont rejet\u00e9es.<\/p>\n<p>Le Jury d\u2019Appel de la CAF a \u00e9galement statu\u00e9 sur plusieurs incidents li\u00e9s \u00e0 cette rencontre. L\u2019appel introduit concernant Isma\u00ebl Saibari, joueur de l\u2019\u00e9quipe nationale du Maroc, est partiellement accept\u00e9, le Jury confirmant qu\u2019il s\u2019est rendu coupable d\u2019un comportement fautif en violation des articles 82 et 83(1) du Code disciplinaire de la CAF.<\/p>\n<p>La sanction prononc\u00e9e \u00e0 son encontre est r\u00e9vis\u00e9e \u00e0 une suspension de deux matches officiels de la CAF, dont un avec sursis, tandis que l\u2019amende de 100 000 USD est annul\u00e9e.<\/p>\n<p>Concernant les incidents organisationnels, l\u2019appel relatif aux ramasseurs de balles est partiellement accept\u00e9, le Jury confirmant la responsabilit\u00e9 de la FRMF et r\u00e9duisant l\u2019amende \u00e0 50 000 USD.<\/p>\n<p>L\u2019appel concernant les interf\u00e9rences autour de la zone de r\u00e9vision OFR\/VAR est rejet\u00e9, avec confirmation de l\u2019amende de 100 000 USD. Enfin, l\u2019appel relatif \u00e0 l\u2019incident du laser est partiellement accept\u00e9, avec une r\u00e9duction de l\u2019amende inflig\u00e9e \u00e0 la FRMF \u00e0 10 000 USD. Toutes les autres demandes sont rejet\u00e9es.c<\/p>\n<p style=\"text-align: right;\"><strong>Source: MAP<\/strong><\/p>\n","protected":false},"excerpt":{"rendered":"<p>Le Jury d&rsquo;Appel de la Conf\u00e9d\u00e9ration Africaine de Football (CAF) a d\u00e9cid\u00e9, en application de l\u2019article 84 du R\u00e8glement de la Coupe d\u2019Afrique des Nations (CAN), de d\u00e9clarer l\u2019\u00e9quipe nationale du S\u00e9n\u00e9gal forfait lors de la finale de la CAN Maroc 2025, le r\u00e9sultat \u00e9tant homologu\u00e9 sur le score de 3-0 en faveur de la &hellip;<\/p>\n","protected":false},"author":2,"featured_media":7663,"comment_status":"open","ping_status":"closed","sticky":false,"template":"","format":"standard","meta":{"jetpack_post_was_ever_published":false,"_jetpack_newsletter_access":"","_jetpack_dont_email_post_to_subs":false,"_jetpack_newsletter_tier_id":0,"_jetpack_memberships_contains_paywalled_content":false,"_jetpack_memberships_contains_paid_content":false,"footnotes":"","jetpack_publicize_message":"","jetpack_publicize_feature_enabled":true,"jetpack_social_post_already_shared":true,"jetpack_social_options":{"image_generator_settings":{"template":"highway","default_image_id":0,"font":"","enabled":false},"version":2}},"categories":[10],"tags":[],"class_list":["post-7662","post","type-post","status-publish","format-standard","has-post-thumbnail","","category-maroc"],"jetpack_publicize_connections":[],"jetpack_featured_media_url":"https:\/\/i0.wp.com\/amadalamazigh.press.ma\/fr\/wp-content\/uploads\/2026\/03\/MAROC.jpg?fit=2560%2C1707&ssl=1","jetpack_shortlink":"https:\/\/wp.me\/p9uxE2-1ZA","jetpack_sharing_enabled":true,"_links":{"self":[{"href":"https:\/\/amadalamazigh.press.ma\/fr\/wp-json\/wp\/v2\/posts\/7662","targetHints":{"allow":["GET"]}}],"collection":[{"href":"https:\/\/amadalamazigh.press.ma\/fr\/wp-json\/wp\/v2\/posts"}],"about":[{"href":"https:\/\/amadalamazigh.press.ma\/fr\/wp-json\/wp\/v2\/types\/post"}],"author":[{"embeddable":true,"href":"https:\/\/amadalamazigh.press.ma\/fr\/wp-json\/wp\/v2\/users\/2"}],"replies":[{"embeddable":true,"href":"https:\/\/amadalamazigh.press.ma\/fr\/wp-json\/wp\/v2\/comments?post=7662"}],"version-history":[{"count":1,"href":"https:\/\/amadalamazigh.press.ma\/fr\/wp-json\/wp\/v2\/posts\/7662\/revisions"}],"predecessor-version":[{"id":7664,"href":"https:\/\/amadalamazigh.press.ma\/fr\/wp-json\/wp\/v2\/posts\/7662\/revisions\/7664"}],"wp:featuredmedia":[{"embeddable":true,"href":"https:\/\/amadalamazigh.press.ma\/fr\/wp-json\/wp\/v2\/media\/7663"}],"wp:attachment":[{"href":"https:\/\/amadalamazigh.press.ma\/fr\/wp-json\/wp\/v2\/media?parent=7662"}],"wp:term":[{"taxonomy":"category","embeddable":true,"href":"https:\/\/amadalamazigh.press.ma\/fr\/wp-json\/wp\/v2\/categories?post=7662"},{"taxonomy":"post_tag","embeddable":true,"href":"https:\/\/amadalamazigh.press.ma\/fr\/wp-json\/wp\/v2\/tags?post=7662"}],"curies":[{"name":"wp","href":"https:\/\/api.w.org\/{rel}","templated":true}]}}