{"id":7675,"date":"2026-03-25T12:08:49","date_gmt":"2026-03-25T11:08:49","guid":{"rendered":"https:\/\/amadalamazigh.press.ma\/fr\/?p=7675"},"modified":"2026-03-25T12:08:49","modified_gmt":"2026-03-25T11:08:49","slug":"ama-demande-au-roi-despagne-des-reparations-pour-lutilisation-darmes-chimiques-durant-la-guerre-du-rif","status":"publish","type":"post","link":"https:\/\/amadalamazigh.press.ma\/fr\/ama-demande-au-roi-despagne-des-reparations-pour-lutilisation-darmes-chimiques-durant-la-guerre-du-rif\/","title":{"rendered":"AMA demande au Roi d&rsquo;Espagne des r\u00e9parations pour l\u2019utilisation d\u2019armes chimiques durant la Guerre du Rif"},"content":{"rendered":"<p style=\"text-align: right;\"><b><img data-recalc-dims=\"1\" loading=\"lazy\" decoding=\"async\" class=\"size-medium wp-image-7676 alignright\" src=\"https:\/\/i0.wp.com\/amadalamazigh.press.ma\/fr\/wp-content\/uploads\/2026\/03\/FelipeVI.jpg?resize=170%2C250&#038;ssl=1\" alt=\"\" width=\"170\" height=\"250\" srcset=\"https:\/\/i0.wp.com\/amadalamazigh.press.ma\/fr\/wp-content\/uploads\/2026\/03\/FelipeVI.jpg?resize=170%2C250&amp;ssl=1 170w, https:\/\/i0.wp.com\/amadalamazigh.press.ma\/fr\/wp-content\/uploads\/2026\/03\/FelipeVI.jpg?resize=695%2C1024&amp;ssl=1 695w, https:\/\/i0.wp.com\/amadalamazigh.press.ma\/fr\/wp-content\/uploads\/2026\/03\/FelipeVI.jpg?w=740&amp;ssl=1 740w\" sizes=\"auto, (max-width: 170px) 100vw, 170px\" \/>A Sa Majest\u00e9 Felipe VI, R<\/b><b>oi d\u2019Espagne<\/b><\/p>\n<p>Objet :\u00a0<b>Reconnaissance des abus de la colonisation et demande de r\u00e9parations pour l\u2019utilisation d\u2019armes chimiques pendant la Guerre du Rif<\/b><\/p>\n<p>Majest\u00e9,<\/p>\n<p>Le 16 mars dernier, \u00e0 l\u2019occasion de votre visite \u00e0 l\u2019exposition \u00ab La femme dans le Mexique indig\u00e8ne \u00bb, organis\u00e9e conjointement par le minist\u00e8re des Affaires \u00e9trang\u00e8res d\u2019Espagne et le Secr\u00e9tariat \u00e0 la Culture du gouvernement mexicain au Mus\u00e9e arch\u00e9ologique national de Madrid, Votre Majest\u00e9 a d\u00e9clar\u00e9 que : \u00ab<i>\u00a0il y a des choses qui, lorsque nous les \u00e9tudions avec les valeurs d\u2019aujourd\u2019hui, ne peuvent \u00e9videmment pas nous rendre fiers. Mais il faut les comprendre dans leur juste contexte, non avec un exc\u00e8s de pr\u00e9sentisme moral, mais avec une analyse objective et rigoureuse\u00a0<\/i>\u00bb, reconnaissant ainsi les \u00ab\u00a0<i>abus et controverses \u00e9thiques<\/i>\u00a0\u00bb survenus lors de la colonisation de l\u2019Am\u00e9rique et du Mexique par les conquistadors espagnols [1].<\/p>\n<p>Nous saluons profond\u00e9ment ces d\u00e9clarations courageuses, qui s\u2019inscrivent dans le prolongement de celles du pr\u00e9sident fran\u00e7ais Emmanuel Macron, qui avait d\u00e9clar\u00e9 en Alg\u00e9rie en f\u00e9vrier 2017 que : \u00ab\u00a0<i>La colonisation est un crime. C\u2019est un crime contre l\u2019humanit\u00e9. C\u2019est une v\u00e9ritable barbarie, et cela fait partie de ce pass\u00e9 que nous devons affronter en pr\u00e9sentant \u00e9galement nos excuses \u00e0 ceux contre qui nous avons commis ces actes<\/i>\u00a0\u00bb. De m\u00eame, le Roi des Belges a exprim\u00e9 ses plus profonds regrets pour les blessures inflig\u00e9es durant la p\u00e9riode coloniale au Congo (actuelle R\u00e9publique D\u00e9mocratique du Congo). La R\u00e9publique f\u00e9d\u00e9rale d\u2019Allemagne a \u00e9galement reconnu avoir commis un \u00ab g\u00e9nocide \u00bb contre les peuples herero et nama en Namibie au d\u00e9but du XXe si\u00e8cle, s\u2019engageant \u00e0 les indemniser. De son c\u00f4t\u00e9, l\u2019ancien Premier ministre des Pays-Bas, Mark Rutte, a reconnu le 19 d\u00e9cembre 2022 \u00e0 La Haye que l\u2019esclavage constitue un crime contre l\u2019humanit\u00e9, pr\u00e9sentant des excuses aux victimes et \u00e0 leurs descendants. Par la suite, Sa Majest\u00e9 le Roi Willem-Alexander a pr\u00e9sent\u00e9 des excuses officielles pour l\u2019implication de son pays dans l\u2019esclavage, \u00e0 l\u2019occasion du 150e anniversaire de son abolition, le 1er juillet 2023.<\/p>\n<p>\u00c0 la lumi\u00e8re de ces d\u00e9clarations historiques, nous avons l\u2019honneur de nous adresser de nouveau \u00e0 Votre Majest\u00e9 afin de solliciter votre intervention concernant la guerre chimique men\u00e9e contre les populations civiles du nord du Maroc durant la Guerre du Rif (1921-1926) [2].<\/p>\n<p>Nous rappelons la r\u00e9ponse de Votre Majest\u00e9, en date du 29 mai 2015, \u00e0 notre premi\u00e8re lettre envoy\u00e9e le 7 f\u00e9vrier 2015 sur cette question d\u00e9licate, dans laquelle nous sollicitons votre intervention en faveur d\u2019une solution amiable [3]. Par ailleurs, sur instruction de Votre Majest\u00e9, une d\u00e9l\u00e9gation de notre ONG, l\u2019Assembl\u00e9e Mondiale Amazighe, compos\u00e9e du Dr Mimoun Charqi, d\u2019Amina Ibnou-Cheikh et du signataire, a \u00e9t\u00e9 re\u00e7ue \u00e0 l\u2019Ambassade d\u2019Espagne \u00e0 Rabat le 23 juin 2015 par MM. Camilo Villarino Marzo et Jos\u00e9 Luis Lozano Garc\u00eda. Lors de cette r\u00e9union, nous avons eu l\u2019occasion d\u2019exposer en d\u00e9tail cette question et de remettre une documentation compl\u00e8te \u00e0 ce sujet.<\/p>\n<p>Par la suite, le ministre des Affaires \u00e9trang\u00e8res de l\u2019\u00e9poque, M. Alfonso Dastis, a \u00e9t\u00e9 interpell\u00e9 par le d\u00e9put\u00e9 catalan Joan Tard\u00e0 au Congr\u00e8s le 7 f\u00e9vrier 2018, d\u00e9clarant avoir re\u00e7u notre communication et s\u2019engageant publiquement \u00e0 assurer le suivi des demandes de notre organisation concernant l\u2019utilisation d\u2019armes chimiques dans le Rif, interdites par le droit international [4].<\/p>\n<p>Malheureusement, \u00e0 ce jour, aucun ministre des Affaires \u00e9trang\u00e8res n\u2019a apport\u00e9 de r\u00e9ponse substantielle \u00e0 nos revendications l\u00e9gitimes, ni donn\u00e9 suite de mani\u00e8re effective aux orientations exprim\u00e9es par Votre Majest\u00e9 en sa qualit\u00e9 de Chef de l\u2019\u00c9tat. Il convient toutefois de rappeler la d\u00e9claration de M. Josep Borrell, en date du 19 d\u00e9cembre 2018, selon laquelle \u00ab\u00a0<i>l\u2019Espagne et le Maroc entameraient un processus visant \u00e0 refermer les blessures<\/i>\u00a0\u00bb, soulignant que tout processus de r\u00e9paration et de r\u00e9conciliation doit tenir compte des \u00e9v\u00e9nements survenus lors de la bataille d\u2019Anoual et dans la r\u00e9gion du Grand Rif [5].<\/p>\n<p>Majest\u00e9,<\/p>\n<p>Nous souhaitons \u00e9galement souligner l\u2019initiative du Groupe parlementaire plurinational SUMAR, qui a pr\u00e9sent\u00e9 en novembre dernier une proposition l\u00e9gislative au Congr\u00e8s des D\u00e9put\u00e9s, invitant le gouvernement \u00e0 reconna\u00eetre officiellement le colonialisme espagnol au Maroc et \u00e0 d\u00e9velopper des politiques publiques de m\u00e9moire, de recherche et de diffusion concernant la p\u00e9riode du Protectorat espagnol (1912\u20131956) et la guerre du Rif (1921\u20131926). Cette initiative souligne que la population civile rifaine a subi des bombardements a\u00e9riens indiscrimin\u00e9s, ainsi que l\u2019usage document\u00e9 d\u2019armes chimiques, telles que le gaz moutarde, en d\u00e9pit des interdictions de la Convention de La Haye, et rappelle que l\u2019Espagne n\u2019a toujours pas assum\u00e9 institutionnellement sa responsabilit\u00e9 historique [6].<\/p>\n<p>En cons\u00e9quence, nous prions respectueusement Votre Majest\u00e9 de bien vouloir porter \u00e0 nouveau cette question \u00e0 l\u2019attention du gouvernement actuel, afin qu\u2019elle soit examin\u00e9e avec tout le s\u00e9rieux qu\u2019elle m\u00e9rite, et qu\u2019une r\u00e9ponse officielle et d\u00e9finitive nous soit communiqu\u00e9e \u00e0 ce sujet.<\/p>\n<p>Dans l\u2019attente d\u2019une r\u00e9ponse favorable, nous vous prions d\u2019agr\u00e9er, Majest\u00e9, l\u2019expression de notre tr\u00e8s haute consid\u00e9ration.<\/p>\n<p style=\"text-align: center;\">Rachid Raha, Pr\u00e9sident de l\u2019Assembl\u00e9e Mondiale Amazighe<\/p>\n<p><i><u><span lang=\"ES\">Notes:<\/span><\/u><\/i><\/p>\n<p><span lang=\"ES\">[1]-\u00a0<a href=\"https:\/\/www.rtve.es\/noticias\/20260316\/felipe-vi-reconoce-mucho-abuso-conquista-america-gesto-acercamiento-a-mexico\/16982932.shtml\" target=\"_blank\" rel=\"nofollow noopener noreferrer\" data-saferedirecturl=\"https:\/\/www.google.com\/url?q=https:\/\/www.rtve.es\/noticias\/20260316\/felipe-vi-reconoce-mucho-abuso-conquista-america-gesto-acercamiento-a-mexico\/16982932.shtml&amp;source=gmail&amp;ust=1774517642753000&amp;usg=AOvVaw2vdqofl-CXe1-K_TceGhdM\">https:\/\/www.rtve.es\/noticias\/<wbr \/>20260316\/felipe-vi-reconoce-<wbr \/>mucho-abuso-conquista-america-<wbr \/>gesto-acercamiento-a-mexico\/<wbr \/>16982932.shtml<\/a><\/span><\/p>\n<p><span lang=\"ES\">[2]-\u00a0<a href=\"https:\/\/www.rtve.es\/play\/videos\/informe-semanal\/100-anos-annual-donde-espana-retorcio-su-historia\/6046999\/?media=tve\" target=\"_blank\" rel=\"noopener noreferrer\" data-saferedirecturl=\"https:\/\/www.google.com\/url?q=https:\/\/www.rtve.es\/play\/videos\/informe-semanal\/100-anos-annual-donde-espana-retorcio-su-historia\/6046999\/?media%3Dtve&amp;source=gmail&amp;ust=1774517642753000&amp;usg=AOvVaw1eHkU0Ne6vmMpzMFjYoSsp\">https:\/\/www.rtve.es\/play\/<wbr \/>videos\/informe-semanal\/100-<wbr \/>anos-annual-donde-espana-<wbr \/>retorcio-su-historia\/6046999\/?<wbr \/>media=tve<\/a><\/span><\/p>\n<p><span lang=\"ES\">[3]-\u00a0<a href=\"https:\/\/amadalamazigh.press.ma\/pdf\/Dossier%20de%20Presse%20-%20Guerre%20Chimiques%20contre%20le%20rif2.pdf\" target=\"_blank\" rel=\"nofollow noopener noreferrer\" data-saferedirecturl=\"https:\/\/www.google.com\/url?q=https:\/\/amadalamazigh.press.ma\/pdf\/Dossier%2520de%2520Presse%2520-%2520Guerre%2520Chimiques%2520contre%2520le%2520rif2.pdf&amp;source=gmail&amp;ust=1774517642753000&amp;usg=AOvVaw3Tlg03xnDvNCe-4C53d81o\">https:\/\/amadalamazigh.<wbr \/>press.ma\/pdf\/Dossier%20de%<wbr \/>20Presse%20-%20Guerre%<wbr \/>20Chimiques%20contre%20le%<wbr \/>20rif2.pdf<\/a><\/span><\/p>\n<p><span lang=\"ES\">[4]-\u00a0<a href=\"https:\/\/youtu.be\/JWLUlN62cMI?t=17\" target=\"_blank\" rel=\"nofollow noopener noreferrer\" data-saferedirecturl=\"https:\/\/www.google.com\/url?q=https:\/\/youtu.be\/JWLUlN62cMI?t%3D17&amp;source=gmail&amp;ust=1774517642753000&amp;usg=AOvVaw3mHz-TMtjGgGAB45A2K6jk\">https:\/\/youtu.be\/JWLUlN62cMI?<wbr \/>t=17<\/a><\/span><\/p>\n<p><span lang=\"ES\">[5]-\u00a0<\/span><a href=\"http:\/\/www.europapress.es\/nacional\/noticia-borrell-plantea-utilizar-centenario-batalla-annual-cerrar-heridas-marruecos-guerra-rif-20181219220356.html\" target=\"_blank\" rel=\"nofollow noopener noreferrer\" data-saferedirecturl=\"https:\/\/www.google.com\/url?q=http:\/\/www.europapress.es\/nacional\/noticia-borrell-plantea-utilizar-centenario-batalla-annual-cerrar-heridas-marruecos-guerra-rif-20181219220356.html&amp;source=gmail&amp;ust=1774517642753000&amp;usg=AOvVaw17eNqZXISfw1rhmRGBOblH\"><span lang=\"ES\">www.europapress.es\/nacional\/<wbr \/>noticia-borrell-plantea-<wbr \/>utilizar-centenario-batalla-<wbr \/>annual-cerrar-heridas-<wbr \/>marruecos-guerra-rif-<wbr \/>20181219220356.html<\/span><\/a><\/p>\n<p><span lang=\"ES\">[6]-\u00a0<\/span><a href=\"https:\/\/noteolvidesdelsaharaoccidental.org\/wp-content\/uploads\/2025\/12\/ProposicionNoDeLeySUMARcolonialismoenMARRUECOS.pdf\" target=\"_blank\" rel=\"nofollow noopener noreferrer\" data-saferedirecturl=\"https:\/\/www.google.com\/url?q=https:\/\/noteolvidesdelsaharaoccidental.org\/wp-content\/uploads\/2025\/12\/ProposicionNoDeLeySUMARcolonialismoenMARRUECOS.pdf&amp;source=gmail&amp;ust=1774517642753000&amp;usg=AOvVaw1jtHtw-IxFWlJfxXBc2L54\"><span lang=\"ES\">https:\/\/<wbr \/>noteolvidesdelsaharaoccidental<wbr \/>.org\/wp-content\/uploads\/2025\/<wbr \/>12\/<wbr \/>ProposicionNoDeLeySUMARcolonia<wbr \/>lismoenMARRUECOS.pdf<\/span><\/a><\/p>\n","protected":false},"excerpt":{"rendered":"<p>A Sa Majest\u00e9 Felipe VI, Roi d\u2019Espagne Objet :\u00a0Reconnaissance des abus de la colonisation et demande de r\u00e9parations pour l\u2019utilisation d\u2019armes chimiques pendant la Guerre du Rif Majest\u00e9, Le 16 mars dernier, \u00e0 l\u2019occasion de votre visite \u00e0 l\u2019exposition \u00ab La femme dans le Mexique indig\u00e8ne \u00bb, organis\u00e9e conjointement par le minist\u00e8re des Affaires \u00e9trang\u00e8res &hellip;<\/p>\n","protected":false},"author":2,"featured_media":7677,"comment_status":"open","ping_status":"closed","sticky":false,"template":"","format":"standard","meta":{"jetpack_post_was_ever_published":false,"_jetpack_newsletter_access":"","_jetpack_dont_email_post_to_subs":false,"_jetpack_newsletter_tier_id":0,"_jetpack_memberships_contains_paywalled_content":false,"_jetpack_memberships_contains_paid_content":false,"footnotes":"","jetpack_publicize_message":"","jetpack_publicize_feature_enabled":true,"jetpack_social_post_already_shared":true,"jetpack_social_options":{"image_generator_settings":{"template":"highway","default_image_id":0,"font":"","enabled":false},"version":2}},"categories":[10],"tags":[],"class_list":["post-7675","post","type-post","status-publish","format-standard","has-post-thumbnail","","category-maroc"],"jetpack_publicize_connections":[],"jetpack_featured_media_url":"https:\/\/i0.wp.com\/amadalamazigh.press.ma\/fr\/wp-content\/uploads\/2026\/03\/FelipeVI-1-scaled.jpg?fit=2560%2C1937&ssl=1","jetpack_shortlink":"https:\/\/wp.me\/p9uxE2-1ZN","jetpack_sharing_enabled":true,"_links":{"self":[{"href":"https:\/\/amadalamazigh.press.ma\/fr\/wp-json\/wp\/v2\/posts\/7675","targetHints":{"allow":["GET"]}}],"collection":[{"href":"https:\/\/amadalamazigh.press.ma\/fr\/wp-json\/wp\/v2\/posts"}],"about":[{"href":"https:\/\/amadalamazigh.press.ma\/fr\/wp-json\/wp\/v2\/types\/post"}],"author":[{"embeddable":true,"href":"https:\/\/amadalamazigh.press.ma\/fr\/wp-json\/wp\/v2\/users\/2"}],"replies":[{"embeddable":true,"href":"https:\/\/amadalamazigh.press.ma\/fr\/wp-json\/wp\/v2\/comments?post=7675"}],"version-history":[{"count":1,"href":"https:\/\/amadalamazigh.press.ma\/fr\/wp-json\/wp\/v2\/posts\/7675\/revisions"}],"predecessor-version":[{"id":7678,"href":"https:\/\/amadalamazigh.press.ma\/fr\/wp-json\/wp\/v2\/posts\/7675\/revisions\/7678"}],"wp:featuredmedia":[{"embeddable":true,"href":"https:\/\/amadalamazigh.press.ma\/fr\/wp-json\/wp\/v2\/media\/7677"}],"wp:attachment":[{"href":"https:\/\/amadalamazigh.press.ma\/fr\/wp-json\/wp\/v2\/media?parent=7675"}],"wp:term":[{"taxonomy":"category","embeddable":true,"href":"https:\/\/amadalamazigh.press.ma\/fr\/wp-json\/wp\/v2\/categories?post=7675"},{"taxonomy":"post_tag","embeddable":true,"href":"https:\/\/amadalamazigh.press.ma\/fr\/wp-json\/wp\/v2\/tags?post=7675"}],"curies":[{"name":"wp","href":"https:\/\/api.w.org\/{rel}","templated":true}]}}