{"id":7679,"date":"2026-03-28T00:56:11","date_gmt":"2026-03-27T23:56:11","guid":{"rendered":"https:\/\/amadalamazigh.press.ma\/fr\/?p=7679"},"modified":"2026-03-28T00:56:11","modified_gmt":"2026-03-27T23:56:11","slug":"lonmt-reunit-les-leaders-du-tourisme-americain-et-renforce-la-confiance-dans-la-destination-maroc","status":"publish","type":"post","link":"https:\/\/amadalamazigh.press.ma\/fr\/lonmt-reunit-les-leaders-du-tourisme-americain-et-renforce-la-confiance-dans-la-destination-maroc\/","title":{"rendered":"L\u2019ONMT r\u00e9unit les leaders du tourisme am\u00e9ricain et renforce la confiance dans la destination Maroc"},"content":{"rendered":"<p><img data-recalc-dims=\"1\" loading=\"lazy\" decoding=\"async\" class=\"size-medium wp-image-7680 alignright\" src=\"https:\/\/i0.wp.com\/amadalamazigh.press.ma\/fr\/wp-content\/uploads\/2026\/03\/USTOA-2.jpg?resize=375%2C250&#038;ssl=1\" alt=\"\" width=\"375\" height=\"250\" srcset=\"https:\/\/i0.wp.com\/amadalamazigh.press.ma\/fr\/wp-content\/uploads\/2026\/03\/USTOA-2.jpg?resize=375%2C250&amp;ssl=1 375w, https:\/\/i0.wp.com\/amadalamazigh.press.ma\/fr\/wp-content\/uploads\/2026\/03\/USTOA-2.jpg?resize=1024%2C682&amp;ssl=1 1024w, https:\/\/i0.wp.com\/amadalamazigh.press.ma\/fr\/wp-content\/uploads\/2026\/03\/USTOA-2.jpg?w=1280&amp;ssl=1 1280w\" sizes=\"auto, (max-width: 375px) 100vw, 375px\" \/>Du 19 au 29 mars 2026, le Maroc accueille le congr\u00e8s international de USTOA en partenariat avec l\u2019Office National Marocain du Tourisme, une rencontre strat\u00e9gique qui renforce la confiance du march\u00e9 nord-am\u00e9ricain dans la stabilit\u00e9 et l\u2019attractivit\u00e9 du Royaume.<\/p>\n<p>Le Maroc accueille du 19 au 29 mars 2026 le USTOA Out of Country Meeting 2026, un rendez-vous majeur de l\u2019industrie touristique nord-am\u00e9ricaine organis\u00e9 par la United States Tour Operators Association en partenariat avec l\u2019Office National Marocain du Tourisme. Pour la premi\u00e9re fois organis\u00e9 en Afrique, cet \u00e9v\u00e9nement confirme la place du Royaume parmi les destinations strat\u00e9giques suivies par les grands tour-op\u00e9rateurs am\u00e9ricains et traduit la solidit\u00e9 du partenariat engag\u00e9 avec ce march\u00e9 \u00e0 fort potentiel.<\/p>\n<p>Rappelons que L\u2019USTOA rassemble les principaux tour-op\u00e9rateurs nord-am\u00e9ricains et constitue aujourd\u2019hui un acteur de r\u00e9f\u00e9rence dans la distribution des destinations et l\u2019orientation des flux touristiques sur le march\u00e9 am\u00e9ricain.<\/p>\n<p><img data-recalc-dims=\"1\" loading=\"lazy\" decoding=\"async\" class=\"size-medium wp-image-7681 alignright\" src=\"https:\/\/i0.wp.com\/amadalamazigh.press.ma\/fr\/wp-content\/uploads\/2026\/03\/USTOA1.jpg?resize=375%2C250&#038;ssl=1\" alt=\"\" width=\"375\" height=\"250\" srcset=\"https:\/\/i0.wp.com\/amadalamazigh.press.ma\/fr\/wp-content\/uploads\/2026\/03\/USTOA1.jpg?resize=375%2C250&amp;ssl=1 375w, https:\/\/i0.wp.com\/amadalamazigh.press.ma\/fr\/wp-content\/uploads\/2026\/03\/USTOA1.jpg?resize=1024%2C683&amp;ssl=1 1024w, https:\/\/i0.wp.com\/amadalamazigh.press.ma\/fr\/wp-content\/uploads\/2026\/03\/USTOA1.jpg?w=1500&amp;ssl=1 1500w, https:\/\/i0.wp.com\/amadalamazigh.press.ma\/fr\/wp-content\/uploads\/2026\/03\/USTOA1.jpg?w=1236&amp;ssl=1 1236w\" sizes=\"auto, (max-width: 375px) 100vw, 375px\" \/>Cette rencontre intervient dans un contexte international sensible ce qui renforce la port\u00e9e de cet \u00e9v\u00e9nement et souligne l\u2019importance de rappeler la r\u00e9alit\u00e9 marocaine, celle d\u2019un pays stable, ouvert sur le monde et reconnu pour la fiabilit\u00e9 de son environnement touristique. La pr\u00e9sence au Maroc de d\u00e9cideurs am\u00e9ricains de premier plan constitue \u00e0 ce titre un signal fort de confiance et une opportunit\u00e9 de consolider une perception claire et rassurante de la destination, loin de tout amalgame avec les zones de conflit.<\/p>\n<p>Ainsi pendant dix jours, Casablanca, Rabat, F\u00e8s, Tanger, Chefchaouen et Marrakech accueillent une d\u00e9l\u00e9gation de cinquante d\u00e9cideurs, compos\u00e9e de membres du conseil d\u2019administration de l\u2019USTOA, de dirigeants de tour-op\u00e9rateurs et de responsables du d\u00e9veloppement de produits et du choix des destinations. Leur immersion au c\u0153ur des territoires marocains permet de d\u00e9couvrir concr\u00e8tement la richesse de l\u2019offre touristique, la diversit\u00e9 des exp\u00e9riences et la qualit\u00e9 des infrastructures, tout en renfor\u00e7ant les liens professionnels avec les acteurs nationaux du secteur.<\/p>\n<p>La journ\u00e9e du 25 mars \u00e0 Rabat constitue le c\u0153ur strat\u00e9gique de cette rencontre avec la tenue de la r\u00e9union du conseil d\u2019administration de l\u2019USTOA, suivie de l\u2019Industry Day organis\u00e9 par l\u2019ONMT, un temps d\u2019\u00e9change direct entre tour-op\u00e9rateurs am\u00e9ricains et professionnels marocains autour de la nouvelle strat\u00e9gie de l\u2019ONMT sur le march\u00e9 am\u00e9ricain et des opportunit\u00e9s de d\u00e9veloppement commercial \u00e0 court et moyen terme.<\/p>\n<p>\u00c0 travers cet \u00e9v\u00e9nement, l\u2019Office National Marocain du Tourisme renforce son partenariat avec l\u2019USTOA et poursuit l\u2019objectif de positionner durablement le Maroc comme une destination premium aupr\u00e8s des leaders nord-am\u00e9ricains, am\u00e9liorer son r\u00e9f\u00e9rencement dans leurs catalogues et acc\u00e9l\u00e9rer les ventes sur l\u2019horizon 2026\u20132030, tout en d\u00e9montrant la capacit\u00e9 du Royaume \u00e0 accueillir les grandes rencontres internationales du tourisme dans un environnement stable et ma\u00eetris\u00e9.<\/p>\n","protected":false},"excerpt":{"rendered":"<p>Du 19 au 29 mars 2026, le Maroc accueille le congr\u00e8s international de USTOA en partenariat avec l\u2019Office National Marocain du Tourisme, une rencontre strat\u00e9gique qui renforce la confiance du march\u00e9 nord-am\u00e9ricain dans la stabilit\u00e9 et l\u2019attractivit\u00e9 du Royaume. Le Maroc accueille du 19 au 29 mars 2026 le USTOA Out of Country Meeting 2026, &hellip;<\/p>\n","protected":false},"author":2,"featured_media":7681,"comment_status":"open","ping_status":"closed","sticky":false,"template":"","format":"standard","meta":{"jetpack_post_was_ever_published":false,"_jetpack_newsletter_access":"","_jetpack_dont_email_post_to_subs":false,"_jetpack_newsletter_tier_id":0,"_jetpack_memberships_contains_paywalled_content":false,"_jetpack_memberships_contains_paid_content":false,"footnotes":"","jetpack_publicize_message":"","jetpack_publicize_feature_enabled":true,"jetpack_social_post_already_shared":true,"jetpack_social_options":{"image_generator_settings":{"template":"highway","default_image_id":0,"font":"","enabled":false},"version":2}},"categories":[10],"tags":[],"class_list":["post-7679","post","type-post","status-publish","format-standard","has-post-thumbnail","","category-maroc"],"jetpack_publicize_connections":[],"jetpack_featured_media_url":"https:\/\/i0.wp.com\/amadalamazigh.press.ma\/fr\/wp-content\/uploads\/2026\/03\/USTOA1.jpg?fit=1500%2C1000&ssl=1","jetpack_shortlink":"https:\/\/wp.me\/p9uxE2-1ZR","jetpack_sharing_enabled":true,"_links":{"self":[{"href":"https:\/\/amadalamazigh.press.ma\/fr\/wp-json\/wp\/v2\/posts\/7679","targetHints":{"allow":["GET"]}}],"collection":[{"href":"https:\/\/amadalamazigh.press.ma\/fr\/wp-json\/wp\/v2\/posts"}],"about":[{"href":"https:\/\/amadalamazigh.press.ma\/fr\/wp-json\/wp\/v2\/types\/post"}],"author":[{"embeddable":true,"href":"https:\/\/amadalamazigh.press.ma\/fr\/wp-json\/wp\/v2\/users\/2"}],"replies":[{"embeddable":true,"href":"https:\/\/amadalamazigh.press.ma\/fr\/wp-json\/wp\/v2\/comments?post=7679"}],"version-history":[{"count":1,"href":"https:\/\/amadalamazigh.press.ma\/fr\/wp-json\/wp\/v2\/posts\/7679\/revisions"}],"predecessor-version":[{"id":7682,"href":"https:\/\/amadalamazigh.press.ma\/fr\/wp-json\/wp\/v2\/posts\/7679\/revisions\/7682"}],"wp:featuredmedia":[{"embeddable":true,"href":"https:\/\/amadalamazigh.press.ma\/fr\/wp-json\/wp\/v2\/media\/7681"}],"wp:attachment":[{"href":"https:\/\/amadalamazigh.press.ma\/fr\/wp-json\/wp\/v2\/media?parent=7679"}],"wp:term":[{"taxonomy":"category","embeddable":true,"href":"https:\/\/amadalamazigh.press.ma\/fr\/wp-json\/wp\/v2\/categories?post=7679"},{"taxonomy":"post_tag","embeddable":true,"href":"https:\/\/amadalamazigh.press.ma\/fr\/wp-json\/wp\/v2\/tags?post=7679"}],"curies":[{"name":"wp","href":"https:\/\/api.w.org\/{rel}","templated":true}]}}