{"id":7712,"date":"2026-04-06T19:26:45","date_gmt":"2026-04-06T18:26:45","guid":{"rendered":"https:\/\/amadalamazigh.press.ma\/fr\/?p=7712"},"modified":"2026-04-06T19:26:45","modified_gmt":"2026-04-06T18:26:45","slug":"la-richesse-de-larcheologie-africaine-en-discussion-au-centre-culturel-iklyle-rabat","status":"publish","type":"post","link":"https:\/\/amadalamazigh.press.ma\/fr\/la-richesse-de-larcheologie-africaine-en-discussion-au-centre-culturel-iklyle-rabat\/","title":{"rendered":"La richesse de l&rsquo;arch\u00e9ologie africaine en discussion au centre culturel \u00ab\u00a0IKLYLE Rabat\u00a0\u00bb"},"content":{"rendered":"<p><img data-recalc-dims=\"1\" loading=\"lazy\" decoding=\"async\" class=\"size-medium wp-image-7713 alignright\" src=\"https:\/\/i0.wp.com\/amadalamazigh.press.ma\/fr\/wp-content\/uploads\/2026\/04\/20260403_153035.jpg?resize=446%2C250&#038;ssl=1\" alt=\"\" width=\"446\" height=\"250\" srcset=\"https:\/\/i0.wp.com\/amadalamazigh.press.ma\/fr\/wp-content\/uploads\/2026\/04\/20260403_153035-scaled.jpg?resize=446%2C250&amp;ssl=1 446w, https:\/\/i0.wp.com\/amadalamazigh.press.ma\/fr\/wp-content\/uploads\/2026\/04\/20260403_153035-scaled.jpg?resize=1024%2C574&amp;ssl=1 1024w, https:\/\/i0.wp.com\/amadalamazigh.press.ma\/fr\/wp-content\/uploads\/2026\/04\/20260403_153035-scaled.jpg?resize=1536%2C861&amp;ssl=1 1536w, https:\/\/i0.wp.com\/amadalamazigh.press.ma\/fr\/wp-content\/uploads\/2026\/04\/20260403_153035-scaled.jpg?resize=2048%2C1148&amp;ssl=1 2048w, https:\/\/i0.wp.com\/amadalamazigh.press.ma\/fr\/wp-content\/uploads\/2026\/04\/20260403_153035-scaled.jpg?w=1236&amp;ssl=1 1236w, https:\/\/i0.wp.com\/amadalamazigh.press.ma\/fr\/wp-content\/uploads\/2026\/04\/20260403_153035-scaled.jpg?w=1854&amp;ssl=1 1854w\" sizes=\"auto, (max-width: 446px) 100vw, 446px\" \/>Le centre culturel \u00ab\u00a0IKLYLE- Rabat\u00a0\u00bb, relevant de la Fondation Mohammed VI de Promotion des \u0152uvres Sociales de l\u2019\u00c9ducation-Formation, a organis\u00e9 le vendredi 03 Avril 2026, en partenariat avec l&rsquo;Institut National des Sciences de l&rsquo;Arch\u00e9ologie et du Patrimoine (INSAP), relevant du Minist\u00e8re de la Jeunesse, de la Culture et de la Communication, une conf\u00e9rence scientifique et culturelle sous le th\u00e8me \u00ab L&rsquo;Afrique cont\u00e9e par l&rsquo;arch\u00e9ologie\u00bb, articul\u00e9e autour de plusieurs panels. Cette manifestation contribue \u00e0 la valorisation de la richesse et de la diversit\u00e9 du patrimoine arch\u00e9ologique africain, v\u00e9ritable pilier pour comprendre l&rsquo;histoire de l&rsquo;humanit\u00e9 et l\u2019\u00e9volution des civilisations.<\/p>\n<p>Cette rencontre a eu pour objet d\u2019ouvrir un d\u00e9bat scientifique et rigoureux sur l&rsquo;authenticit\u00e9 et l&rsquo;int\u00e9grit\u00e9 du patrimoine arch\u00e9ologique africain, compte tenu des sp\u00e9cificit\u00e9s culturelles et g\u00e9ographiques des diff\u00e9rentes r\u00e9gions du continent. Elle a ambitionn\u00e9 \u00e9galement d&rsquo;identifier les diff\u00e9rents acteurs impliqu\u00e9s dans la protection du patrimoine et de mettre en lumi\u00e8re les d\u00e9fis et contraintes auxquels se heurtent les actions de sauvegarde et de valorisation.<\/p>\n<p>La rencontre mod\u00e9r\u00e9e par Mme Houda OUDOUCHE, arch\u00e9ologue, mus\u00e9ologue et ma\u00eetre de conf\u00e9rences \u00e0 l&rsquo;INSAP, a compt\u00e9 avec la participation de : M. Abdeljalil BOU1OUGAR, Directeur de l\u2019Institut National des SCiences de l&rsquo;Arch\u00e9ologie et du Patrimoine (INSAP) qui a abord\u00e9 \u00ab La valeur universelle de l&rsquo;arch\u00e9ologie africaine \u00bb, M. Abderrahim MOHIB, conservateur des monuments et sites et arch\u00e9ologue au Minist\u00e8re de la Culture, qui a trait\u00e9 de th\u00e8me \u00ab Aux origines d&rsquo;homo sapiens et les apports des sites de Casablanca \u00bb, et M. Abdelaziz EL IDRISSI, Chef du D\u00e9partement des Mus\u00e9es \u00e0 la Fondation Nationale des Mus\u00e9es (FNM), qui a parl\u00e9 de : \u00ab Un mus\u00e9e pour l&rsquo;Afrique \u00e0 Rabat : patrimoine partag\u00e9 et ambition panafricaine \u00bb.<\/p>\n<p>L&rsquo;organisation de cette conf\u00e9rence par le Centre \u00ab\u00a0IKLYLE-Rabat\u00a0\u00bb t\u00e9moigne de son engagement \u00e0 sensibiliser aux enjeux du continent africain et \u00e0 valoriser son identit\u00e9 culturelle, en partageant savoirs et connaissances de mani\u00e8re cr\u00e9ative et accessible aupr\u00e8s du grand public<\/p>\n","protected":false},"excerpt":{"rendered":"<p>Le centre culturel \u00ab\u00a0IKLYLE- Rabat\u00a0\u00bb, relevant de la Fondation Mohammed VI de Promotion des \u0152uvres Sociales de l\u2019\u00c9ducation-Formation, a organis\u00e9 le vendredi 03 Avril 2026, en partenariat avec l&rsquo;Institut National des Sciences de l&rsquo;Arch\u00e9ologie et du Patrimoine (INSAP), relevant du Minist\u00e8re de la Jeunesse, de la Culture et de la Communication, une conf\u00e9rence scientifique et &hellip;<\/p>\n","protected":false},"author":2,"featured_media":7713,"comment_status":"open","ping_status":"closed","sticky":false,"template":"","format":"standard","meta":{"jetpack_post_was_ever_published":false,"_jetpack_newsletter_access":"","_jetpack_dont_email_post_to_subs":false,"_jetpack_newsletter_tier_id":0,"_jetpack_memberships_contains_paywalled_content":false,"_jetpack_memberships_contains_paid_content":false,"footnotes":"","jetpack_publicize_message":"","jetpack_publicize_feature_enabled":true,"jetpack_social_post_already_shared":true,"jetpack_social_options":{"image_generator_settings":{"template":"highway","default_image_id":0,"font":"","enabled":false},"version":2}},"categories":[10],"tags":[],"class_list":["post-7712","post","type-post","status-publish","format-standard","has-post-thumbnail","","category-maroc"],"jetpack_publicize_connections":[],"jetpack_featured_media_url":"https:\/\/i0.wp.com\/amadalamazigh.press.ma\/fr\/wp-content\/uploads\/2026\/04\/20260403_153035-scaled.jpg?fit=2560%2C1435&ssl=1","jetpack_shortlink":"https:\/\/wp.me\/p9uxE2-20o","jetpack_sharing_enabled":true,"_links":{"self":[{"href":"https:\/\/amadalamazigh.press.ma\/fr\/wp-json\/wp\/v2\/posts\/7712","targetHints":{"allow":["GET"]}}],"collection":[{"href":"https:\/\/amadalamazigh.press.ma\/fr\/wp-json\/wp\/v2\/posts"}],"about":[{"href":"https:\/\/amadalamazigh.press.ma\/fr\/wp-json\/wp\/v2\/types\/post"}],"author":[{"embeddable":true,"href":"https:\/\/amadalamazigh.press.ma\/fr\/wp-json\/wp\/v2\/users\/2"}],"replies":[{"embeddable":true,"href":"https:\/\/amadalamazigh.press.ma\/fr\/wp-json\/wp\/v2\/comments?post=7712"}],"version-history":[{"count":1,"href":"https:\/\/amadalamazigh.press.ma\/fr\/wp-json\/wp\/v2\/posts\/7712\/revisions"}],"predecessor-version":[{"id":7714,"href":"https:\/\/amadalamazigh.press.ma\/fr\/wp-json\/wp\/v2\/posts\/7712\/revisions\/7714"}],"wp:featuredmedia":[{"embeddable":true,"href":"https:\/\/amadalamazigh.press.ma\/fr\/wp-json\/wp\/v2\/media\/7713"}],"wp:attachment":[{"href":"https:\/\/amadalamazigh.press.ma\/fr\/wp-json\/wp\/v2\/media?parent=7712"}],"wp:term":[{"taxonomy":"category","embeddable":true,"href":"https:\/\/amadalamazigh.press.ma\/fr\/wp-json\/wp\/v2\/categories?post=7712"},{"taxonomy":"post_tag","embeddable":true,"href":"https:\/\/amadalamazigh.press.ma\/fr\/wp-json\/wp\/v2\/tags?post=7712"}],"curies":[{"name":"wp","href":"https:\/\/api.w.org\/{rel}","templated":true}]}}