{"id":7810,"date":"2026-05-01T16:02:27","date_gmt":"2026-05-01T15:02:27","guid":{"rendered":"https:\/\/amadalamazigh.press.ma\/fr\/?p=7810"},"modified":"2026-05-01T16:05:29","modified_gmt":"2026-05-01T15:05:29","slug":"les-amazighs-demandent-a-lunion-europeenne-la-suspension-de-son-accord-dassociation-avec-lalgerie","status":"publish","type":"post","link":"https:\/\/amadalamazigh.press.ma\/fr\/les-amazighs-demandent-a-lunion-europeenne-la-suspension-de-son-accord-dassociation-avec-lalgerie\/","title":{"rendered":"Les Amazighs demandent \u00e0 l&rsquo;Union Europ\u00e9enne la suspension de son accord d&rsquo;association avec l&rsquo;Alg\u00e9rie"},"content":{"rendered":"<p><img data-recalc-dims=\"1\" loading=\"lazy\" decoding=\"async\" class=\"aligncenter wp-image-7813 size-full\" src=\"https:\/\/i0.wp.com\/amadalamazigh.press.ma\/fr\/wp-content\/uploads\/2026\/05\/IMG-20250712-WA0001.jpg?resize=618%2C411&#038;ssl=1\" alt=\"\" width=\"618\" height=\"411\" srcset=\"https:\/\/i0.wp.com\/amadalamazigh.press.ma\/fr\/wp-content\/uploads\/2026\/05\/IMG-20250712-WA0001.jpg?w=800&amp;ssl=1 800w, https:\/\/i0.wp.com\/amadalamazigh.press.ma\/fr\/wp-content\/uploads\/2026\/05\/IMG-20250712-WA0001.jpg?resize=376%2C250&amp;ssl=1 376w, https:\/\/i0.wp.com\/amadalamazigh.press.ma\/fr\/wp-content\/uploads\/2026\/05\/IMG-20250712-WA0001.jpg?resize=310%2C205&amp;ssl=1 310w\" sizes=\"auto, (max-width: 618px) 100vw, 618px\" \/><\/p>\n<p>Excellences,<\/p>\n<ul>\n<li>M. Ant\u00f3nio Costa, pr\u00e9sident du Conseil europ\u00e9en<\/li>\n<li>Mme. Ursula von der Leyen, pr\u00e9sidente de la Commission\u00a0europ\u00e9enne<\/li>\n<li>M.\u00a0Nikos\u00a0Christodoulides, pr\u00e9sident du Conseil de l&rsquo;Union europ\u00e9enne (UE)<\/li>\n<li>Mme. Roberta Metsola, pr\u00e9sidente du Parlement europ\u00e9en<\/li>\n<li>Mme.\u00a0Kaja Kallas, Haut repr\u00e9sentante de l&rsquo;Union\u00a0europ\u00e9enne pour les affaires \u00e9trang\u00e8res et la politique de s\u00e9curit\u00e9 et Vice-pr\u00e9sident de la Commission\u00a0europ\u00e9enne<\/li>\n<li>&amp;\u00a0Mesdames et Messieurs\u00a0Eurod\u00e9put\u00e9-e-s du Parlement Europ\u00e9en,<\/li>\n<\/ul>\n<p>Objet\u00a0:<b>\u00a0respect des droits de l\u2019Homme et l&rsquo;accord d&rsquo;association UE-Alg\u00e9rie<\/b><\/p>\n<p>Excellences,<\/p>\n<p>\u00c0 l\u2019occasion du 46\u1d49 anniversaire du \u00ab Printemps berb\u00e8re \u00bb et du 25\u1d49 du \u00ab Printemps noir \u00bb, c\u00e9l\u00e9br\u00e9s le 20 avril dernier, permettez-moi d\u2019attirer solennellement votre attention sur le devenir des relations entre l\u2019Alg\u00e9rie et l\u2019Union europ\u00e9enne, et d\u2019\u00e9voquer la possibilit\u00e9 de d\u00e9battre d\u2019une suspension, m\u00eame partielle, de l\u2019accord d\u2019association UE\u2013Alg\u00e9rie. Pourquoi ?<\/p>\n<p>Premi\u00e8rement, l\u2019actuel pr\u00e9sident et les g\u00e9n\u00e9raux alg\u00e9riens, qui d\u00e9tiennent le v\u00e9ritable pouvoir, ne respectent gu\u00e8re l\u2019esprit de l\u2019accord d\u2019association de l\u2019Alg\u00e9rie avec l\u2019Union europ\u00e9enne, issu du processus de Barcelone de novembre 1995, sign\u00e9 \u00e0 Valence le 22 avril 2002 et entr\u00e9 en vigueur le 1\u1d49\u02b3 septembre 2005. Par cons\u00e9quent, ils violent clairement le premier article de cet accord, qui \u00e9nonce explicitement : \u00ab\u00a0<i>l\u2019encouragement de l\u2019int\u00e9gration maghr\u00e9bine en favorisant les \u00e9changes et la coop\u00e9ration au sein de l\u2019ensemble maghr\u00e9bin et entre celui-ci et la Communaut\u00e9 europ\u00e9enne et ses \u00c9tats membres<\/i>\u00a0\u00bb [1].<\/p>\n<p>Deuxi\u00e8mement, le gouvernement alg\u00e9rien viole \u00e9galement l\u2019article 2 de l\u2019accord d\u2019association, o\u00f9 il est stipul\u00e9 clairement que :\u00a0\u00ab\u00a0<i>Le respect des principes d\u00e9mocratiques et des droits fondamentaux de l\u2019homme, tels qu\u2019\u00e9nonc\u00e9s dans la D\u00e9claration universelle des droits de l\u2019homme, inspire les politiques internes et internationales des parties et constitue un \u00e9l\u00e9ment essentiel du pr\u00e9sent accord<\/i> \u00bb.De ce fait, les responsables gouvernementaux alg\u00e9riens ne respectent plus les droits de l\u2019homme. Le Parlement europ\u00e9en a d\u00e9j\u00e0 adopt\u00e9 des r\u00e9solutions d\u00e9non\u00e7ant les atteintes \u00e0 la libert\u00e9 d\u2019expression et aux droits de l\u2019homme en Alg\u00e9rie [2], sans oublier de souligner que ces responsables pratiquent une politique institutionnalis\u00e9e d\u2019apartheid anti-amazigh, constituant une discrimination raciale \u00e0 l\u2019encontre des populations berb\u00e8res [3]. La comm\u00e9moration du \u00ab Printemps berb\u00e8re \u00bb est interdite depuis 2021, et lors des festivit\u00e9s du mois d\u2019avril, les autorit\u00e9s alg\u00e9riennes sont r\u00e9guli\u00e8rement mises en cause pour des atteintes aux libert\u00e9s publiques, au champ associatif et \u00e0 la libert\u00e9 d\u2019expression. Elles ont interdit la vente-d\u00e9dicace du livre <i>Les identit\u00e9s rebelles<\/i>\u00a0de la sociologue Fatma Oussedik. Selon l\u2019ONG de d\u00e9fense des droits de l\u2019homme \u00ab Riposte Internationale \u00bb, cette interdiction ne repose sur aucun fondement juridique et constitue une violation manifeste des principes fondamentaux du droit ainsi que de la Constitution du pays (notamment ses articles 51, 52, 53, 54, 55, 74, 75 et 76) [4]. Les autorit\u00e9s viennent par ailleurs de condamner le romancier franco-alg\u00e9rien Kamel Daoud \u00e0 trois ans de prison ferme et r\u00e9clament cinq ans de prison contre la militante pacifiste Wafia Tidjani, incarc\u00e9r\u00e9e depuis le 4 mars 2025\u2026<\/p>\n<p>Troisi\u00e8mement, les g\u00e9n\u00e9raux alg\u00e9riens et leur \u00ab pr\u00e9sident \u00bb ill\u00e9gitime interviennent et s\u2019ing\u00e8rent dans les affaires int\u00e9rieures des pays d\u2019Afrique du Nord et de l\u2019Union europ\u00e9enne, portant ainsi atteinte \u00e0 la notion de \u00ab\u00a0<i>pleine et enti\u00e8re souverainet\u00e9 des \u00c9tats<\/i>\u00a0\u00bb. Ils ont notamment \u00e9t\u00e9 accus\u00e9s d\u2019ing\u00e9rence dans les affaires internes de certains \u00c9tats, en cr\u00e9ant une formation politique \u00e0 vocation s\u00e9paratiste et terroriste au Royaume de Belgique [5], ainsi que dans les affaires internes du Mali, contribuant \u00e0 sa d\u00e9stabilisation.<\/p>\n<p>Quatri\u00e8mement, l\u2019Alg\u00e9rie pratique ce qui peut \u00eatre qualifi\u00e9 de \u00ab terrorisme d\u2019\u00c9tat \u00bb et recourt \u00e0 la violence et \u00e0 la terreur comme mode de gouvernance. La r\u00e9cente visite du pape L\u00e9on XIV en Alg\u00e9rie ne saurait en aucun cas faire oublier le macabre assassinat des sept moines fran\u00e7ais de Tibhirine [6], ainsi que l\u2019enl\u00e8vement d\u2019otages europ\u00e9ens tels que Pierre Camatte, Michel Germaneau, Antoine de L\u00e9ocour, Vincent Delory, Pierre Legrand, Fran\u00e7oise Larribe, Daniel Larribe, Thierry Dol, Marc F\u00e9ret, Serge Lazarevic, Philippe Verdon, Ghislaine Dupont, Claude Verlon et Olivier Dubois\u2026 Malheureusement, certains de ces otages ont \u00e9t\u00e9 l\u00e2chement ex\u00e9cut\u00e9s\u2026<\/p>\n<p>Tous sont des victimes du groupe terroriste Al-Qa\u00efda au Maghreb islamique (AQMI), que la DRS alg\u00e9rienne aurait contribu\u00e9 \u00e0 cr\u00e9er selon l\u2019\u00e9tude de Fran\u00e7ois G\u00e8ze et Salima Mellah [7]. Les services de renseignement militaire alg\u00e9riens continueraient, sans aucun doute, de manipuler le chef salafiste touareg Iyad Ag Ghali, qui a eu le privil\u00e8ge de rebaptiser AQMI en \u00ab Jama\u2019at Nusrat al-Islam wal-Muslimin \u00bb (GSIM ou JNIM), groupe qui vient d\u2019attaquer plusieurs villes maliennes et d\u2019imposer un blocus sur la capitale Bamako. Les groupes djihadistes, avec la complicit\u00e9 pr\u00e9sum\u00e9e des services secrets alg\u00e9riens, seraient ainsi en voie de s\u2019emparer du pouvoir au Mali, ouvrant la perspective d\u2019un nouveau \u00ab Afghanistan \u00bb aux portes de l\u2019Europe.<\/p>\n<p>R\u00e9cemment et en ce mois d\u2019avril 2026, la justice fran\u00e7aise a eu le courage d\u2019inclure l&rsquo;Alg\u00e9rie dans des enqu\u00eates pour \u00ab\u00a0terrorisme d&rsquo;\u00c9tat\u00a0\u00bb. Cette proc\u00e9dure concerne des actions ciblant des opposants sur le sol fran\u00e7ais, en l\u2019occurrence l\u2019opposant Amir\u00a0\u00a0Dz<b>\u00a0\u00a0<\/b>ou Amir Boukhors<b>\u00a0<\/b>et<b>\u00a0<\/b>o\u00f9 un agent consulaire alg\u00e9rien est impliqu\u00e9 et accus\u00e9<b>\u00a0<\/b>par\u00a0<b>l<\/b>e Parquet National Antiterroriste (PNAT) fran\u00e7ais. De m\u00eame, un autre acte de \u00ab\u00a0terrorisme d&rsquo;\u00c9tat\u00a0\u00bb commis par les services de renseignements alg\u00e9riens concerne l&rsquo;enl\u00e8vement du journaliste et opposant alg\u00e9rien Hichem Aboud, survenue en octobre 2024 \u00e0 Barcelone en Espagne, et lib\u00e9r\u00e9 par miracle les agents de la Guadia Civil \u00e0 Lebrija&#8230;<\/p>\n<p>Cinqui\u00e8mement, du fait que les autorit\u00e9s alg\u00e9riennes sont obs\u00e9d\u00e9es par leurs pratiques autoritaires, elles encouragent l\u2019\u00e9migration clandestine de leur jeunesse vers les c\u00f4tes europ\u00e9ennes, un ph\u00e9nom\u00e8ne qui ne cesse de s\u2019amplifier. R\u00e9cemment, les c\u00f4tes espagnoles ne cessent de recevoir des embarcations de \u00abharragas\u00bb. Avec la d\u00e9stabilisation des \u00c9tats du Sahel et le risque de guerre civile au Mali entre djihadistes et rebelles azawadiennes la\u00efques [8], les flux migratoires devraient encore s\u2019accro\u00eetre. D\u00e9j\u00e0, les \u00eeles Canaries continuent de recevoir des vagues de migrants fuyant le Mali et d\u2019autres pays du Sahel.<\/p>\n<p>En d\u00e9finitive, si vous souhaitez r\u00e9ellement aider l\u2019Alg\u00e9rie, &#8211; et plus largement les pays d\u2019Afrique du Nord, avec lesquels vos \u00c9tats partagent de profonds int\u00e9r\u00eats \u00e9conomiques et un destin intimement li\u00e9 \u00e0 celui de l\u2019Europe-, il convient d\u2019appeler ces hauts grad\u00e9s alg\u00e9riens \u00e0 la responsabilit\u00e9.<\/p>\n<p>Il est n\u00e9cessaire d\u2019exiger des g\u00e9n\u00e9raux alg\u00e9riens la lib\u00e9ration imm\u00e9diate et sans conditions de tous les d\u00e9tenus politiques, ainsi que la fin de toutes les formes d\u2019intimidation, de harc\u00e8lement judiciaire, de criminalisation, d\u2019arrestations ou de d\u00e9tentions arbitraires \u00e0 l\u2019encontre des journalistes, blogueurs, d\u00e9fenseurs des droits de l\u2019homme, avocats, manifestants et militants amazighs. Il convient \u00e9galement de leur rappeler que le respect des principes d\u00e9mocratiques et des droits fondamentaux consacr\u00e9s par la D\u00e9claration universelle des droits de l\u2019homme constitue une clause essentielle de l\u2019accord d\u2019association UE\u2013Alg\u00e9rie.<\/p>\n<p>Il est \u00e9galement n\u00e9cessaire de leur exiger de garantir une v\u00e9ritable reddition de comptes et un contr\u00f4le d\u00e9mocratique, notamment la subordination effective des forces arm\u00e9es \u00e0 une autorit\u00e9 civile l\u00e9galement et d\u00e9mocratiquement constitu\u00e9e, et de veiller \u00e0 ce que le r\u00f4le de l\u2019arm\u00e9e, tel que d\u00e9fini dans la Constitution, soit strictement limit\u00e9 aux questions de d\u00e9fense nationale et des fronti\u00e8res terrestres.<\/p>\n<p>Dans l\u2019attente d\u2019un examen attentif de ces l\u00e9gitimes requ\u00eates, et au cas o\u00f9 les autorit\u00e9s alg\u00e9riennes ne r\u00e9pondent pas favorablement, il faudrait les brandir un\u00a0<i>carton rouge<\/i>, c&rsquo;est-\u00e0-dire la suspension de l\u2019accord d\u2019association UE\u2013Alg\u00e9rie.<\/p>\n<p>Je vous prie d\u2019agr\u00e9er, Excellences, l\u2019expression de ma tr\u00e8s haute consid\u00e9ration.<\/p>\n<p style=\"text-align: center;\"><strong>\u00a0Par Rachid RAHA, Pr\u00e9sident de l\u2019Assembl\u00e9e Mondiale Amazighe<\/strong><\/p>\n<p><strong>Notes<\/strong>\u00a0:<\/p>\n[1]-\u00a0<a href=\"https:\/\/amamazigh.org\/2026\/02\/demande-de-dissolution-de-lunion-du-maghreb-arabe-uma-et-proposition-de-creation-de-lunion-de-tamazgha\/\" target=\"_blank\" rel=\"nofollow noopener noreferrer\" data-saferedirecturl=\"https:\/\/www.google.com\/url?q=https:\/\/amamazigh.org\/2026\/02\/demande-de-dissolution-de-lunion-du-maghreb-arabe-uma-et-proposition-de-creation-de-lunion-de-tamazgha\/&amp;source=gmail&amp;ust=1777661618179000&amp;usg=AOvVaw2y0tSOLCMTYkues_snRVZ4\">https:\/\/amamazigh.org\/2026\/02\/<wbr \/>demande-de-dissolution-de-<wbr \/>lunion-du-maghreb-arabe-uma-<wbr \/>et-proposition-de-creation-de-<wbr \/>lunion-de-tamazgha\/<\/a><\/p>\n[2]-\u00a0<a href=\"https:\/\/www.europarl.europa.eu\/doceo\/document\/RC-9-2023-0242_FR.pdf\" target=\"_blank\" rel=\"nofollow noopener noreferrer\" data-saferedirecturl=\"https:\/\/www.google.com\/url?q=https:\/\/www.europarl.europa.eu\/doceo\/document\/RC-9-2023-0242_FR.pdf&amp;source=gmail&amp;ust=1777661618179000&amp;usg=AOvVaw2N3emjZjikim7Q_TmZjioF\">https:\/\/www.europarl.europa.<wbr \/>eu\/doceo\/document\/RC-9-2023-<wbr \/>0242_FR.pdf<\/a><\/p>\n[3]-\u00a0<a href=\"https:\/\/horizons.ma\/lalgerie-pratique-t-elle-un-apartheid-anti-amazigh\/\" target=\"_blank\" rel=\"nofollow noopener noreferrer\" data-saferedirecturl=\"https:\/\/www.google.com\/url?q=https:\/\/horizons.ma\/lalgerie-pratique-t-elle-un-apartheid-anti-amazigh\/&amp;source=gmail&amp;ust=1777661618179000&amp;usg=AOvVaw1oG7vHGwBCS0xT6an0LQ51\">https:\/\/horizons.ma\/lalgerie-<wbr \/>pratique-t-elle-un-apartheid-<wbr \/>anti-amazigh\/<\/a><\/p>\n[4]-\u00a0<a href=\"https:\/\/amadalamazigh.press.ma\/fr\/halte-a-la-censure-solidarite-avec-fatma-oussedik-les-editions-koukou-et-la-librairie-des-beaux-arts-dalger\/\" target=\"_blank\" rel=\"nofollow noopener noreferrer\" data-saferedirecturl=\"https:\/\/www.google.com\/url?q=https:\/\/amadalamazigh.press.ma\/fr\/halte-a-la-censure-solidarite-avec-fatma-oussedik-les-editions-koukou-et-la-librairie-des-beaux-arts-dalger\/&amp;source=gmail&amp;ust=1777661618179000&amp;usg=AOvVaw3F0KEDcLpTdh48bxh1IFQ6\">https:\/\/amadalamazigh.press.<wbr \/>ma\/fr\/halte-a-la-censure-<wbr \/>solidarite-avec-fatma-<wbr \/>oussedik-les-editions-koukou-<wbr \/>et-la-librairie-des-beaux-<wbr \/>arts-dalger\/<\/a><\/p>\n[5]-\u00a0<a href=\"https:\/\/amadalamazigh.press.ma\/fr\/comment-lalgerie-continue-de-bloquer-lunion-du-maghreb-et-de-destabiliser-lunion-europeenne\/\" target=\"_blank\" rel=\"nofollow noopener noreferrer\" data-saferedirecturl=\"https:\/\/www.google.com\/url?q=https:\/\/amadalamazigh.press.ma\/fr\/comment-lalgerie-continue-de-bloquer-lunion-du-maghreb-et-de-destabiliser-lunion-europeenne\/&amp;source=gmail&amp;ust=1777661618179000&amp;usg=AOvVaw03Dnc-9yR-cwcZD9t7Ew76\">https:\/\/amadalamazigh.press.<wbr \/>ma\/fr\/comment-lalgerie-<wbr \/>continue-de-bloquer-lunion-du-<wbr \/>maghreb-et-de-destabiliser-<wbr \/>lunion-europeenne\/<\/a><\/p>\n[6]-<a href=\"https:\/\/www.atalayar.com\/fr\/articulo\/politique\/algerie-france-sacrifie-moines-tibhirine-sur-l-autel-d-une-amitie-turbulente\/20230831091855190198.html\" target=\"_blank\" rel=\"nofollow noopener noreferrer\" data-saferedirecturl=\"https:\/\/www.google.com\/url?q=https:\/\/www.atalayar.com\/fr\/articulo\/politique\/algerie-france-sacrifie-moines-tibhirine-sur-l-autel-d-une-amitie-turbulente\/20230831091855190198.html&amp;source=gmail&amp;ust=1777661618179000&amp;usg=AOvVaw3qP35VFvMJ2ygSL5B4PY3r\">https:\/\/www.atalayar.com\/<wbr \/>fr\/articulo\/politique\/algerie-<wbr \/>france-sacrifie-moines-<wbr \/>tibhirine-sur-l-autel-d-une-<wbr \/>amitie-turbulente\/<wbr \/>20230831091855190198.html<\/a><\/p>\n[7]-\u00a0<a href=\"http:\/\/www.algeria-watch.org\/fr\/aw\/gspc_etrange_histoire_intro.htm\" target=\"_blank\" rel=\"nofollow noopener noreferrer\" data-saferedirecturl=\"https:\/\/www.google.com\/url?q=http:\/\/www.algeria-watch.org\/fr\/aw\/gspc_etrange_histoire_intro.htm&amp;source=gmail&amp;ust=1777661618179000&amp;usg=AOvVaw16nvKstS_59zIQ7_M54aMt\">www.algeria-watch.org\/fr\/aw\/<wbr \/>gspc_etrange_histoire_intro.<wbr \/>htm<\/a><\/p>\n[8]-\u00a0<a href=\"https:\/\/amadalamazigh.press.ma\/fr\/lunion-europeenne-pourrait-il-sauver-les-hommes-bleus-de-sahara-du-genocide-russo-malien\/\" target=\"_blank\" rel=\"nofollow noopener noreferrer\" data-saferedirecturl=\"https:\/\/www.google.com\/url?q=https:\/\/amadalamazigh.press.ma\/fr\/lunion-europeenne-pourrait-il-sauver-les-hommes-bleus-de-sahara-du-genocide-russo-malien\/&amp;source=gmail&amp;ust=1777661618179000&amp;usg=AOvVaw2tN24pV8mM--Zvgf3zob0w\">https:\/\/amadalamazigh.press.<wbr \/>ma\/fr\/lunion-europeenne-<wbr \/>pourrait-il-sauver-les-hommes-<wbr \/>bleus-de-sahara-du-genocide-<wbr \/>russo-malien\/<\/a><\/p>\n","protected":false},"excerpt":{"rendered":"<p>Excellences, M. Ant\u00f3nio Costa, pr\u00e9sident du Conseil europ\u00e9en Mme. Ursula von der Leyen, pr\u00e9sidente de la Commission\u00a0europ\u00e9enne M.\u00a0Nikos\u00a0Christodoulides, pr\u00e9sident du Conseil de l&rsquo;Union europ\u00e9enne (UE) Mme. Roberta Metsola, pr\u00e9sidente du Parlement europ\u00e9en Mme.\u00a0Kaja Kallas, Haut repr\u00e9sentante de l&rsquo;Union\u00a0europ\u00e9enne pour les affaires \u00e9trang\u00e8res et la politique de s\u00e9curit\u00e9 et Vice-pr\u00e9sident de la Commission\u00a0europ\u00e9enne &amp;\u00a0Mesdames et Messieurs\u00a0Eurod\u00e9put\u00e9-e-s &hellip;<\/p>\n","protected":false},"author":2,"featured_media":7813,"comment_status":"open","ping_status":"closed","sticky":false,"template":"","format":"standard","meta":{"jetpack_post_was_ever_published":false,"_jetpack_newsletter_access":"","_jetpack_dont_email_post_to_subs":false,"_jetpack_newsletter_tier_id":0,"_jetpack_memberships_contains_paywalled_content":false,"_jetpack_memberships_contains_paid_content":false,"footnotes":"","jetpack_publicize_message":"","jetpack_publicize_feature_enabled":true,"jetpack_social_post_already_shared":true,"jetpack_social_options":{"image_generator_settings":{"template":"highway","default_image_id":0,"font":"","enabled":false},"version":2}},"categories":[19],"tags":[],"class_list":["post-7810","post","type-post","status-publish","format-standard","has-post-thumbnail","","category-monde-amazigh"],"jetpack_publicize_connections":[],"jetpack_featured_media_url":"https:\/\/i0.wp.com\/amadalamazigh.press.ma\/fr\/wp-content\/uploads\/2026\/05\/IMG-20250712-WA0001.jpg?fit=800%2C532&ssl=1","jetpack_shortlink":"https:\/\/wp.me\/p9uxE2-21Y","jetpack_sharing_enabled":true,"_links":{"self":[{"href":"https:\/\/amadalamazigh.press.ma\/fr\/wp-json\/wp\/v2\/posts\/7810","targetHints":{"allow":["GET"]}}],"collection":[{"href":"https:\/\/amadalamazigh.press.ma\/fr\/wp-json\/wp\/v2\/posts"}],"about":[{"href":"https:\/\/amadalamazigh.press.ma\/fr\/wp-json\/wp\/v2\/types\/post"}],"author":[{"embeddable":true,"href":"https:\/\/amadalamazigh.press.ma\/fr\/wp-json\/wp\/v2\/users\/2"}],"replies":[{"embeddable":true,"href":"https:\/\/amadalamazigh.press.ma\/fr\/wp-json\/wp\/v2\/comments?post=7810"}],"version-history":[{"count":2,"href":"https:\/\/amadalamazigh.press.ma\/fr\/wp-json\/wp\/v2\/posts\/7810\/revisions"}],"predecessor-version":[{"id":7814,"href":"https:\/\/amadalamazigh.press.ma\/fr\/wp-json\/wp\/v2\/posts\/7810\/revisions\/7814"}],"wp:featuredmedia":[{"embeddable":true,"href":"https:\/\/amadalamazigh.press.ma\/fr\/wp-json\/wp\/v2\/media\/7813"}],"wp:attachment":[{"href":"https:\/\/amadalamazigh.press.ma\/fr\/wp-json\/wp\/v2\/media?parent=7810"}],"wp:term":[{"taxonomy":"category","embeddable":true,"href":"https:\/\/amadalamazigh.press.ma\/fr\/wp-json\/wp\/v2\/categories?post=7810"},{"taxonomy":"post_tag","embeddable":true,"href":"https:\/\/amadalamazigh.press.ma\/fr\/wp-json\/wp\/v2\/tags?post=7810"}],"curies":[{"name":"wp","href":"https:\/\/api.w.org\/{rel}","templated":true}]}}