{"id":7815,"date":"2026-05-01T17:27:04","date_gmt":"2026-05-01T16:27:04","guid":{"rendered":"https:\/\/amadalamazigh.press.ma\/fr\/?p=7815"},"modified":"2026-05-01T17:27:04","modified_gmt":"2026-05-01T16:27:04","slug":"la-stabilite-du-mali-et-la-securite-du-sahel-sont-tributaires-de-lautonomie-ou-de-lindependance-de-lazawad","status":"publish","type":"post","link":"https:\/\/amadalamazigh.press.ma\/fr\/la-stabilite-du-mali-et-la-securite-du-sahel-sont-tributaires-de-lautonomie-ou-de-lindependance-de-lazawad\/","title":{"rendered":"La stabilit\u00e9 du Mali et la s\u00e9curit\u00e9 du Sahel sont tributaires de l\u2019autonomie ou de l\u2019ind\u00e9pendance de l\u2019Azawad"},"content":{"rendered":"<div class=\"gmail_attr\" dir=\"ltr\"><img data-recalc-dims=\"1\" loading=\"lazy\" decoding=\"async\" class=\"aligncenter wp-image-7817 size-large\" src=\"https:\/\/i0.wp.com\/amadalamazigh.press.ma\/fr\/wp-content\/uploads\/2026\/05\/Manif-20-avril-2025_Marrakech.jpg?resize=618%2C292&#038;ssl=1\" alt=\"\" width=\"618\" height=\"292\" srcset=\"https:\/\/i0.wp.com\/amadalamazigh.press.ma\/fr\/wp-content\/uploads\/2026\/05\/Manif-20-avril-2025_Marrakech.jpg?resize=1024%2C484&amp;ssl=1 1024w, https:\/\/i0.wp.com\/amadalamazigh.press.ma\/fr\/wp-content\/uploads\/2026\/05\/Manif-20-avril-2025_Marrakech.jpg?resize=450%2C213&amp;ssl=1 450w, https:\/\/i0.wp.com\/amadalamazigh.press.ma\/fr\/wp-content\/uploads\/2026\/05\/Manif-20-avril-2025_Marrakech.jpg?resize=1536%2C727&amp;ssl=1 1536w, https:\/\/i0.wp.com\/amadalamazigh.press.ma\/fr\/wp-content\/uploads\/2026\/05\/Manif-20-avril-2025_Marrakech.jpg?w=1600&amp;ssl=1 1600w, https:\/\/i0.wp.com\/amadalamazigh.press.ma\/fr\/wp-content\/uploads\/2026\/05\/Manif-20-avril-2025_Marrakech.jpg?w=1236&amp;ssl=1 1236w\" sizes=\"auto, (max-width: 618px) 100vw, 618px\" \/><\/div>\n<div dir=\"ltr\">Ce qui devait arriver est arriv\u00e9. Depuis des ann\u00e9es, notre organisation internationale de d\u00e9fense des droits des Amazighs (berb\u00e8res), l\u2019Assembl\u00e9e Mondiale Amazighe (AMA), ne cesse d\u2019alerter l\u2019opinion publique internationale, les institutions internationales et les \u00c9tats d\u2019Afrique du Nord du danger que constitue une alliance entre les groupes djihadistes et les mouvements de lib\u00e9ration de l\u2019Azawad.<\/div>\n<div>\n<div id=\"m_8701256342392541599m_-5469307216011735375ydp678a036yahoo_quoted_7732287915\">\n<div id=\"m_8701256342392541599m_-5469307216011735375ydp678a036yiv5961847014\">\n<div id=\"m_8701256342392541599m_-5469307216011735375ydp678a036yiv5961847014ydpc7a53ebayahoo_quoted_7923963762\">\n<div id=\"m_8701256342392541599m_-5469307216011735375ydp678a036yiv5961847014ydpc7a53ebayiv6521953669\">\n<div>\n<p>Permettez-nous de vous rappeler que l\u2019AMA a eu l\u2019opportunit\u00e9 d\u2019interpeller :<\/p>\n<ul type=\"disc\">\n<li>le Secr\u00e9taire g\u00e9n\u00e9ral des Nations unies, M. Antonio Guterres [1,2], respectivement en f\u00e9vrier 2017 et en novembre 2025 ;<\/li>\n<li>les pr\u00e9sidents fran\u00e7ais Fran\u00e7ois Hollande, en octobre 2012 avant l\u2019op\u00e9ration Serval de 2013 [3], et Emmanuel Macron [4] ;<\/li>\n<li>l\u2019Union europ\u00e9enne, par l\u2019interm\u00e9diaire de son chef de la diplomatie \u00e0 l\u2019\u00e9poque, M. Josep Borrell, en f\u00e9vrier 2024 [5] ;<\/li>\n<li>l\u2019Union africaine, sous la pr\u00e9sidence de M. Mohamed Ould Cheikh El-Ghazouani, en mai 2024 [6] ;<\/li>\n<li>les pr\u00e9sidents mauritanien Mohamed Ould Cheikh El-Ghazouani, russe Vladimir Poutine [7], turc Recep Tayyip Erdogan [8] et sud-africain Cyril Ramaphosa [9] ;<\/li>\n<li>les ministres des Affaires \u00e9trang\u00e8res de tous les pays d\u2019Afrique du Nord et du Sahel [10] ;<\/li>\n<li>le ministre des Affaires \u00e9trang\u00e8res d\u2019Espagne [11] ;<\/li>\n<\/ul>\n<p>ainsi que le ministre des Affaires \u00e9trang\u00e8res du Royaume du Maroc, et ce \u00e0 deux reprises [9,11].<\/p>\n<p>Malgr\u00e9 nos alertes et nos avertissements r\u00e9p\u00e9t\u00e9s, aucun de ces interlocuteurs n\u2019a r\u00e9pondu de mani\u00e8re positive ni substantielle \u00e0 nos l\u00e9gitimes et opportunes requ\u00eates visant \u00e0 faire leur possible pour \u00e9viter l\u2019alliance des salafistes djihadistes avec les rebelles autonomistes et la\u00efques touaregs et maures. Et aujourd\u2019hui, on s\u2019\u00e9tonne que tout le monde se pr\u00e9occupe et s\u2019inqui\u00e8te profond\u00e9ment du fait que le Mali pourrait basculer, \u00e0 tout moment, entre les mains d\u2019Al-Qa\u00efda.<\/p>\n<p>Ainsi, le chef de l\u2019ONU, M. Antonio Guterres, s\u2019est dit profond\u00e9ment pr\u00e9occup\u00e9 par les violences qui ont secou\u00e9 plusieurs localit\u00e9s du Mali. Il condamne fermement ces actes de violence, exprime sa solidarit\u00e9 avec le peuple malien et souligne la n\u00e9cessit\u00e9 de prot\u00e9ger les populations et les infrastructures civiles. Le Secr\u00e9taire g\u00e9n\u00e9ral appelle \u00e0 un soutien international coordonn\u00e9 pour faire face \u00e0 la menace croissante de l\u2019extr\u00e9misme violent et du terrorisme au Sahel, et pour r\u00e9pondre aux besoins humanitaires urgents.<\/p>\n<p>Quant \u00e0 l\u2019Union africaine, elle a, \u00e0 son tour, fermement condamn\u00e9 les attaques coordonn\u00e9es men\u00e9es par des groupes djihadistes et les rebelles nordistes contre plusieurs localit\u00e9s du Mali, exprimant sa solidarit\u00e9 avec les autorit\u00e9s de Bamako. Elle alerte sur les risques que ces offensives font peser sur les populations civiles, susceptibles d\u2019\u00eatre expos\u00e9es \u00e0 de graves dangers. Cette organisation continentale r\u00e9affirme \u00ab\u00a0<i>son engagement sans rel\u00e2che pour la paix, la s\u00e9curit\u00e9 et la stabilit\u00e9 au Mali<\/i>\u00a0\u00bb.<\/p>\n<p>L\u2019Union europ\u00e9enne, de m\u00eame, condamne fermement les attaques terroristes perp\u00e9tr\u00e9es le samedi 25 avril au Mali et exprime sa solidarit\u00e9 avec le peuple malien, dans un communiqu\u00e9 diffus\u00e9 dimanche par les services de sa cheffe de la diplomatie, Kaja Kallas. Cette derni\u00e8re a d\u00e9clar\u00e9 : \u00ab\u00a0<i>Nous r\u00e9affirmons notre d\u00e9termination dans la lutte contre le terrorisme, ainsi que notre engagement en faveur de la paix, de la s\u00e9curit\u00e9 et de la stabilit\u00e9 au Mali et dans l\u2019ensemble du Sahel<\/i>\u00a0\u00bb.<\/p>\n<p>Le ministre marocain Nasser Bourita \u2014 qui, lors de sa visite \u00e0 Bamako le 10 avril dernier, avait r\u00e9affirm\u00e9 le soutien ind\u00e9fectible du Maroc \u00e0 la souverainet\u00e9 et \u00e0 la stabilit\u00e9 du Mali \u2014 a, \u00e0 son tour, condamn\u00e9 fermement la mont\u00e9e du terrorisme. Il a d\u00e9nonc\u00e9 explicitement cette surprenante \u00ab connivence claire entre s\u00e9paratisme et terrorisme \u00bb, la qualifiant de danger majeur. Il a estim\u00e9 que le Sahel passe par une phase \u00ab tr\u00e8s critique \u00bb de son histoire, mettant en garde, \u00e0 cet \u00e9gard, contre cette \u00ab connivence claire entre s\u00e9paratisme et terrorisme \u00bb, en soulignant qu\u2019elle n\u00e9cessite une intervention de la part des acteurs directement concern\u00e9s, tant au niveau r\u00e9gional qu\u2019international.<\/p>\n<p>En conclusion, comme le proclame inlassablement l\u2019Assembl\u00e9e Mondiale Amazighe, la solution id\u00e9ale \u00e0 l\u2019ins\u00e9curit\u00e9 r\u00e9gnante au Mali et au Sahel ne saurait \u00eatre militaire, ni consister \u00e0 soutenir impun\u00e9ment et ind\u00e9finiment la junte putschiste, anti-d\u00e9mocratique et ill\u00e9gitime du Mali, tout en passant sous silence ses crimes contre l\u2019humanit\u00e9 commis contre les populations civiles, avec la complicit\u00e9 notoire des mercenaires russes et des drones turcs. En plus, les combattants touaregs ont bien r\u00e9ussi \u00e0 mettre en d\u00e9route ces soi-disant invincibles mercenaires de Wagner, que ce soit \u00e0 Tinzawat\u00e8ne en juillet 2024 que ce soit le samedi 25 avril \u00e0 la ville de Kidal\u00a0!<\/p>\n<p>Par cons\u00e9quent, ce qu\u2019il faut, c\u2019est opter et parier, une fois pour toutes, sur une r\u00e9solution fondamentalement politique : celle de l\u2019application de l\u2019article 3 de la \u00ab D\u00e9claration des Nations unies sur les droits des peuples autochtones \u00bb et l\u2019octroi d\u2019un statut d\u2019autonomie politique et territoriale \u00e0 l\u2019Azawad, soit dans le cadre d\u2019un \u00c9tat f\u00e9d\u00e9ral malien, \u00e0 l\u2019exemple du Kurdistan irakien, &#8211; et selon la proposition de notre pr\u00e9sident d\u2019honneur, Dr Mimoun Charqi [12], adress\u00e9e \u00e0 Romano Prodi, \u00e0 l\u2019image de la proposition marocaine de 2007 concernant le Sahara occidental, r\u00e9cemment confort\u00e9e par la r\u00e9solution 2797 du Conseil de s\u00e9curit\u00e9 de l\u2019ONU-; soit, carr\u00e9ment, la reconnaissance de l\u2019ind\u00e9pendance de l\u2019Azawad, revendiqu\u00e9e, l\u00e9gitimement, par le Front de lib\u00e9ration de l\u2019Azawad.<\/p>\n<p>En effet, le seul moyen de briser cette dangereuse \u00ab connivence claire entre s\u00e9paratisme et terrorisme \u00bb et cette alliance \u00ab de circonstance \u00bb comme le pr\u00e9cise fort bien Mohamed Elmaouloud Ramadane, porte-parole actuel du Front de lib\u00e9ration de l&rsquo;Azawad (FLA) [13], entre les groupes terroristes djihadistes et les rebelles s\u00e9paratistes azawadiens. Ces deux groupes ont des projets de soci\u00e9t\u00e9 diam\u00e9tralement oppos\u00e9s, et les salafistes du JNIM pourraient fort possible se retourner contre les combattants azawadiens s\u2019ils arrivent \u00e0 conqu\u00e9rir le pouvoir au sud du Mali.<\/p>\n<p>En d\u00e9finitive, selon notre point de vue, l\u2019un des moyens efficaces de faire face au danger du terrorisme djihadiste au Mali et au Sahel est de soutenir le Front de Lib\u00e9ration d\u2019Azawad \u00e0 la construction de son autonomie r\u00e9gionale dans le cadre d\u2019un Mali f\u00e9d\u00e9ral ou de son propre \u00e9tat ind\u00e9pendant, d\u00e9mocratique et la\u00efque. Ce qui assurerait, sans aucun doute, la s\u00e9curit\u00e9 des groupes ethniques (notamment Touar\u00e8gues, Maures, Peuls, Dogons, Toubous, Songha\u00efs,\u2026), le retour des centaines de milliers des r\u00e9fugi\u00e9s des camps mauritaniens, dont celui de Mbera, la prosp\u00e9rit\u00e9 et le bien-\u00eatre social de ces populations, et garantir le partage des ressources mini\u00e8res, encourager les prospections p\u00e9troli\u00e8res \u2026<\/p>\n<p style=\"text-align: center;\"><strong>Par: Rachid RAHA, Pr\u00e9sident de l\u2019Assembl\u00e9e Mondiale Amazighe<\/strong><\/p>\n<p><strong>Notes<\/strong>\u00a0:<\/p>\n[1]-\u00a0<a href=\"https:\/\/amadalamazigh.press.ma\/fr\/demande-a-lonu-dadopter-des-mesures-en-faveur-du-respect-des-droits-du-peuple-amazighe-dafrique-du-nord\/\" target=\"_blank\" rel=\"nofollow noopener noreferrer\" shape=\"rect\" data-saferedirecturl=\"https:\/\/www.google.com\/url?q=https:\/\/amadalamazigh.press.ma\/fr\/demande-a-lonu-dadopter-des-mesures-en-faveur-du-respect-des-droits-du-peuple-amazighe-dafrique-du-nord\/&amp;source=gmail&amp;ust=1777737595854000&amp;usg=AOvVaw3LJoZ-bzeiat0KSYdx7nRn\">https:\/\/amadalamazigh.press.<wbr \/>ma\/fr\/demande-a-lonu-dadopter-<wbr \/>des-mesures-en-faveur-du-<wbr \/>respect-des-droits-du-peuple-<wbr \/>amazighe-dafrique-du-nord\/<\/a><\/p>\n[2]-\u00a0<a href=\"https:\/\/amadalamazigh.press.ma\/fr\/lassemblee-mondiale-amazighe-interpelle-lonu-sur-la-contribution-potentielle-des-communautes-touaregues-a-la-lutte-contre-le-terrorisme-djihadiste-a-lazawad-et-au-sahel-boite-de-reception\/\" target=\"_blank\" rel=\"nofollow noopener noreferrer\" shape=\"rect\" data-saferedirecturl=\"https:\/\/www.google.com\/url?q=https:\/\/amadalamazigh.press.ma\/fr\/lassemblee-mondiale-amazighe-interpelle-lonu-sur-la-contribution-potentielle-des-communautes-touaregues-a-la-lutte-contre-le-terrorisme-djihadiste-a-lazawad-et-au-sahel-boite-de-reception\/&amp;source=gmail&amp;ust=1777737595854000&amp;usg=AOvVaw31kcYsQQAKz6pSw2FxvvIm\">https:\/\/amadalamazigh.press.<wbr \/>ma\/fr\/lassemblee-mondiale-<wbr \/>amazighe-interpelle-lonu-sur-<wbr \/>la-contribution-potentielle-<wbr \/>des-communautes-touaregues-a-<wbr \/>la-lutte-contre-le-terrorisme-<wbr \/>djihadiste-a-lazawad-et-au-<wbr \/>sahel-boite-de-reception\/<\/a><\/p>\n[3]-\u00a0<a href=\"https:\/\/amadalpresse.com\/RAHA\/Lettre13.html\" target=\"_blank\" rel=\"nofollow noopener noreferrer\" shape=\"rect\" data-saferedirecturl=\"https:\/\/www.google.com\/url?q=https:\/\/amadalpresse.com\/RAHA\/Lettre13.html&amp;source=gmail&amp;ust=1777737595854000&amp;usg=AOvVaw157ZXJlVyH9kVa9UFJvSGn\">https:\/\/amadalpresse.com\/RAHA\/<wbr \/>Lettre13.html<\/a><\/p>\n[4]-\u00a0<a href=\"https:\/\/amamazigh.org\/2021\/06\/ni-serval-ni-barkhane-ni-takuda-ne-peuvent-securiser-le-sahel-les-seuls-a-le-concretiser-sur-le-terrain-ce-sont-les-touaregues\/\" target=\"_blank\" rel=\"nofollow noopener noreferrer\" shape=\"rect\" data-saferedirecturl=\"https:\/\/www.google.com\/url?q=https:\/\/amamazigh.org\/2021\/06\/ni-serval-ni-barkhane-ni-takuda-ne-peuvent-securiser-le-sahel-les-seuls-a-le-concretiser-sur-le-terrain-ce-sont-les-touaregues\/&amp;source=gmail&amp;ust=1777737595854000&amp;usg=AOvVaw3uSSc4Xo48MREge6Uw-fDy\">https:\/\/amamazigh.org\/2021\/06\/<wbr \/>ni-serval-ni-barkhane-ni-<wbr \/>takuda-ne-peuvent-securiser-<wbr \/>le-sahel-les-seuls-a-le-<wbr \/>concretiser-sur-le-terrain-ce-<wbr \/>sont-les-touaregues\/<\/a><\/p>\n[5]-\u00a0<a href=\"https:\/\/amadalamazigh.press.ma\/fr\/lunion-europeenne-pourrait-il-sauver-les-hommes-bleus-de-sahara-du-genocide-russo-malien\/\" target=\"_blank\" rel=\"nofollow noopener noreferrer\" shape=\"rect\" data-saferedirecturl=\"https:\/\/www.google.com\/url?q=https:\/\/amadalamazigh.press.ma\/fr\/lunion-europeenne-pourrait-il-sauver-les-hommes-bleus-de-sahara-du-genocide-russo-malien\/&amp;source=gmail&amp;ust=1777737595854000&amp;usg=AOvVaw2oThAZQZi_mnivAb9cw_Qo\">https:\/\/amadalamazigh.press.<wbr \/>ma\/fr\/lunion-europeenne-<wbr \/>pourrait-il-sauver-les-hommes-<wbr \/>bleus-de-sahara-du-genocide-<wbr \/>russo-malien\/<\/a><\/p>\n[6]-\u00a0<a href=\"https:\/\/amadalamazigh.press.ma\/fr\/lunion-africaine-pourrait-elle-mettre-fin-au-genocide-a-lencontre-des-touaregues-et-des-maures-dazawad\/\" target=\"_blank\" rel=\"nofollow noopener noreferrer\" shape=\"rect\" data-saferedirecturl=\"https:\/\/www.google.com\/url?q=https:\/\/amadalamazigh.press.ma\/fr\/lunion-africaine-pourrait-elle-mettre-fin-au-genocide-a-lencontre-des-touaregues-et-des-maures-dazawad\/&amp;source=gmail&amp;ust=1777737595854000&amp;usg=AOvVaw1BPuanGwLBoe_1goB5Hw6T\">https:\/\/amadalamazigh.press.<wbr \/>ma\/fr\/lunion-africaine-<wbr \/>pourrait-elle-mettre-fin-au-<wbr \/>genocide-a-lencontre-des-<wbr \/>touaregues-et-des-maures-<wbr \/>dazawad\/<\/a><\/p>\n[7]-\u00a0<a href=\"https:\/\/mondafrique.com\/libre-opinion\/le-presidenet-de-lassemblee-mondiale-amazighe-interpelle-vladimir-poutine\/\" target=\"_blank\" rel=\"nofollow noopener noreferrer\" shape=\"rect\" data-saferedirecturl=\"https:\/\/www.google.com\/url?q=https:\/\/mondafrique.com\/libre-opinion\/le-presidenet-de-lassemblee-mondiale-amazighe-interpelle-vladimir-poutine\/&amp;source=gmail&amp;ust=1777737595854000&amp;usg=AOvVaw27DX5FqacaUAmoqukCPQJm\">https:\/\/mondafrique.com\/libre-<wbr \/>opinion\/le-presidenet-de-<wbr \/>lassemblee-mondiale-amazighe-<wbr \/>interpelle-vladimir-poutine\/<\/a><\/p>\n[8]-\u00a0<a href=\"https:\/\/amamazigh.org\/2024\/08\/comment-se-fait-il-que-la-turquie-soutient-le-genocide-contre-les-populations-musulmanes-des-touaregues-et-maures-dazawad-au-mali\/\" target=\"_blank\" rel=\"nofollow noopener noreferrer\" shape=\"rect\" data-saferedirecturl=\"https:\/\/www.google.com\/url?q=https:\/\/amamazigh.org\/2024\/08\/comment-se-fait-il-que-la-turquie-soutient-le-genocide-contre-les-populations-musulmanes-des-touaregues-et-maures-dazawad-au-mali\/&amp;source=gmail&amp;ust=1777737595854000&amp;usg=AOvVaw3fw50HLaQY3nXL71DjmbcI\">https:\/\/amamazigh.org\/2024\/08\/<wbr \/>comment-se-fait-il-que-la-<wbr \/>turquie-soutient-le-genocide-<wbr \/>contre-les-populations-<wbr \/>musulmanes-des-touaregues-et-<wbr \/>maures-dazawad-au-mali\/<\/a><\/p>\n[9]-\u00a0<a href=\"https:\/\/amamazigh.org\/2024\/10\/les-sud-africains-sont-ils-vraiment-des-africains\/\" target=\"_blank\" rel=\"nofollow noopener noreferrer\" shape=\"rect\" data-saferedirecturl=\"https:\/\/www.google.com\/url?q=https:\/\/amamazigh.org\/2024\/10\/les-sud-africains-sont-ils-vraiment-des-africains\/&amp;source=gmail&amp;ust=1777737595854000&amp;usg=AOvVaw3UKz2JS--y3UkQInc4NE1r\">https:\/\/amamazigh.org\/2024\/10\/<wbr \/>les-sud-africains-sont-ils-<wbr \/>vraiment-des-africains\/<\/a><\/p>\n[10]-\u00a0<a href=\"https:\/\/amadalamazigh.press.ma\/fr\/lassemblee-mondiale-amazighe-interpelle-les-etats-africains-pour-stopper-le-genocide-des-touaregues-dazawad-et-travailler-pour-la-paix-au-sahel\/\" target=\"_blank\" rel=\"nofollow noopener noreferrer\" shape=\"rect\" data-saferedirecturl=\"https:\/\/www.google.com\/url?q=https:\/\/amadalamazigh.press.ma\/fr\/lassemblee-mondiale-amazighe-interpelle-les-etats-africains-pour-stopper-le-genocide-des-touaregues-dazawad-et-travailler-pour-la-paix-au-sahel\/&amp;source=gmail&amp;ust=1777737595854000&amp;usg=AOvVaw1noK6DGhBsuOKs6x1qCmGC\">https:\/\/amadalamazigh.press.<wbr \/>ma\/fr\/lassemblee-mondiale-<wbr \/>amazighe-interpelle-les-etats-<wbr \/>africains-pour-stopper-le-<wbr \/>genocide-des-touaregues-<wbr \/>dazawad-et-travailler-pour-la-<wbr \/>paix-au-sahel\/<\/a><\/p>\n[11]-\u00a0<a href=\"https:\/\/amamazigh.org\/2025\/03\/les-amazighs-interpellent-les-ministres-des-affaires-etrangeres-du-maroc-et-despagne-pour-stopper-le-genocide-a-lencontre-de-populations-touaregues-de-la-region-de-lazawad\/\" target=\"_blank\" rel=\"nofollow noopener noreferrer\" shape=\"rect\" data-saferedirecturl=\"https:\/\/www.google.com\/url?q=https:\/\/amamazigh.org\/2025\/03\/les-amazighs-interpellent-les-ministres-des-affaires-etrangeres-du-maroc-et-despagne-pour-stopper-le-genocide-a-lencontre-de-populations-touaregues-de-la-region-de-lazawad\/&amp;source=gmail&amp;ust=1777737595854000&amp;usg=AOvVaw0Oj7zpTCqZ0n9Mx2VbbtWf\">https:\/\/amamazigh.org\/2025\/03\/<wbr \/>les-amazighs-interpellent-les-<wbr \/>ministres-des-affaires-<wbr \/>etrangeres-du-maroc-et-<wbr \/>despagne-pour-stopper-le-<wbr \/>genocide-a-lencontre-de-<wbr \/>populations-touaregues-de-la-<wbr \/>region-de-lazawad\/<\/a><\/p>\n[12]-\u00a0<a href=\"https:\/\/charqi.blog4ever.com\/l-azawad-entre-droits-des-peuples-a-disposer-d-eux-memes-et-intangibilite-des-frontieres-nees-de-la-decolonisation\" target=\"_blank\" rel=\"nofollow noopener noreferrer\" shape=\"rect\" data-saferedirecturl=\"https:\/\/www.google.com\/url?q=https:\/\/charqi.blog4ever.com\/l-azawad-entre-droits-des-peuples-a-disposer-d-eux-memes-et-intangibilite-des-frontieres-nees-de-la-decolonisation&amp;source=gmail&amp;ust=1777737595854000&amp;usg=AOvVaw09BI1w4c2nXh84YC-LdqdS\">https:\/\/charqi.blog4ever.com\/<wbr \/>l-azawad-entre-droits-des-<wbr \/>peuples-a-disposer-d-eux-<wbr \/>memes-et-intangibilite-des-<wbr \/>frontieres-nees-de-la-<wbr \/>decolonisation<\/a><\/p>\n<div>[13]-\u00a0<a href=\"https:\/\/www.youtube.com\/watch?v=_EfDx_b7IQs\" target=\"_blank\" rel=\"nofollow noopener noreferrer\" shape=\"rect\" data-saferedirecturl=\"https:\/\/www.google.com\/url?q=https:\/\/www.youtube.com\/watch?v%3D_EfDx_b7IQs&amp;source=gmail&amp;ust=1777737595854000&amp;usg=AOvVaw1D6RM1XbU0nTYENRk8Eni3\">https:\/\/www.youtube.com\/watch?<wbr \/>v=_EfDx_b7IQs<\/a><\/div>\n<\/div>\n<\/div>\n<\/div>\n<\/div>\n<\/div>\n<\/div>\n","protected":false},"excerpt":{"rendered":"<p>Ce qui devait arriver est arriv\u00e9. Depuis des ann\u00e9es, notre organisation internationale de d\u00e9fense des droits des Amazighs (berb\u00e8res), l\u2019Assembl\u00e9e Mondiale Amazighe (AMA), ne cesse d\u2019alerter l\u2019opinion publique internationale, les institutions internationales et les \u00c9tats d\u2019Afrique du Nord du danger que constitue une alliance entre les groupes djihadistes et les mouvements de lib\u00e9ration de l\u2019Azawad. &hellip;<\/p>\n","protected":false},"author":2,"featured_media":7817,"comment_status":"open","ping_status":"closed","sticky":false,"template":"","format":"standard","meta":{"jetpack_post_was_ever_published":false,"_jetpack_newsletter_access":"","_jetpack_dont_email_post_to_subs":false,"_jetpack_newsletter_tier_id":0,"_jetpack_memberships_contains_paywalled_content":false,"_jetpack_memberships_contains_paid_content":false,"footnotes":"","jetpack_publicize_message":"","jetpack_publicize_feature_enabled":true,"jetpack_social_post_already_shared":true,"jetpack_social_options":{"image_generator_settings":{"template":"highway","default_image_id":0,"font":"","enabled":false},"version":2}},"categories":[11],"tags":[],"class_list":["post-7815","post","type-post","status-publish","format-standard","has-post-thumbnail","","category-touareg"],"jetpack_publicize_connections":[],"jetpack_featured_media_url":"https:\/\/i0.wp.com\/amadalamazigh.press.ma\/fr\/wp-content\/uploads\/2026\/05\/Manif-20-avril-2025_Marrakech.jpg?fit=1600%2C757&ssl=1","jetpack_shortlink":"https:\/\/wp.me\/p9uxE2-223","jetpack_sharing_enabled":true,"_links":{"self":[{"href":"https:\/\/amadalamazigh.press.ma\/fr\/wp-json\/wp\/v2\/posts\/7815","targetHints":{"allow":["GET"]}}],"collection":[{"href":"https:\/\/amadalamazigh.press.ma\/fr\/wp-json\/wp\/v2\/posts"}],"about":[{"href":"https:\/\/amadalamazigh.press.ma\/fr\/wp-json\/wp\/v2\/types\/post"}],"author":[{"embeddable":true,"href":"https:\/\/amadalamazigh.press.ma\/fr\/wp-json\/wp\/v2\/users\/2"}],"replies":[{"embeddable":true,"href":"https:\/\/amadalamazigh.press.ma\/fr\/wp-json\/wp\/v2\/comments?post=7815"}],"version-history":[{"count":1,"href":"https:\/\/amadalamazigh.press.ma\/fr\/wp-json\/wp\/v2\/posts\/7815\/revisions"}],"predecessor-version":[{"id":7818,"href":"https:\/\/amadalamazigh.press.ma\/fr\/wp-json\/wp\/v2\/posts\/7815\/revisions\/7818"}],"wp:featuredmedia":[{"embeddable":true,"href":"https:\/\/amadalamazigh.press.ma\/fr\/wp-json\/wp\/v2\/media\/7817"}],"wp:attachment":[{"href":"https:\/\/amadalamazigh.press.ma\/fr\/wp-json\/wp\/v2\/media?parent=7815"}],"wp:term":[{"taxonomy":"category","embeddable":true,"href":"https:\/\/amadalamazigh.press.ma\/fr\/wp-json\/wp\/v2\/categories?post=7815"},{"taxonomy":"post_tag","embeddable":true,"href":"https:\/\/amadalamazigh.press.ma\/fr\/wp-json\/wp\/v2\/tags?post=7815"}],"curies":[{"name":"wp","href":"https:\/\/api.w.org\/{rel}","templated":true}]}}