{"id":8424,"date":"2026-09-01T11:51:21","date_gmt":"2026-09-01T10:51:21","guid":{"rendered":"https:\/\/amadalamazigh.press.ma\/fr\/?p=8424"},"modified":"2026-09-01T11:51:21","modified_gmt":"2026-09-01T10:51:21","slug":"incendies-en-algerie-riposte-internationale-exige-verite-et-responsabilite-de-letat","status":"publish","type":"post","link":"https:\/\/amadalamazigh.press.ma\/fr\/incendies-en-algerie-riposte-internationale-exige-verite-et-responsabilite-de-letat\/","title":{"rendered":"Incendies en Alg\u00e9rie : Riposte Internationale exige v\u00e9rit\u00e9 et responsabilit\u00e9 de l\u2019\u00c9tat"},"content":{"rendered":"<p><img data-recalc-dims=\"1\" loading=\"lazy\" decoding=\"async\" class=\"size-medium wp-image-2911 alignright\" src=\"https:\/\/i0.wp.com\/amadalamazigh.press.ma\/fr\/wp-content\/uploads\/2020\/08\/riposte-internationale-logo.jpg?resize=354%2C250&#038;ssl=1\" alt=\"\" width=\"354\" height=\"250\" srcset=\"https:\/\/i0.wp.com\/amadalamazigh.press.ma\/fr\/wp-content\/uploads\/2020\/08\/riposte-internationale-logo.jpg?resize=354%2C250&amp;ssl=1 354w, https:\/\/i0.wp.com\/amadalamazigh.press.ma\/fr\/wp-content\/uploads\/2020\/08\/riposte-internationale-logo.jpg?w=842&amp;ssl=1 842w\" sizes=\"auto, (max-width: 354px) 100vw, 354px\" \/>Riposte Internationale s\u2019incline devant la m\u00e9moire des victimes, pr\u00e9sente ses condol\u00e9ances les plus sinc\u00e8res aux familles endeuill\u00e9es et exprime sa profonde solidarit\u00e9 \u00e0 toutes celles et ceux qui ont \u00e9t\u00e9 touch\u00e9s par cette trag\u00e9die.<\/p>\n<p>Au-del\u00e0 de la catastrophe naturelle, ces \u00e9v\u00e9nements r\u00e9v\u00e8lent une nouvelle fois de graves insuffisances dans la gestion des crises par les autorit\u00e9s. Depuis plusieurs ann\u00e9es, les incendies de for\u00eats se r\u00e9p\u00e8tent avec une intensit\u00e9 croissante, sans qu\u2019une v\u00e9ritable politique d\u2019anticipation, de pr\u00e9vention et de pr\u00e9paration ne soit mise en place afin de prot\u00e9ger efficacement les citoyens et les territoires.<\/p>\n<p>L\u2019incapacit\u00e9 des autorit\u00e9s \u00e0 pr\u00e9voir, anticiper et g\u00e9rer efficacement ces catastrophes soul\u00e8ve de graves interrogations. Malgr\u00e9 les alertes r\u00e9p\u00e9t\u00e9es et les exp\u00e9riences dramatiques v\u00e9cues depuis plus de vingt ans, aucune strat\u00e9gie nationale durable de pr\u00e9vention des risques, de protection des for\u00eats et de pr\u00e9paration aux situations d\u2019urgence n\u2019a r\u00e9ellement \u00e9t\u00e9 mise en \u0153uvre.<\/p>\n<p>Un \u00e9l\u00e9ment d\u2019une gravit\u00e9 particuli\u00e8re vient \u00e9galement s\u2019ajouter \u00e0 cette trag\u00e9die : l\u2019inhumation de victimes dans des fosses communes, dans des conditions qui soul\u00e8vent de profondes interrogations quant au respect d\u00fb aux disparus et \u00e0 leurs familles. La dignit\u00e9 des victimes et la pr\u00e9servation de leur m\u00e9moire constituent des obligations fondamentales qui ne peuvent \u00eatre ignor\u00e9es.<\/p>\n<p>Riposte Internationale regrette \u00e9galement le r\u00f4le des m\u00e9dias publics qui, au lieu d\u2019assurer une information libre, ind\u00e9pendante et transparente, se sont trop souvent limit\u00e9s \u00e0 relayer une communication officielle \u00e9loign\u00e9e de la r\u00e9alit\u00e9 v\u00e9cue par les populations touch\u00e9es.<\/p>\n<p>La gestion de cette catastrophe, sur tous les plans, r\u00e9v\u00e8le une nouvelle fois l\u2019absence d\u2019une v\u00e9ritable politique publique de pr\u00e9vention et de gestion des risques. Les incendies qui frappent r\u00e9guli\u00e8rement l\u2019Alg\u00e9rie depuis plus de vingt ans auraient d\u00fb conduire \u00e0 la mise en place d\u2019une strat\u00e9gie nationale globale int\u00e9grant la pr\u00e9vention, l\u2019entretien des espaces forestiers, la protection des populations et la pr\u00e9paration aux situations d\u2019urgence.<\/p>\n<p>Ces missions rel\u00e8vent de la responsabilit\u00e9 de l\u2019\u00c9tat devant les citoyens. Ce grave dysfonctionnement ne peut \u00eatre r\u00e9duit \u00e0 la fatalit\u00e9. En outre, ces questions ne rel\u00e8vent pas de la pol\u00e9mique politicienne ; elles imposent \u00e0 l\u2019\u00c9tat un devoir de responsabilit\u00e9 et de v\u00e9rit\u00e9, dont il ne peut s\u2019exon\u00e9rer.<\/p>\n<p>Riposte Internationale tient \u00e0 saluer le courage et l\u2019engagement des femmes et des hommes de la Protection civile, mobilis\u00e9s sur le terrain dans des conditions extr\u00eamement difficiles, ainsi que les citoyens qui, avec des moyens souvent d\u00e9risoires, ont affront\u00e9 les flammes pour tenter de prot\u00e9ger leurs villages, leurs familles et leurs voisins.<\/p>\n<p>Riposte Internationale r\u00e9affirme sa solidarit\u00e9 avec toutes les familles endeuill\u00e9es, les populations sinistr\u00e9es, les agents de la Protection civile, les b\u00e9n\u00e9voles et toutes celles et ceux qui se sont mobilis\u00e9s face aux flammes.<\/p>\n<p>La protection des citoyens face aux catastrophes naturelles rel\u00e8ve de la responsabilit\u00e9 de l\u2019\u00c9tat, qui doit assumer pleinement ses missions et rendre compte \u00e0 la nation tout enti\u00e8re. L\u2019exigence de v\u00e9rit\u00e9 est d\u2019une imp\u00e9rieuse n\u00e9cessit\u00e9. Elle constitue une obligation envers les victimes, leurs familles et l\u2019ensemble des citoyens.<\/p>\n","protected":false},"excerpt":{"rendered":"<p>Riposte Internationale s\u2019incline devant la m\u00e9moire des victimes, pr\u00e9sente ses condol\u00e9ances les plus sinc\u00e8res aux familles endeuill\u00e9es et exprime sa profonde solidarit\u00e9 \u00e0 toutes celles et ceux qui ont \u00e9t\u00e9 touch\u00e9s par cette trag\u00e9die. Au-del\u00e0 de la catastrophe naturelle, ces \u00e9v\u00e9nements r\u00e9v\u00e8lent une nouvelle fois de graves insuffisances dans la gestion des crises par les &hellip;<\/p>\n","protected":false},"author":2,"featured_media":2911,"comment_status":"open","ping_status":"closed","sticky":false,"template":"","format":"standard","meta":{"_jetpack_newsletter_access":"","_jetpack_dont_email_post_to_subs":false,"_jetpack_newsletter_tier_id":0,"_jetpack_memberships_contains_paywalled_content":false,"_jetpack_feature_clip_id":0,"_jetpack_memberships_contains_paid_content":false,"footnotes":"","jetpack_publicize_message":"","jetpack_publicize_feature_enabled":true,"jetpack_social_post_already_shared":true,"jetpack_social_options":{"image_generator_settings":{"template":"highway","default_image_id":0,"font":"","enabled":false},"version":2},"jetpack_post_was_ever_published":false},"categories":[8],"tags":[],"class_list":["post-8424","post","type-post","status-publish","format-standard","has-post-thumbnail","hentry","category-algerie"],"jetpack_publicize_connections":[],"jetpack_shortlink":"https:\/\/wp.me\/p9uxE2-2bS","jetpack_sharing_enabled":true,"jetpack_featured_media_url":"https:\/\/i0.wp.com\/amadalamazigh.press.ma\/fr\/wp-content\/uploads\/2020\/08\/riposte-internationale-logo.jpg?fit=842%2C595&ssl=1","_links":{"self":[{"href":"https:\/\/amadalamazigh.press.ma\/fr\/wp-json\/wp\/v2\/posts\/8424","targetHints":{"allow":["GET"]}}],"collection":[{"href":"https:\/\/amadalamazigh.press.ma\/fr\/wp-json\/wp\/v2\/posts"}],"about":[{"href":"https:\/\/amadalamazigh.press.ma\/fr\/wp-json\/wp\/v2\/types\/post"}],"author":[{"embeddable":true,"href":"https:\/\/amadalamazigh.press.ma\/fr\/wp-json\/wp\/v2\/users\/2"}],"replies":[{"embeddable":true,"href":"https:\/\/amadalamazigh.press.ma\/fr\/wp-json\/wp\/v2\/comments?post=8424"}],"version-history":[{"count":2,"href":"https:\/\/amadalamazigh.press.ma\/fr\/wp-json\/wp\/v2\/posts\/8424\/revisions"}],"predecessor-version":[{"id":8426,"href":"https:\/\/amadalamazigh.press.ma\/fr\/wp-json\/wp\/v2\/posts\/8424\/revisions\/8426"}],"wp:featuredmedia":[{"embeddable":true,"href":"https:\/\/amadalamazigh.press.ma\/fr\/wp-json\/wp\/v2\/media\/2911"}],"wp:attachment":[{"href":"https:\/\/amadalamazigh.press.ma\/fr\/wp-json\/wp\/v2\/media?parent=8424"}],"wp:term":[{"taxonomy":"category","embeddable":true,"href":"https:\/\/amadalamazigh.press.ma\/fr\/wp-json\/wp\/v2\/categories?post=8424"},{"taxonomy":"post_tag","embeddable":true,"href":"https:\/\/amadalamazigh.press.ma\/fr\/wp-json\/wp\/v2\/tags?post=8424"}],"curies":[{"name":"wp","href":"https:\/\/api.w.org\/{rel}","templated":true}]}}