{"id":8427,"date":"2026-09-02T19:42:35","date_gmt":"2026-09-02T18:42:35","guid":{"rendered":"https:\/\/amadalamazigh.press.ma\/fr\/?p=8427"},"modified":"2026-09-02T19:42:35","modified_gmt":"2026-09-02T18:42:35","slug":"ceuta-melilla-et-lheritage-de-mohamed-abdelkrim-el-khattabi-comment-transformer-une-crise-frontaliere-en-un-pont-partage-entre-lafrique-et-leurope","status":"publish","type":"post","link":"https:\/\/amadalamazigh.press.ma\/fr\/ceuta-melilla-et-lheritage-de-mohamed-abdelkrim-el-khattabi-comment-transformer-une-crise-frontaliere-en-un-pont-partage-entre-lafrique-et-leurope\/","title":{"rendered":"Ceuta, Melilla et l\u2019h\u00e9ritage de Mohamed Abdelkrim El Khattabi : comment transformer une crise frontali\u00e8re en un pont partag\u00e9 entre l\u2019Afrique et l\u2019Europe ?"},"content":{"rendered":"<figure id=\"attachment_8429\" aria-describedby=\"caption-attachment-8429\" style=\"width: 375px\" class=\"wp-caption alignleft\"><img data-recalc-dims=\"1\" loading=\"lazy\" decoding=\"async\" class=\"wp-image-8429 size-medium\" src=\"https:\/\/i0.wp.com\/amadalamazigh.press.ma\/fr\/wp-content\/uploads\/2026\/09\/Raha_Abdelkrim.jpg?resize=375%2C250&#038;ssl=1\" alt=\"\" width=\"375\" height=\"250\" srcset=\"https:\/\/i0.wp.com\/amadalamazigh.press.ma\/fr\/wp-content\/uploads\/2026\/09\/Raha_Abdelkrim.jpg?resize=375%2C250&amp;ssl=1 375w, https:\/\/i0.wp.com\/amadalamazigh.press.ma\/fr\/wp-content\/uploads\/2026\/09\/Raha_Abdelkrim.jpg?resize=1024%2C683&amp;ssl=1 1024w, https:\/\/i0.wp.com\/amadalamazigh.press.ma\/fr\/wp-content\/uploads\/2026\/09\/Raha_Abdelkrim.jpg?resize=1536%2C1024&amp;ssl=1 1536w, https:\/\/i0.wp.com\/amadalamazigh.press.ma\/fr\/wp-content\/uploads\/2026\/09\/Raha_Abdelkrim.jpg?w=2048&amp;ssl=1 2048w\" sizes=\"auto, (max-width: 375px) 100vw, 375px\" \/><figcaption id=\"caption-attachment-8429\" class=\"wp-caption-text\">Par\u00a0Rachid RAHA,\u2028Pr\u00e9sident de la Fondation \u00ab David Montgomery Hart\u00a0\u00bb d\u2019\u00c9tudes Amazighes et de l\u2019Assembl\u00e9e Mondiale Amazighe<\/figcaption><\/figure>\n<p>Les r\u00e9centes trag\u00e9dies survenues autour de la ville de Ceuta, et dans une moindre mesure \u00e0 Melilla, ont raviv\u00e9 les vieux r\u00e9flexes : accusations r\u00e9ciproques, exacerbation des tensions identitaires, rh\u00e9torique s\u00e9curitaire et controverse autour de la souverainet\u00e9 territoriale entre l\u2019Espagne et le Maroc. Pourtant, une fronti\u00e8re n\u2019est pas condamn\u00e9e \u00e0 n\u2019\u00eatre qu\u2019une ligne de s\u00e9paration. C\u2019est pr\u00e9cis\u00e9ment au point o\u00f9 l\u2019Europe touche physiquement l\u2019Afrique que les fronti\u00e8res peuvent devenir un laboratoire de coop\u00e9ration mutuelle et intercontinentale.<\/p>\n<p>L\u2019histoire du Rif, r\u00e9examin\u00e9e avec rigueur, nous invite justement \u00e0 changer de perspective : passer de la conqu\u00eate aux \u00e9changes, de la peur \u00e0 la responsabilit\u00e9 partag\u00e9e et de la migration forc\u00e9e au d\u00e9veloppement et \u00e0 la prosp\u00e9rit\u00e9 communs.<\/p>\n<p>Lorsque la journaliste Ana Jim\u00e9nez, de la RTVE, s\u2019est rendue dans la province de Nador pour r\u00e9aliser le documentaire de \u00ab Informe Semanal \u00bb consacr\u00e9 au centenaire de la bataille d&rsquo;Anoual [1], au cours de laquelle plus de dix mille soldats espagnols trouv\u00e8rent la mort en juillet 1921, je lui ai propos\u00e9 de recueillir une d\u00e9claration importante au mont Gurug\u00fa, lieu de la \u00ab bataille du Barranco del Lobo \u00bb, en juillet 1909, \u00e0 proximit\u00e9 de la fronti\u00e8re de Melilla. Faute de temps, cela n\u2019a malheureusement pas \u00e9t\u00e9 possible.<\/p>\n<p>Cette d\u00e9claration capitale avait pourtant \u00e9t\u00e9 recueillie lors de l\u2019entretien que Luis de Oteyza avait accord\u00e9 \u00e0 Mohamed Abdelkrim El Khattabi [2]. Abdelkrim y d\u00e9clarait : \u00ab\u00a0<i>Nous ne voulions pas d\u00e9passer la ligne du Kert et y \u00e9tablir la fronti\u00e8re ; mais en voyant que les tribus soumises faisaient preuve d\u2019un acharnement et d\u2019une fureur excessifs, nous avons craint qu\u2019elles n\u2019attaquent Melilla. Cela aurait \u00e9t\u00e9 horrible. L\u2019humanit\u00e9 tout enti\u00e8re aurait \u00e9t\u00e9 horrifi\u00e9e devant un tel pillage, avec les incendies, les viols et les meurtres qui s\u2019ensuivraient. Mon fr\u00e8re l\u2019a compris et a envoy\u00e9 celui-ci avec trois ca\u00efds et six cents hommes pour l\u2019emp\u00eacher. Ils sont rest\u00e9s une semaine au Gurug\u00fa pour prot\u00e9ger Melilla, jusqu\u2019\u00e0 ce que le g\u00e9n\u00e9ral Berenguer \u00e9tablisse la ligne d\u00e9fensive<\/i>. \u00bb<\/p>\n<p>Il est particuli\u00e8rement important de souligner que Mohamed Abdelkrim El Khattabi envoya son propre fr\u00e8re, Mhamed, accompagn\u00e9 de ces 600 cavaliers, afin d\u2019assurer la d\u00e9fense de la ville de Melilla. Dans un premier temps, il ne voulait absolument pas que les guerriers des mhalas des tribus rifaines, enrag\u00e9s et fortement motiv\u00e9s par le d\u00e9sastre retentissant et inattendu subi par les troupes espagnoles \u00e0 Anoual, parviennent \u00e0 p\u00e9n\u00e9trer dans la ville et \u00e0 commettre des crimes et des atrocit\u00e9s contre les populations civiles europ\u00e9ennes, notamment les enfants, les femmes et les personnes \u00e2g\u00e9es.<\/p>\n<p>Les officiers \u00ab africanistes \u00bb de l\u2019arm\u00e9e coloniale espagnole, tout comme l\u2019opinion publique de leur pays, ne comprenaient pas qu\u2019ils avaient affaire \u00e0 un \u00ab homme politique \u00bb qui n\u2019avait pas d\u00e9clench\u00e9 une \u00ab guerre sainte \u00bb de musulmans contre des chr\u00e9tiens, mais plut\u00f4t une \u00ab guerre de lib\u00e9ration \u00bb de son territoire, en r\u00e9ussissant \u00e0 unir les tribus du Rif autour de lui et de son ambitieux projet de cr\u00e9er un \u00c9tat africain moderne, appel\u00e9 \u00ab la R\u00e9publique conf\u00e9d\u00e9r\u00e9e des tribus du Rif \u00bb.<\/p>\n<p>Apr\u00e8s la victoire des combattants rifains \u00e0 Anoual, en juillet 1921, les forces espagnoles se repli\u00e8rent aux abords de Melilla. Abdelkrim El Khattabi n\u2019ordonna pas d\u2019attaque contre la ville de Melilla, pas plus que contre la ville de Ceuta lors du retrait des troupes de l\u2019arm\u00e9e espagnole des massifs montagneux de la zone de Jbala en 1924.<\/p>\n<p>Abdelkrim souhaitait donc que Ceuta et Melilla restent sous le drapeau espagnol afin de pr\u00e9server une relation \u00e9troite avec l\u2019\u00c9tat espagnol et de favoriser les \u00e9changes commerciaux entre l\u2019Europe et l\u2019Afrique. Son refus de transformer une victoire militaire en assaut contre une ville europ\u00e9enne r\u00e9v\u00e8le une dimension plus profonde de sa pens\u00e9e : Abdelkrim n\u2019\u00e9tait pas prisonnier d\u2019une logique de destruction. Il combattait la domination coloniale, et non le peuple espagnol ni l\u2019Europe en tant que civilisation.<\/p>\n<p>Juriste, ancien professeur de langue amazighe et ancien journaliste \u00e0 Melilla, \u00e0 l\u2019\u00e9poque o\u00f9 son p\u00e8re collaborait avec l\u2019Espagne, Abdelkrim estimait que l\u2019Espagne, et par extension l\u2019Europe, pouvaient contribuer \u00e0 sortir sa r\u00e9gion natale du Rif du sous-d\u00e9veloppement et de cette \u00ab \u00e9poque m\u00e9di\u00e9vale \u00bb \u00e0 laquelle elle semblait \u00eatre condamn\u00e9e. Il cherchait \u00e0 obtenir une reconnaissance internationale pour son nouvel \u00c9tat, r\u00e9cemment organis\u00e9, capable de gouverner et dot\u00e9 d\u2019une arm\u00e9e populaire et d\u2019une administration, afin de pouvoir n\u00e9gocier et commercer avec les puissances europ\u00e9ennes [3].<\/p>\n<p><img data-recalc-dims=\"1\" loading=\"lazy\" decoding=\"async\" class=\"aligncenter wp-image-8428 size-full\" src=\"https:\/\/i0.wp.com\/amadalamazigh.press.ma\/fr\/wp-content\/uploads\/2026\/09\/Abd_el-Krim_Melilla_1919.jpg?resize=448%2C507&#038;ssl=1\" alt=\"\" width=\"448\" height=\"507\" srcset=\"https:\/\/i0.wp.com\/amadalamazigh.press.ma\/fr\/wp-content\/uploads\/2026\/09\/Abd_el-Krim_Melilla_1919.jpg?w=448&amp;ssl=1 448w, https:\/\/i0.wp.com\/amadalamazigh.press.ma\/fr\/wp-content\/uploads\/2026\/09\/Abd_el-Krim_Melilla_1919.jpg?resize=221%2C250&amp;ssl=1 221w\" sizes=\"auto, (max-width: 448px) 100vw, 448px\" \/><\/p>\n<p>Abdelkrim se distinguait nettement de tous les autres dirigeants marocains et nord-africains anticoloniaux qui l\u2019avaient pr\u00e9c\u00e9d\u00e9, y compris de son propre h\u00e9ros, Mohamed Charif Ameziane, qui avait vaincu l\u2019arm\u00e9e espagnole lors de la c\u00e9l\u00e8bre bataille du Barranco del Lobo en 1909. C\u2019est de lui qu\u2019il s\u2019inspira pour d\u00e9velopper la tactique de la \u00ab guerre de gu\u00e9rilla \u00bb, laquelle inspira \u00e0 son tour le dirigeant chinois Mao Tse-Tung, le Vietnamien Ho Chi Minh et le r\u00e9volutionnaire Che Guevara.<\/p>\n<p>Dans une d\u00e9claration demeur\u00e9e c\u00e9l\u00e8bre, r\u00e9dig\u00e9e de sa propre main en espagnol, et non en arabe classique, Abdelkrim \u00e9crivait :\u00a0<i>\u00ab Monsieur Luis de Oteyza, directeur de \u201cLa Libertad\u201d : Comme je vous l\u2019ai d\u00e9clar\u00e9 oralement, je vous confirme par \u00e9crit que le Rif ne combat pas les Espagnols et ne nourrit aucune haine envers le peuple espagnol. Le Rif combat cet imp\u00e9rialisme envahisseur qui veut lui arracher sa libert\u00e9 au prix de sacrifices moraux et mat\u00e9riels impos\u00e9s au noble peuple espagnol. Je vous prie de faire savoir \u00e0 votre peuple que les Rifains sont dispos\u00e9s et en mesure de poursuivre la lutte contre l\u2019Espagnol arm\u00e9 qui chercherait \u00e0 leur \u00f4ter leurs droits ; ils ont, en revanche, leurs portes ouvertes pour accueillir l\u2019Espagnol d\u00e9sarm\u00e9 en tant que technicien, commer\u00e7ant, industriel, agriculteur ou ouvrier<\/i>\u00a0\u00bb [4].<\/p>\n<p>Cette d\u00e9claration claire de Mohamed Abd-el-Krim El Khattabi, dat\u00e9e du 2 ao\u00fbt 1922, le distingue des autres pr\u00e9curseurs et dirigeants de la r\u00e9sistance musulmane anticoloniale. Abdelkrim ne menait pas une guerre de croisade, ni une guerre sainte des \u00ab Maures \u00bb contre les chr\u00e9tiens, mais plut\u00f4t une guerre de lib\u00e9ration men\u00e9e par un peuple africain qui respectait les populations civiles et aspirait \u00e0 la prosp\u00e9rit\u00e9. Abdelkrim n\u2019ordonna jamais aucun acte de terrorisme contre les civils europ\u00e9ens [5] et ne donna aucune instruction aux milices de la tribu des Ait Bou Yahyi pour commettre les atrocit\u00e9s inhumaines du mont Arruit, qui consist\u00e8rent \u00e0 massacrer au couteau les survivants de la bataille d\u2019Anoual.<\/p>\n<p>Le ca\u00efd Benchemlal r\u00e9ussit \u00e0 sauver de ce massacre le g\u00e9n\u00e9ral Felipe Navarro, le lieutenant-colonel d\u2019infanterie Manuel L\u00f3pez G\u00f3mez, le lieutenant-colonel d\u2019infanterie Eduardo P\u00e9rez Ortiz et le commandant de cavalerie Jos\u00e9 G\u00f3mez Zaragoza. Tous furent trait\u00e9s par Abdelkrim comme des prisonniers de guerre.<\/p>\n<p>\u00c0 l\u2019inverse, l\u2019arm\u00e9e coloniale espagnole \u00ab africaniste \u00bb, sous le commandement du putschiste et dictateur Primo de Rivera, n\u2019h\u00e9sita pas \u00e0 utiliser des armes chimiques interdites contre les populations civiles rifaines, notamment lors des souks hebdomadaires, en repr\u00e9sailles et par vengeance \u00e0 la suite de ce qui s\u2019\u00e9tait produit lors du d\u00e9sastre de Monte Arruit [6], pendant cette Guerre du Rif qui prit fin il y a presque exactement un si\u00e8cle, en 1926.<\/p>\n<p>Mohamed Abdelkrim El Khattabi, en v\u00e9ritable homme politique et homme d\u2019\u00c9tat qui tenta de construire un \u00c9tat moderne sans attaquer ni reconqu\u00e9rir les villes de Ceuta et de Melilla, \u00e9tait anim\u00e9 d\u2019une ferme volont\u00e9 de sortir son peuple du retard et du sous-d\u00e9veloppement avec l\u2019aide indispensable de l\u2019Espagne et de l\u2019Europe.<\/p>\n<p>L\u2019Espagne ne pouvait cependant jouer ce r\u00f4le \u00e0 cette \u00e9poque, car elle-m\u00eame \u00e9tait un pays europ\u00e9en sous-d\u00e9velopp\u00e9 par rapport aux \u00c9tats europ\u00e9ens situ\u00e9s au nord des Pyr\u00e9n\u00e9es.<\/p>\n<p>Il est vrai que les villes de Ceuta et de Melilla resteront des lieux de m\u00e9moire, de souverainet\u00e9 disput\u00e9e et des foyers de sensibilit\u00e9s et de patriotismes nationaux. Cette spectaculaire et profonde crise migratoire \u00e0 Ceuta, survenue \u00e0 la fin du mois de juillet, avec l\u2019entr\u00e9e de 72 000 migrants et environ 150 d\u00e9c\u00e8s, pourrait d\u00e9clencher une guerre diplomatique entre le Maroc et l\u2019Espagne et pourrait m\u00eame mettre en p\u00e9ril les bonnes relations \u00e9conomiques entre les deux pays ainsi que l\u2019organisation de la Coupe du monde de football de 2030.<\/p>\n<p>Pourtant, ces villes amazighes de Ceuta et de Melilla pourraient devenir des villes-ponts entre l\u2019Afrique et l\u2019Europe.<\/p>\n<p>Dans cette perspective, et \u00e0 mon avis, la meilleure r\u00e9ponse \u00e0 la controverse ne consiste donc ni \u00e0 oublier l\u2019histoire ni \u00e0 l\u2019utiliser constamment comme une arme. Il s\u2019agit d\u2019un effort partag\u00e9 : transformer l\u2019unique fronti\u00e8re terrestre entre l\u2019Afrique et l\u2019Union europ\u00e9enne, aujourd\u2019hui per\u00e7ue comme une cicatrice s\u00e9parant deux continents, en un point de rencontre.<\/p>\n<p>C\u2019est l\u00e0 que r\u00e9side la le\u00e7on la plus importante d\u2019Abdelkrim : la v\u00e9ritable victoire ne consiste pas \u00e0 prendre une ville, ni \u00e0 nous enfermer dans le d\u00e9sespoir provoqu\u00e9 par ces crises migratoires r\u00e9p\u00e9t\u00e9es et par le sentiment d\u2019\u00e9chec d\u2019une fronti\u00e8re con\u00e7ue presque exclusivement comme une barri\u00e8re humaine et civilisationnelle.<\/p>\n<p>L\u2019Union europ\u00e9enne ne peut continuer \u00e0 r\u00e9duire l\u2019Afrique \u00e0 une simple source de mati\u00e8res premi\u00e8res, \u00e0 un march\u00e9 pour ses produits et \u00e0 une menace permanente d\u2019\u00e9mission de flux migratoires. Elle a un int\u00e9r\u00eat direct \u00e0 voir \u00e9merger un continent stable, d\u00e9velopp\u00e9, \u00e9duqu\u00e9 et prosp\u00e8re.<\/p>\n<p>Ceuta et Melilla pourraient ainsi devenir bien davantage que de simples avant-postes de l\u2019espace Schengen : deux plateformes euro-africaines d\u00e9di\u00e9es \u00e0 l\u2019investissement, \u00e0 la formation et \u00e0 l\u2019innovation.<\/p>\n<p>Leur position g\u00e9ographique s\u2019y pr\u00eate particuli\u00e8rement bien. Elles sont en contact direct avec le nord du Maroc, \u00e0 proximit\u00e9 des r\u00e9gions de Tanger-T\u00e9touan et de l\u2019Oriental, des territoires connect\u00e9s aux ports, aux r\u00e9seaux industriels et aux march\u00e9s m\u00e9diterran\u00e9ens.<\/p>\n<p>Plut\u00f4t que de favoriser une \u00e9conomie frontali\u00e8re fragile, fond\u00e9e sur la contrebande et le blanchiment des revenus issus du trafic de drogue, d\u00e9pendante des fluctuations des prix et des fermetures occasionnelles, il faut miser sur la construction d\u2019une \u00e9conomie transfrontali\u00e8re productive.<\/p>\n<p>Des projets concrets pourraient \u00eatre d\u00e9velopp\u00e9s entre les deux rives de la M\u00e9diterran\u00e9e, autour de plusieurs engagements : cr\u00e9er des centres de formation dans les m\u00e9tiers li\u00e9s aux activit\u00e9s portuaires, \u00e0 la sant\u00e9, aux technologies num\u00e9riques, aux \u00e9nergies renouvelables, au tourisme durable et \u00e0 l\u2019agro-industrie ; et mettre en place un fonds commun pour l\u2019emploi des jeunes dans la r\u00e9gion du Rif et en Afrique du Nord, avec la participation de l\u2019Union europ\u00e9enne, de l\u2019Espagne et des pays nord-africains.<\/p>\n<p>En d\u00e9finitive, il s\u2019agirait de faire de Ceuta et de Melilla des portes d\u2019entr\u00e9e pour les alliances europ\u00e9ennes avec l\u2019Afrique du Nord, en reliant la logistique, le financement, l\u2019expertise et la transformation des ressources locales. Ce projet ambitieux ne part pas de z\u00e9ro. L\u2019Union europ\u00e9enne est d\u00e9j\u00e0 le principal partenaire commercial du Maghreb et figure dans les accords d\u2019association qu\u2019elle a conclus avec le Maroc, l\u2019Alg\u00e9rie et la Tunisie.<\/p>\n<p style=\"text-align: center;\">Par<b>\u00a0Rachid RAHA,<\/b><b><span lang=\"EN-US\">\u2028<\/span><\/b>Pr\u00e9sident de la Fondation \u00ab David Montgomery Hart\u00a0\u00bb d\u2019\u00c9tudes Amazighes et de l\u2019Assembl\u00e9e Mondiale Amazighe.<\/p>\n<p><b><u><span lang=\"ES\">Notes:<\/span><\/u><\/b><\/p>\n<p><span lang=\"ES\">[1]-\u00a0<\/span><a href=\"https:\/\/www.rtve.es\/play\/videos\/informe-semanal\/100-anos-annual-donde-espana-retorcio-su-historia\/6046999\/\" target=\"_blank\" rel=\"nofollow noopener noreferrer\" data-saferedirecturl=\"https:\/\/www.google.com\/url?q=https:\/\/www.rtve.es\/play\/videos\/informe-semanal\/100-anos-annual-donde-espana-retorcio-su-historia\/6046999\/&amp;source=gmail&amp;ust=1788460576368000&amp;usg=AOvVaw01A7cS4Ewi5RGwgYU_chvl\"><span lang=\"ES\">https:\/\/www.rtve.es\/play\/<wbr \/>videos\/informe-semanal\/100-<wbr \/>anos-annual-donde-espana-<wbr \/>retorcio-su-historia\/6046999\/<\/span><\/a><\/p>\n<p><span lang=\"ES\">[2]-\u00a0<\/span><a href=\"https:\/\/www.fronterad.com\/luis-de-oteyza-entrevista-a-abdelkrim-y-su-hermano\/\" target=\"_blank\" rel=\"nofollow noopener noreferrer\" data-saferedirecturl=\"https:\/\/www.google.com\/url?q=https:\/\/www.fronterad.com\/luis-de-oteyza-entrevista-a-abdelkrim-y-su-hermano\/&amp;source=gmail&amp;ust=1788460576368000&amp;usg=AOvVaw189UADzuuHhi33t59WlUpn\"><span lang=\"ES\">https:\/\/www.fronterad.com\/<wbr \/>luis-de-oteyza-entrevista-a-<wbr \/>abdelkrim-y-su-hermano\/<\/span><\/a><\/p>\n<p><span lang=\"ES\">[3]-\u00a0<\/span><a href=\"https:\/\/www.youtube.com\/watch?v=Dr4Y30suzTo&amp;t=41s\" target=\"_blank\" rel=\"nofollow noopener noreferrer\" data-saferedirecturl=\"https:\/\/www.google.com\/url?q=https:\/\/www.youtube.com\/watch?v%3DDr4Y30suzTo%26t%3D41s&amp;source=gmail&amp;ust=1788460576369000&amp;usg=AOvVaw2BHPKIssB5v12_sut0ch9_\"><span lang=\"ES\">https:\/\/www.youtube.com\/watch?<wbr \/>v=Dr4Y30suzTo&amp;t=41s<\/span><\/a><\/p>\n<p><span lang=\"ES\">[4]-\u00a0<\/span><a href=\"https:\/\/rachidraha.com\/PDF\/AlJatabi.pdf\" target=\"_blank\" rel=\"nofollow noopener noreferrer\" data-saferedirecturl=\"https:\/\/www.google.com\/url?q=https:\/\/rachidraha.com\/PDF\/AlJatabi.pdf&amp;source=gmail&amp;ust=1788460576369000&amp;usg=AOvVaw1JuuvTYnamwqEjivz5SOKB\"><span lang=\"ES\">https:\/\/rachidraha.com\/PDF\/<wbr \/>AlJatabi.pdf<\/span><\/a><\/p>\n<p><span lang=\"ES\">[5]-\u00a0<\/span><a href=\"https:\/\/melillahoy.es\/el-revolucionario-abdelkrim-y-el-terrorista-bin-laden-absolutamente-incomparables\/\" target=\"_blank\" rel=\"nofollow noopener noreferrer\" data-saferedirecturl=\"https:\/\/www.google.com\/url?q=https:\/\/melillahoy.es\/el-revolucionario-abdelkrim-y-el-terrorista-bin-laden-absolutamente-incomparables\/&amp;source=gmail&amp;ust=1788460576369000&amp;usg=AOvVaw32vmjWUg7ik4NjFaN9J6U1\"><span lang=\"ES\">https:\/\/melillahoy.es\/el-<wbr \/>revolucionario-abdelkrim-y-el-<wbr \/>terrorista-bin-laden-<wbr \/>absolutamente-incomparables\/<\/span><\/a><\/p>\n<p><span lang=\"ES\">[6]-\u00a0<\/span><a href=\"https:\/\/amadalamazigh.press.ma\/pdf\/Dossier%20de%20Presse%20-%20Guerre%20Chimiques%20contre%20le%20rif2.pdf\" target=\"_blank\" rel=\"nofollow noopener noreferrer\" data-saferedirecturl=\"https:\/\/www.google.com\/url?q=https:\/\/amadalamazigh.press.ma\/pdf\/Dossier%2520de%2520Presse%2520-%2520Guerre%2520Chimiques%2520contre%2520le%2520rif2.pdf&amp;source=gmail&amp;ust=1788460576369000&amp;usg=AOvVaw3mkXo0IQ4S0rmLEo4zHycy\"><span lang=\"ES\">https:\/\/amadalamazigh.press.<wbr \/>ma\/pdf\/Dossier%20de%20Presse%<wbr \/>20-%20Guerre%20Chimiques%<wbr \/>20contre%20le%20rif2.pdf<\/span><\/a><\/p>\n","protected":false},"excerpt":{"rendered":"<p>Les r\u00e9centes trag\u00e9dies survenues autour de la ville de Ceuta, et dans une moindre mesure \u00e0 Melilla, ont raviv\u00e9 les vieux r\u00e9flexes : accusations r\u00e9ciproques, exacerbation des tensions identitaires, rh\u00e9torique s\u00e9curitaire et controverse autour de la souverainet\u00e9 territoriale entre l\u2019Espagne et le Maroc. Pourtant, une fronti\u00e8re n\u2019est pas condamn\u00e9e \u00e0 n\u2019\u00eatre qu\u2019une ligne de s\u00e9paration. &hellip;<\/p>\n","protected":false},"author":2,"featured_media":8429,"comment_status":"open","ping_status":"closed","sticky":false,"template":"","format":"standard","meta":{"_jetpack_newsletter_access":"","_jetpack_dont_email_post_to_subs":false,"_jetpack_newsletter_tier_id":0,"_jetpack_memberships_contains_paywalled_content":false,"_jetpack_feature_clip_id":0,"_jetpack_memberships_contains_paid_content":false,"footnotes":"","jetpack_publicize_message":"","jetpack_publicize_feature_enabled":true,"jetpack_social_post_already_shared":true,"jetpack_social_options":{"image_generator_settings":{"template":"highway","default_image_id":0,"font":"","enabled":false},"version":2},"jetpack_post_was_ever_published":false},"categories":[13],"tags":[],"class_list":["post-8427","post","type-post","status-publish","format-standard","has-post-thumbnail","hentry","category-opinions"],"jetpack_publicize_connections":[],"jetpack_shortlink":"https:\/\/wp.me\/p9uxE2-2bV","jetpack_sharing_enabled":true,"jetpack_featured_media_url":"https:\/\/i0.wp.com\/amadalamazigh.press.ma\/fr\/wp-content\/uploads\/2026\/09\/Raha_Abdelkrim.jpg?fit=2048%2C1365&ssl=1","_links":{"self":[{"href":"https:\/\/amadalamazigh.press.ma\/fr\/wp-json\/wp\/v2\/posts\/8427","targetHints":{"allow":["GET"]}}],"collection":[{"href":"https:\/\/amadalamazigh.press.ma\/fr\/wp-json\/wp\/v2\/posts"}],"about":[{"href":"https:\/\/amadalamazigh.press.ma\/fr\/wp-json\/wp\/v2\/types\/post"}],"author":[{"embeddable":true,"href":"https:\/\/amadalamazigh.press.ma\/fr\/wp-json\/wp\/v2\/users\/2"}],"replies":[{"embeddable":true,"href":"https:\/\/amadalamazigh.press.ma\/fr\/wp-json\/wp\/v2\/comments?post=8427"}],"version-history":[{"count":1,"href":"https:\/\/amadalamazigh.press.ma\/fr\/wp-json\/wp\/v2\/posts\/8427\/revisions"}],"predecessor-version":[{"id":8430,"href":"https:\/\/amadalamazigh.press.ma\/fr\/wp-json\/wp\/v2\/posts\/8427\/revisions\/8430"}],"wp:featuredmedia":[{"embeddable":true,"href":"https:\/\/amadalamazigh.press.ma\/fr\/wp-json\/wp\/v2\/media\/8429"}],"wp:attachment":[{"href":"https:\/\/amadalamazigh.press.ma\/fr\/wp-json\/wp\/v2\/media?parent=8427"}],"wp:term":[{"taxonomy":"category","embeddable":true,"href":"https:\/\/amadalamazigh.press.ma\/fr\/wp-json\/wp\/v2\/categories?post=8427"},{"taxonomy":"post_tag","embeddable":true,"href":"https:\/\/amadalamazigh.press.ma\/fr\/wp-json\/wp\/v2\/tags?post=8427"}],"curies":[{"name":"wp","href":"https:\/\/api.w.org\/{rel}","templated":true}]}}