{"id":8433,"date":"2026-09-05T14:31:20","date_gmt":"2026-09-05T13:31:20","guid":{"rendered":"https:\/\/amadalamazigh.press.ma\/fr\/?p=8433"},"modified":"2026-09-05T14:31:20","modified_gmt":"2026-09-05T13:31:20","slug":"amal-el-fallah-seghrouchni-distinguee-par-le-prix-dexcellence-africain-pour-lia-et-la-souverainete-numerique","status":"publish","type":"post","link":"https:\/\/amadalamazigh.press.ma\/fr\/amal-el-fallah-seghrouchni-distinguee-par-le-prix-dexcellence-africain-pour-lia-et-la-souverainete-numerique\/","title":{"rendered":"Amal El Fallah Seghrouchni distingu\u00e9e par le Prix d\u2019Excellence Africain pour l\u2019IA et la souverainet\u00e9 num\u00e9rique"},"content":{"rendered":"<p><img data-recalc-dims=\"1\" loading=\"lazy\" decoding=\"async\" class=\"size-medium wp-image-8434 alignleft\" src=\"https:\/\/i0.wp.com\/amadalamazigh.press.ma\/fr\/wp-content\/uploads\/2026\/09\/1788614823360.jpg?resize=256%2C250&#038;ssl=1\" alt=\"\" width=\"256\" height=\"250\" srcset=\"https:\/\/i0.wp.com\/amadalamazigh.press.ma\/fr\/wp-content\/uploads\/2026\/09\/1788614823360.jpg?resize=256%2C250&amp;ssl=1 256w, https:\/\/i0.wp.com\/amadalamazigh.press.ma\/fr\/wp-content\/uploads\/2026\/09\/1788614823360.jpg?w=736&amp;ssl=1 736w\" sizes=\"auto, (max-width: 256px) 100vw, 256px\" \/>Mme Amal El Fallah Seghrouchni, ministre d\u00e9l\u00e9gu\u00e9e aupr\u00e8s du Chef du Gouvernement, charg\u00e9e de la Transition num\u00e9rique et de la R\u00e9forme de l\u2019Administration, est distingu\u00e9e, jeudi \u00e0 Paris, dans le cadre des Africa Next Awards 2026, en recevant le Prix d\u2019Excellence Africain \u00ab Intelligence Artificielle, Souverainet\u00e9 Num\u00e9rique et Innovation Publique \u00bb.<\/p>\n<p>Cette distinction vient saluer son parcours ainsi que son action en faveur de la transformation num\u00e9rique, de la modernisation de l\u2019administration publique, du d\u00e9veloppement de l\u2019intelligence artificielle et du renforcement de la souverainet\u00e9 num\u00e9rique du Royaume.<\/p>\n<p>Elle intervient dans un contexte plus large de r\u00e9formes conduites par le Maroc et port\u00e9es par une volont\u00e9 d\u2019acc\u00e9l\u00e9rer la transformation de l\u2019administration publique. La vision mise en \u0153uvre par le minist\u00e8re repose, \u00e0 cet \u00e9gard, sur la compl\u00e9mentarit\u00e9 entre transition num\u00e9rique et r\u00e9forme administrative, consid\u00e9r\u00e9es comme deux leviers indissociables pour faire \u00e9voluer le mod\u00e8le administratif, am\u00e9liorer la qualit\u00e9 des services publics et renforcer l\u2019efficacit\u00e9 de l\u2019action administrative et sa proximit\u00e9 avec le citoyen et l\u2019entreprise.<\/p>\n<p>Cette approche consid\u00e8re que la modernisation de l\u2019administration ne saurait se limiter \u00e0 la num\u00e9risation des services. Elle implique \u00e9galement de repenser les parcours, simplifier les proc\u00e9dures, r\u00e9duire les charges administratives et faire \u00e9voluer les modes de gouvernance, parall\u00e8lement au recours aux technologies et aux donn\u00e9es et au renforcement de l\u2019interop\u00e9rabilit\u00e9, afin de construire une administration publique plus efficace, transparente et proche de ses usagers.<\/p>\n<p>Dans cette perspective, le minist\u00e8re a engag\u00e9 la pr\u00e9paration d\u2019une feuille de route de la transformation administrative 2026-2030, visant \u00e0 mettre en place un mod\u00e8le administratif moderne, agile et efficace, capable d\u2019anticiper et d\u2019accompagner les mutations rapides que connaissent la soci\u00e9t\u00e9, l\u2019\u00e9conomie et les technologies.<\/p>\n<p>L\u2019intelligence artificielle et les technologies \u00e9mergentes constituent \u00e9galement un axe majeur de cette transformation. L\u2019ambition \u00ab AI Made in Morocco \u00bb et le d\u00e9ploiement des Instituts JAZARI participent \u00e0 la structuration d\u2019un \u00e9cosyst\u00e8me r\u00e9unissant acteurs publics, universit\u00e9s, chercheurs, entreprises et startups autour du d\u00e9veloppement de solutions et d\u2019usages de l\u2019intelligence artificielle r\u00e9pondant aux besoins du Royaume.<\/p>\n<p>Cette ambition s\u2019appuie parall\u00e8lement sur le d\u00e9veloppement des comp\u00e9tences num\u00e9riques, avec l\u2019objectif de parvenir \u00e0 100.000 talents num\u00e9riques form\u00e9s chaque ann\u00e9e \u00e0 l\u2019horizon 2030, ainsi que sur le renforcement des infrastructures num\u00e9riques, des capacit\u00e9s de calcul, du cloud et de la ma\u00eetrise des donn\u00e9es.<\/p>\n<p>Elle rev\u00eat \u00e9galement une dimension africaine, notamment \u00e0 travers le Hub Digital pour le D\u00e9veloppement Durable (D4SD), lanc\u00e9 par le Maroc en partenariat avec le Programme des Nations Unies pour le d\u00e9veloppement, afin d\u2019accompagner la transformation num\u00e9rique et le renforcement des capacit\u00e9s dans les pays africains et arabes.<\/p>\n","protected":false},"excerpt":{"rendered":"<p>Mme Amal El Fallah Seghrouchni, ministre d\u00e9l\u00e9gu\u00e9e aupr\u00e8s du Chef du Gouvernement, charg\u00e9e de la Transition num\u00e9rique et de la R\u00e9forme de l\u2019Administration, est distingu\u00e9e, jeudi \u00e0 Paris, dans le cadre des Africa Next Awards 2026, en recevant le Prix d\u2019Excellence Africain \u00ab Intelligence Artificielle, Souverainet\u00e9 Num\u00e9rique et Innovation Publique \u00bb. Cette distinction vient saluer &hellip;<\/p>\n","protected":false},"author":2,"featured_media":8434,"comment_status":"open","ping_status":"closed","sticky":false,"template":"","format":"standard","meta":{"_jetpack_newsletter_access":"","_jetpack_dont_email_post_to_subs":false,"_jetpack_newsletter_tier_id":0,"_jetpack_memberships_contains_paywalled_content":false,"_jetpack_feature_clip_id":0,"_jetpack_memberships_contains_paid_content":false,"footnotes":"","jetpack_publicize_message":"","jetpack_publicize_feature_enabled":true,"jetpack_social_post_already_shared":true,"jetpack_social_options":{"image_generator_settings":{"template":"highway","default_image_id":0,"font":"","enabled":false},"version":2},"jetpack_post_was_ever_published":false},"categories":[10],"tags":[],"class_list":["post-8433","post","type-post","status-publish","format-standard","has-post-thumbnail","hentry","category-maroc"],"jetpack_publicize_connections":[],"jetpack_shortlink":"https:\/\/wp.me\/p9uxE2-2c1","jetpack_sharing_enabled":true,"jetpack_featured_media_url":"https:\/\/i0.wp.com\/amadalamazigh.press.ma\/fr\/wp-content\/uploads\/2026\/09\/1788614823360.jpg?fit=736%2C720&ssl=1","_links":{"self":[{"href":"https:\/\/amadalamazigh.press.ma\/fr\/wp-json\/wp\/v2\/posts\/8433","targetHints":{"allow":["GET"]}}],"collection":[{"href":"https:\/\/amadalamazigh.press.ma\/fr\/wp-json\/wp\/v2\/posts"}],"about":[{"href":"https:\/\/amadalamazigh.press.ma\/fr\/wp-json\/wp\/v2\/types\/post"}],"author":[{"embeddable":true,"href":"https:\/\/amadalamazigh.press.ma\/fr\/wp-json\/wp\/v2\/users\/2"}],"replies":[{"embeddable":true,"href":"https:\/\/amadalamazigh.press.ma\/fr\/wp-json\/wp\/v2\/comments?post=8433"}],"version-history":[{"count":1,"href":"https:\/\/amadalamazigh.press.ma\/fr\/wp-json\/wp\/v2\/posts\/8433\/revisions"}],"predecessor-version":[{"id":8435,"href":"https:\/\/amadalamazigh.press.ma\/fr\/wp-json\/wp\/v2\/posts\/8433\/revisions\/8435"}],"wp:featuredmedia":[{"embeddable":true,"href":"https:\/\/amadalamazigh.press.ma\/fr\/wp-json\/wp\/v2\/media\/8434"}],"wp:attachment":[{"href":"https:\/\/amadalamazigh.press.ma\/fr\/wp-json\/wp\/v2\/media?parent=8433"}],"wp:term":[{"taxonomy":"category","embeddable":true,"href":"https:\/\/amadalamazigh.press.ma\/fr\/wp-json\/wp\/v2\/categories?post=8433"},{"taxonomy":"post_tag","embeddable":true,"href":"https:\/\/amadalamazigh.press.ma\/fr\/wp-json\/wp\/v2\/tags?post=8433"}],"curies":[{"name":"wp","href":"https:\/\/api.w.org\/{rel}","templated":true}]}}