{"id":8438,"date":"2026-09-05T14:52:53","date_gmt":"2026-09-05T13:52:53","guid":{"rendered":"https:\/\/amadalamazigh.press.ma\/fr\/?p=8438"},"modified":"2026-09-05T14:52:53","modified_gmt":"2026-09-05T13:52:53","slug":"les-elections-legislatives-du-23-septembre-2026-au-maroc-pour-un-gouvernement-competent-efficace-et-territorialement-juste","status":"publish","type":"post","link":"https:\/\/amadalamazigh.press.ma\/fr\/les-elections-legislatives-du-23-septembre-2026-au-maroc-pour-un-gouvernement-competent-efficace-et-territorialement-juste\/","title":{"rendered":"Les \u00e9lections l\u00e9gislatives du 23 septembre 2026 au Maroc : pour un gouvernement comp\u00e9tent, efficace et territorialement juste"},"content":{"rendered":"<figure id=\"attachment_4424\" aria-describedby=\"caption-attachment-4424\" style=\"width: 405px\" class=\"wp-caption alignright\"><img data-recalc-dims=\"1\" loading=\"lazy\" decoding=\"async\" class=\"size-medium wp-image-4424\" src=\"https:\/\/i0.wp.com\/amadalamazigh.press.ma\/fr\/wp-content\/uploads\/2022\/05\/chtatou-1-e1782134465743-405x250.jpg?resize=405%2C250&#038;ssl=1\" alt=\"\" width=\"405\" height=\"250\" srcset=\"https:\/\/i0.wp.com\/amadalamazigh.press.ma\/fr\/wp-content\/uploads\/2022\/05\/chtatou-1-e1782134465743.jpg?resize=405%2C250&amp;ssl=1 405w, https:\/\/i0.wp.com\/amadalamazigh.press.ma\/fr\/wp-content\/uploads\/2022\/05\/chtatou-1-e1782134465743.jpg?w=450&amp;ssl=1 450w\" sizes=\"auto, (max-width: 405px) 100vw, 405px\" \/><figcaption id=\"caption-attachment-4424\" class=\"wp-caption-text\">Dr. Mohamed Chtatou<\/figcaption><\/figure>\n<p><strong>Introduction : au-del\u00e0 de l\u2019alternance \u00e9lectorale, la question de l\u2019efficacit\u00e9 territoriale<\/strong><\/p>\n<p>Les \u00e9lections l\u00e9gislatives marocaines du 23 septembre 2026 s\u2019annoncent comme un moment important dans l\u2019\u00e9volution politique et institutionnelle du Royaume. Elles ne devraient cependant pas \u00eatre appr\u00e9hend\u00e9es uniquement sous l\u2019angle classique de la comp\u00e9tition entre partis, des alliances parlementaires ou de la formation de la prochaine majorit\u00e9. Leur v\u00e9ritable enjeu r\u00e9side dans la capacit\u00e9 du syst\u00e8me politique \u00e0 produire un gouvernement <strong>comp\u00e9tent, coh\u00e9rent, efficace et capable de r\u00e9duire les fractures territoriales<\/strong> qui continuent de structurer la soci\u00e9t\u00e9 marocaine. \u00c0 l\u2019heure o\u00f9 le pays dispose d\u2019infrastructures modernes, d\u2019une \u00e9conomie plus diversifi\u00e9e, d\u2019une diplomatie internationale affirm\u00e9e et d\u2019une ambition continentale croissante, la persistance des in\u00e9galit\u00e9s spatiales entre les grands p\u00f4les m\u00e9tropolitains et les p\u00e9riph\u00e9ries rurales, montagneuses et frontali\u00e8res constitue l\u2019une des principales contradictions du mod\u00e8le marocain de d\u00e9veloppement.<\/p>\n<p><img data-recalc-dims=\"1\" loading=\"lazy\" decoding=\"async\" class=\"aligncenter wp-image-8439 size-full\" src=\"https:\/\/i0.wp.com\/amadalamazigh.press.ma\/fr\/wp-content\/uploads\/2026\/09\/tam.jpg?resize=687%2C448&#038;ssl=1\" alt=\"\" width=\"687\" height=\"448\" srcset=\"https:\/\/i0.wp.com\/amadalamazigh.press.ma\/fr\/wp-content\/uploads\/2026\/09\/tam.jpg?w=687&amp;ssl=1 687w, https:\/\/i0.wp.com\/amadalamazigh.press.ma\/fr\/wp-content\/uploads\/2026\/09\/tam.jpg?resize=383%2C250&amp;ssl=1 383w\" sizes=\"auto, (max-width: 687px) 100vw, 687px\" \/><\/p>\n<p>Cette probl\u00e9matique n\u2019est nullement marginale. La documentation officielle r\u00e9cente reconna\u00eet elle-m\u00eame que la r\u00e9duction des disparit\u00e9s sociales et spatiales demeure une priorit\u00e9 nationale. Le projet de loi de finances 2026 inscrit ainsi la \u00ab <em>requalification globale des territoires<\/em> \u00bb et la r\u00e9duction des disparit\u00e9s sociales et spatiales au c\u0153ur de l\u2019action publique, en privil\u00e9giant une nouvelle g\u00e9n\u00e9ration de programmes de d\u00e9veloppement territorial fond\u00e9s sur les sp\u00e9cificit\u00e9s locales, la r\u00e9gionalisation avanc\u00e9e et la solidarit\u00e9 entre territoires (Royaume du Maroc, 2025). (<a href=\"https:\/\/maroc.ma\/fr\/actualites\/plf-2026-la-reduction-des-disparites-sociales-et-spatiales-au-coeur-des-priorites-du-gouvernement?utm_source=chatgpt.com\">Maroc<\/a>) Le Haut-Commissariat au Plan (HCP), pour sa part, souligne que la pauvret\u00e9 multidimensionnelle a recul\u00e9, notamment dans le monde rural, mais que d\u2019importantes disparit\u00e9s r\u00e9gionales, provinciales et communales subsistent (HCP, 2025). (<a href=\"https:\/\/www.hcp.ma\/Synthese-Cartographie-de-la-pauvrete-multidimensionnelle-paysage-territorial-et-dynamique-Mai-2025_a4112.html?utm_source=chatgpt.com\">HCP Maroc<\/a>)<\/p>\n<p>La question est donc moins de savoir si le Maroc a progress\u00e9 \u2014 il a incontestablement progress\u00e9 \u2014 que de d\u00e9terminer <strong>qui b\u00e9n\u00e9ficie de cette progression, o\u00f9 elle se produit, \u00e0 quel rythme et dans quelles conditions<\/strong>. La croissance \u00e9conomique, les autoroutes, les ports, les zones industrielles, les lignes ferroviaires et les grands investissements peuvent transformer profond\u00e9ment un pays sans n\u00e9cessairement produire une justice territoriale. Le risque est alors celui d&rsquo;un Maroc \u00e0 plusieurs vitesses : un Maroc m\u00e9tropolitain, connect\u00e9 aux cha\u00eenes mondiales de valeur, et un Maroc p\u00e9riph\u00e9rique dont certaines communaut\u00e9s restent confront\u00e9es \u00e0 l&rsquo;\u00e9loignement des services publics, \u00e0 la faiblesse des opportunit\u00e9s \u00e9conomiques, \u00e0 la vuln\u00e9rabilit\u00e9 climatique et \u00e0 une mobilit\u00e9 sociale limit\u00e9e.<\/p>\n<p>Cette contradiction est particuli\u00e8rement visible dans les espaces o\u00f9 le monde amazigh prend historiquement racine : Rif, Moyen Atlas, Haut Atlas, Anti-Atlas, Souss, Dr\u00e2a, Oriental et nombreuses zones rurales du Sud-Est. Il serait toutefois erron\u00e9 de r\u00e9duire la question amazighe \u00e0 une question ethnique ou identitaire. Elle est aussi, et peut-\u00eatre surtout, <strong>une question territoriale, sociale, \u00e9conomique, linguistique, culturelle et d\u00e9mocratique<\/strong>. Une politique publique v\u00e9ritablement territoriale doit reconna\u00eetre que l&rsquo;espace amazigh n&rsquo;est pas une p\u00e9riph\u00e9rie r\u00e9siduelle du Maroc mais l&rsquo;une des matrices historiques de la civilisation marocaine.<\/p>\n<p>Comme je l&rsquo;ai soutenu ailleurs, l&rsquo;Amazighit\u00e9 constitue une composante constitutive plut\u00f4t que p\u00e9riph\u00e9rique de la marocanit\u00e9, et la culture amazighe ne peut \u00eatre comprise ind\u00e9pendamment de l&rsquo;histoire globale du Maroc (Chtatou, 2019, 2026a). (<a href=\"https:\/\/www.eurasiareview.com\/27052023-morocco-politics-culture-society-and-economy-analysis\/?utm_source=chatgpt.com\">Eurasia Review<\/a>) Dans cette perspective, la justice territoriale ne signifie pas seulement transf\u00e9rer davantage de cr\u00e9dits aux r\u00e9gions d\u00e9favoris\u00e9es. Elle signifie reconna\u00eetre les savoirs, les langues, les institutions sociales, les \u00e9conomies locales et les formes historiques de solidarit\u00e9 qui donnent leur coh\u00e9rence aux territoires.<\/p>\n<p>La th\u00e8se de cet essai est simple : <strong>le scrutin du 23 septembre 2026 devrait \u00eatre l&rsquo;occasion de choisir non seulement une majorit\u00e9 parlementaire, mais un projet de gouvernement capable de passer d&rsquo;une logique de redistribution compensatoire \u00e0 une v\u00e9ritable strat\u00e9gie de transformation territoriale<\/strong>. Celle-ci devrait articuler r\u00e9gionalisation avanc\u00e9e, d\u00e9concentration administrative, investissement productif, \u00e9galit\u00e9 d&rsquo;acc\u00e8s aux services publics, valorisation du monde rural, promotion de Tamazight, soutien aux \u00e9conomies locales et responsabilisation des collectivit\u00e9s territoriales.<\/p>\n<ol>\n<li><strong> Un Maroc plus riche, mais encore spatialement in\u00e9gal<\/strong><\/li>\n<\/ol>\n<p>Le Maroc contemporain ne peut \u00eatre d\u00e9crit comme un pays immobile ou incapable de se transformer. Les deux derni\u00e8res d\u00e9cennies ont \u00e9t\u00e9 marqu\u00e9es par une modernisation consid\u00e9rable des infrastructures, une diversification industrielle, une am\u00e9lioration du climat de l&rsquo;investissement et l&rsquo;\u00e9mergence de nouveaux p\u00f4les \u00e9conomiques. La Banque mondiale souligne notamment la progression de l&rsquo;industrie manufacturi\u00e8re, des services, du tourisme, des phosphates, de l&rsquo;automobile et de l&rsquo;a\u00e9ronautique, tout en relevant que l&rsquo;urbanisation concentre une grande partie de la croissance et que les \u00e9carts urbain-rural et les disparit\u00e9s spatiales demeurent importants (World Bank, 2026). (<a href=\"https:\/\/www.worldbank.org\/ext\/en\/country\/morocco?utm_source=chatgpt.com\">Banque mondiale<\/a>)<\/p>\n<p>Cette transformation a cependant produit un paradoxe : plus le Maroc s&rsquo;int\u00e8gre \u00e0 l&rsquo;\u00e9conomie mondiale, plus la question de la distribution territoriale des opportunit\u00e9s devient cruciale. Les investissements directs \u00e9trangers, par exemple, demeurent fortement concentr\u00e9s dans certaines zones c\u00f4ti\u00e8res et m\u00e9tropolitaines. L&rsquo;OCDE constate que la distribution territoriale des IDE refl\u00e8te les fortes disparit\u00e9s sociales et \u00e9conomiques existant entre les territoires marocains et que leur concentration dans les zones c\u00f4ti\u00e8res et m\u00e9tropolitaines peut entraver une croissance r\u00e9gionale \u00e9quilibr\u00e9e (OCDE, 2024). (<a href=\"https:\/\/www.oecd.org\/fr\/publications\/examen-de-l-ocde-des-politiques-de-l-investissement-maroc-2024_e5752331-fr\/full-report\/component-9.html?utm_source=chatgpt.com\">OECD<\/a>)<\/p>\n<p>Cette concentration n&rsquo;est pas uniquement \u00e9conomique. Elle est \u00e9galement institutionnelle. Les grandes m\u00e9tropoles concentrent les universit\u00e9s les plus importantes, les h\u00f4pitaux de r\u00e9f\u00e9rence, les si\u00e8ges administratifs, les entreprises \u00e0 forte valeur ajout\u00e9e, les centres culturels, les r\u00e9seaux de transport et les opportunit\u00e9s professionnelles. La p\u00e9riph\u00e9rie, en revanche, peut conna\u00eetre une accumulation de handicaps : distance g\u00e9ographique, faible densit\u00e9 de services, d\u00e9ficit de transports collectifs, acc\u00e8s insuffisant aux soins sp\u00e9cialis\u00e9s, d\u00e9crochage scolaire, manque d&#8217;emplois qualifi\u00e9s et vuln\u00e9rabilit\u00e9 aux s\u00e9cheresses et \u00e0 la rar\u00e9faction de l&rsquo;eau.<\/p>\n<p>Le probl\u00e8me n&rsquo;est donc pas simplement celui de la pauvret\u00e9. Il est celui de la <strong>g\u00e9ographie des chances<\/strong>. Deux citoyens marocains peuvent b\u00e9n\u00e9ficier des m\u00eames droits constitutionnels tout en disposant de possibilit\u00e9s radicalement diff\u00e9rentes d&rsquo;exercer ces droits selon leur lieu de naissance et de r\u00e9sidence. L&rsquo;\u00e9galit\u00e9 juridique ne devient v\u00e9ritable \u00e9galit\u00e9 substantielle que lorsque l&rsquo;\u00c9tat est capable de r\u00e9duire les co\u00fbts territoriaux de l&rsquo;acc\u00e8s \u00e0 l&rsquo;\u00e9ducation, \u00e0 la sant\u00e9, \u00e0 l&#8217;emploi, \u00e0 la mobilit\u00e9 et \u00e0 la participation politique.<\/p>\n<p>Le HCP a pr\u00e9cis\u00e9ment contribu\u00e9 \u00e0 d\u00e9placer le d\u00e9bat d&rsquo;une conception purement mon\u00e9taire de la pauvret\u00e9 vers celle de la pauvret\u00e9 multidimensionnelle, int\u00e9grant l&rsquo;\u00e9ducation, la sant\u00e9, le logement et l&rsquo;acc\u00e8s aux services sociaux de base (HCP, 2025). (<a href=\"https:\/\/www.hcp.ma\/Synthese-Cartographie-de-la-pauvrete-multidimensionnelle-paysage-territorial-et-dynamique-Mai-2025_a4112.html?utm_source=chatgpt.com\">HCP Maroc<\/a>) Cette \u00e9volution m\u00e9thodologique est fondamentale : elle permet de comprendre que la pauvret\u00e9 territoriale n&rsquo;est pas seulement l&rsquo;insuffisance du revenu, mais l&rsquo;accumulation de privations.<\/p>\n<ol>\n<li><strong> La p\u00e9riph\u00e9rie amazighe : une question territoriale avant d&rsquo;\u00eatre une question identitaire<\/strong><\/li>\n<\/ol>\n<p>L&rsquo;une des erreurs fr\u00e9quentes du d\u00e9bat public consiste \u00e0 consid\u00e9rer la question amazighe exclusivement sous l&rsquo;angle linguistique ou culturel. Or l&rsquo;Amazighit\u00e9 marocaine est \u00e9galement profond\u00e9ment territoriale. Les espaces amazighophones historiques correspondent en grande partie \u00e0 des r\u00e9gions montagneuses, rurales ou semi-rurales qui ont longtemps \u00e9t\u00e9 situ\u00e9es \u00e0 distance des principaux centres politiques et \u00e9conomiques.<\/p>\n<p>Dans mon analyse de la culture amazighe, j&rsquo;ai propos\u00e9 de penser celle-ci \u00e0 partir d&rsquo;une <strong>\u00ab trinit\u00e9 culturelle \u00bb<\/strong> articulant langue (<em>awal<\/em>), terre (<em>tammurt<\/em>) et solidarit\u00e9 (<em>tamunt\/ddam<\/em>) (Chtatou, 2026a). (<a href=\"https:\/\/www.eurasiareview.com\/13052026-amazigh-culture-in-morocco-challenges-and-future-prospects-analysis\/?utm_source=chatgpt.com\">Eurasia Review<\/a>) Cette formulation offre une cl\u00e9 particuli\u00e8rement pertinente pour penser la politique territoriale marocaine. La langue n&rsquo;est pas simplement un instrument de communication ; la terre n&rsquo;est pas uniquement un espace \u00e9conomique ; la solidarit\u00e9 n&rsquo;est pas seulement une survivance communautaire. Ensemble, elles forment une conception du territoire comme espace de m\u00e9moire, d&rsquo;appartenance, de responsabilit\u00e9 et de coop\u00e9ration.<\/p>\n<p>Cette conception rejoint, \u00e0 certains \u00e9gards, la logique constitutionnelle de la r\u00e9gionalisation avanc\u00e9e. La Constitution de 2011 a consacr\u00e9 l&rsquo;organisation territoriale d\u00e9centralis\u00e9e fond\u00e9e sur la r\u00e9gionalisation avanc\u00e9e et a donn\u00e9 aux r\u00e9gions une responsabilit\u00e9 accrue en mati\u00e8re de d\u00e9veloppement. L&rsquo;OCDE souligne que cette r\u00e9forme vise pr\u00e9cis\u00e9ment \u00e0 rapprocher les politiques publiques des r\u00e9alit\u00e9s territoriales, m\u00eame si sa mise en \u0153uvre demeure incompl\u00e8te et confront\u00e9e \u00e0 des contraintes financi\u00e8res et institutionnelles (OCDE, 2024). (<a href=\"https:\/\/www.oecd.org\/en\/publications\/oecd-investment-policy-reviews-morocco-2024-abridged-version_bc0c1f25-en\/full-report\/component-3.html?utm_source=chatgpt.com\">OECD<\/a>)<\/p>\n<p>Le probl\u00e8me fondamental est donc de transformer la r\u00e9gionalisation avanc\u00e9e d&rsquo;un <strong>cadre institutionnel<\/strong> en une <strong>r\u00e9alit\u00e9 v\u00e9cue<\/strong>.<\/p>\n<p>Dans plusieurs espaces amazighs, cela implique de rompre avec une conception verticale du d\u00e9veloppement. Une route construite depuis Rabat peut \u00eatre n\u00e9cessaire ; mais une politique territoriale intelligente doit aussi demander quelles routes sont prioritaires pour les populations locales. Une \u00e9cole peut \u00eatre construite ; mais la question est aussi de savoir si elle permet aux enfants de rester dans leur territoire sans renoncer \u00e0 leur langue et \u00e0 leur culture. Un centre de sant\u00e9 peut \u00eatre inaugur\u00e9 ; mais son efficacit\u00e9 d\u00e9pendra de la disponibilit\u00e9 des m\u00e9decins, des infirmiers, des \u00e9quipements et des moyens de transport.<\/p>\n<p>Le d\u00e9veloppement territorial doit donc devenir <strong>endog\u00e8ne sans \u00eatre autarcique<\/strong> : partir des ressources locales tout en les connectant aux march\u00e9s nationaux et internationaux.<\/p>\n<p><strong>III. De la r\u00e9gionalisation institutionnelle \u00e0 la r\u00e9gionalisation effective<\/strong><\/p>\n<p>Le Maroc poss\u00e8de d\u00e9j\u00e0 une architecture institutionnelle qui pourrait permettre une transformation substantielle. Le probl\u00e8me n&rsquo;est donc pas l&rsquo;absence de concepts mais leur mise en \u0153uvre. La r\u00e9gionalisation avanc\u00e9e a \u00e9t\u00e9 con\u00e7ue pour faire des r\u00e9gions des acteurs majeurs du d\u00e9veloppement. Pourtant, l&rsquo;OCDE observe que les pouvoirs \u00e9largis des conseils r\u00e9gionaux ne sont pas toujours accompagn\u00e9s de ressources suffisantes et que la clarification des comp\u00e9tences et des moyens demeure indispensable (OCDE, 2024). (<a href=\"https:\/\/www.oecd.org\/fr\/publications\/examen-de-l-ocde-des-politiques-de-l-investissement-maroc-2024_e5752331-fr\/full-report\/component-9.html?utm_source=chatgpt.com\">OECD<\/a>)<\/p>\n<p>Cette situation cr\u00e9e une contradiction classique de la d\u00e9centralisation : <strong>transf\u00e9rer des responsabilit\u00e9s sans transf\u00e9rer suffisamment de capacit\u00e9s<\/strong>.<\/p>\n<p>Une v\u00e9ritable politique de r\u00e9gionalisation devrait donc reposer sur quatre piliers.<\/p>\n<p>Premi\u00e8rement, les r\u00e9gions doivent disposer de ressources financi\u00e8res pr\u00e9visibles et suffisamment importantes pour programmer leurs investissements \u00e0 moyen et long terme. Deuxi\u00e8mement, les administrations d\u00e9concentr\u00e9es doivent \u00eatre mieux coordonn\u00e9es avec les collectivit\u00e9s \u00e9lues. Troisi\u00e8mement, les comp\u00e9tences techniques des r\u00e9gions doivent \u00eatre consid\u00e9rablement renforc\u00e9es. Quatri\u00e8mement, l&rsquo;\u00e9valuation des politiques r\u00e9gionales doit \u00eatre fond\u00e9e sur des indicateurs publics, comparables et territorialis\u00e9s.<\/p>\n<p>La r\u00e9gionalisation ne doit pas \u00eatre confondue avec la simple multiplication des administrations. Elle doit produire <strong>davantage de proximit\u00e9, de responsabilit\u00e9 et d&rsquo;efficacit\u00e9<\/strong>.<\/p>\n<p>L&rsquo;OCDE insiste justement sur la n\u00e9cessit\u00e9 d&rsquo;am\u00e9liorer la coordination entre les diff\u00e9rents niveaux de gouvernement, de clarifier leurs comp\u00e9tences et ressources et de renforcer les capacit\u00e9s nationales, r\u00e9gionales et locales (OCDE, 2025). (<a href=\"https:\/\/www.oecd.org\/content\/dam\/oecd\/en\/publications\/reports\/2024\/09\/revue-de-la-politique-urbaine-nationale-du-maroc_a9f1c7de\/af7ee02f-en.pdf?utm_source=chatgpt.com\">OECD<\/a>)<\/p>\n<p>Le prochain gouvernement devrait donc consid\u00e9rer la r\u00e9gionalisation avanc\u00e9e comme une r\u00e9forme de l&rsquo;\u00c9tat et non comme une simple r\u00e9forme administrative. Elle devrait devenir l&rsquo;un des principaux instruments de r\u00e9duction des in\u00e9galit\u00e9s.<\/p>\n<ol>\n<li><strong> Un gouvernement comp\u00e9tent plut\u00f4t qu&rsquo;un gouvernement simplement partisan<\/strong><\/li>\n<\/ol>\n<p>C&rsquo;est ici que se situe probablement l&rsquo;enjeu politique central des \u00e9lections du 23 septembre. Le Maroc n&rsquo;a pas seulement besoin d&rsquo;un gouvernement politiquement l\u00e9gitime ; il a besoin d&rsquo;un gouvernement <strong>administrativement comp\u00e9tent<\/strong>.<\/p>\n<p>La comp\u00e9tence gouvernementale devrait \u00eatre \u00e9valu\u00e9e \u00e0 partir de crit\u00e8res pr\u00e9cis : capacit\u00e9 \u00e0 concevoir des politiques publiques coh\u00e9rentes, coordination interminist\u00e9rielle, ma\u00eetrise de l&rsquo;ex\u00e9cution budg\u00e9taire, \u00e9valuation des r\u00e9sultats, capacit\u00e9 \u00e0 attirer l&rsquo;investissement, r\u00e9forme administrative, lutte contre les rentes, digitalisation et surtout aptitude \u00e0 transformer les programmes en r\u00e9sultats mesurables.<\/p>\n<p>Le gouvernement qui \u00e9mergera des urnes devra r\u00e9sister \u00e0 une vieille tentation de la politique marocaine comme de nombreuses autres d\u00e9mocraties : multiplier les annonces sans construire les capacit\u00e9s institutionnelles n\u00e9cessaires \u00e0 leur r\u00e9alisation. Le v\u00e9ritable crit\u00e8re de r\u00e9ussite devrait \u00eatre moins le nombre de programmes annonc\u00e9s que le nombre de probl\u00e8mes effectivement r\u00e9solus.<\/p>\n<p>Comme le rappelle une analyse r\u00e9cente des \u00e9lections de 2026, le scrutin du 23 septembre intervient dans une p\u00e9riode o\u00f9 le Maroc doit affronter simultan\u00e9ment les disparit\u00e9s sociales et territoriales, le stress hydrique, les mutations technologiques, les tensions sur le pouvoir d&rsquo;achat et les transformations de l&rsquo;\u00e9conomie mondiale. (<a href=\"https:\/\/medias24.com\/chronique\/les-elections-legislatives-de-2026-un-rendez-vous-decisif-pour-lavenir-du-maroc\/?utm_source=chatgpt.com\">M\u00e9dias24<\/a>)<\/p>\n<p>Le prochain gouvernement devrait ainsi fonctionner autour d&rsquo;une logique de <strong>r\u00e9sultats territorialis\u00e9s<\/strong>. Chaque minist\u00e8re devrait \u00eatre capable de r\u00e9pondre \u00e0 une question \u00e9l\u00e9mentaire : qu&rsquo;est-ce que notre politique change concr\u00e8tement dans le Rif, le Moyen Atlas, le Haut Atlas, le Souss, l&rsquo;Oriental ou les zones rurales du Sud-Est ?<\/p>\n<p>Cette question pourrait devenir un principe de responsabilit\u00e9 gouvernementale.<\/p>\n<ol>\n<li><strong> L&rsquo;\u00e9ducation : le premier instrument de justice territoriale<\/strong><\/li>\n<\/ol>\n<p>Aucune strat\u00e9gie de r\u00e9duction des in\u00e9galit\u00e9s spatiales ne peut r\u00e9ussir sans une r\u00e9volution \u00e9ducative. Les disparit\u00e9s territoriales sont largement reproduites par l&rsquo;\u00e9cole lorsque la qualit\u00e9 de l&rsquo;enseignement, l&rsquo;acc\u00e8s au pr\u00e9scolaire, les infrastructures num\u00e9riques, l&rsquo;encadrement p\u00e9dagogique et l&rsquo;offre universitaire varient fortement selon le lieu de r\u00e9sidence.<\/p>\n<p>Le monde rural amazigh devrait \u00eatre au c\u0153ur d&rsquo;une nouvelle politique \u00e9ducative territoriale. Cela implique de renforcer les internats et les transports scolaires, de d\u00e9velopper les \u00e9tablissements de proximit\u00e9, d&rsquo;investir dans le num\u00e9rique et de cr\u00e9er des fili\u00e8res professionnelles correspondant aux \u00e9conomies r\u00e9gionales.<\/p>\n<p>Mais l&rsquo;enjeu est aussi linguistique. La constitutionnalisation de Tamazight en 2011 a constitu\u00e9 une avanc\u00e9e historique ; cependant, la reconnaissance juridique ne devient pleinement effective que lorsqu&rsquo;elle se traduit par des ressources p\u00e9dagogiques, des enseignants form\u00e9s, une pr\u00e9sence administrative et une v\u00e9ritable capacit\u00e9 d&rsquo;usage.<\/p>\n<p>La politique linguistique devrait donc \u00eatre pens\u00e9e non comme une concession identitaire mais comme un <strong>investissement dans le capital humain<\/strong>.<\/p>\n<p>Dans mon analyse de la culture amazighe, j&rsquo;ai soulign\u00e9 que la langue, la terre et la solidarit\u00e9 \u00a0(<strong>trinit\u00e9 amazighe<\/strong>) forment des dimensions interd\u00e9pendantes de l&rsquo;identit\u00e9 amazighe (Chtatou, 2026a). (<a href=\"https:\/\/www.eurasiareview.com\/13052026-amazigh-culture-in-morocco-challenges-and-future-prospects-analysis\/?utm_source=chatgpt.com\">Eurasia Review<\/a>) Une politique \u00e9ducative qui ignore cette r\u00e9alit\u00e9 risque de produire une rupture entre l&rsquo;\u00e9cole et le territoire. \u00c0 l&rsquo;inverse, une \u00e9cole qui valorise la langue et la culture locales peut devenir un puissant instrument de d\u00e9veloppement.<\/p>\n<ol>\n<li><strong> Le monde rural amazigh comme espace d&rsquo;investissement, non comme espace d&rsquo;assistance<\/strong><\/li>\n<\/ol>\n<p>Le d\u00e9veloppement des territoires amazighs ne peut reposer sur une logique d&rsquo;assistance permanente. Il faut passer d&rsquo;une conception <strong>compensatoire<\/strong> \u00e0 une conception <strong>productive<\/strong> du d\u00e9veloppement.<\/p>\n<p>Cela signifie investir dans les cha\u00eenes de valeur locales : agriculture \u00e0 haute valeur ajout\u00e9e, produits du terroir, artisanat, tourisme culturel et \u00e9cologique, \u00e9nergies renouvelables, \u00e9conomie num\u00e9rique, transformation agroalimentaire et petites industries adapt\u00e9es aux ressources locales.<\/p>\n<p>Le potentiel est consid\u00e9rable. Les territoires montagneux disposent de ressources naturelles, culturelles et paysag\u00e8res importantes. Ils poss\u00e8dent \u00e9galement des diasporas susceptibles de contribuer au financement et \u00e0 l&rsquo;entrepreneuriat local. L&rsquo;objectif devrait \u00eatre de transformer les transferts financiers de la diaspora en investissements structurants plut\u00f4t qu&rsquo;en simple soutien \u00e0 la consommation.<\/p>\n<p>Le tourisme constitue un autre secteur strat\u00e9gique. Mais il ne devrait pas reproduire une logique d&rsquo;exploitation ext\u00e9rieure des paysages et de la culture. Le tourisme amazigh devrait \u00eatre fond\u00e9 sur la participation des communaut\u00e9s locales, la protection des ressources naturelles et la valorisation du patrimoine mat\u00e9riel et immat\u00e9riel.<\/p>\n<p>Dans cette perspective, le patrimoine culturel devient une ressource \u00e9conomique sans \u00eatre r\u00e9duit \u00e0 une marchandise.<\/p>\n<p><strong>VII. L&rsquo;azref et la r\u00e9habilitation des savoirs territoriaux<\/strong><\/p>\n<p>La justice territoriale implique \u00e9galement de reconna\u00eetre les savoirs institutionnels et juridiques locaux. Mes travaux sur l&rsquo;<em>azref<\/em>, le droit coutumier amazigh, montrent que les soci\u00e9t\u00e9s rurales marocaines ont historiquement d\u00e9velopp\u00e9 des m\u00e9canismes de m\u00e9diation, d&rsquo;arbitrage, de solidarit\u00e9 et de r\u00e9solution des conflits qui m\u00e9ritent d&rsquo;\u00eatre \u00e9tudi\u00e9s non comme des curiosit\u00e9s folkloriques mais comme des ressources de gouvernance (Chtatou, 2024). (<a href=\"https:\/\/www.eurasiareview.com\/11062024-reflections-on-the-amazigh-customary-law-azref-analysis\/?utm_source=chatgpt.com\">Eurasia Review<\/a>)<\/p>\n<p>L&rsquo;<em>azref<\/em> ne peut \u00e9videmment pas \u00eatre transpos\u00e9 m\u00e9caniquement dans l&rsquo;\u00c9tat de droit contemporain. Mais certains de ses principes \u2014 m\u00e9diation, dialogue, responsabilit\u00e9 collective, pr\u00e9vention du conflit et recherche du compromis \u2014 peuvent nourrir une r\u00e9flexion moderne sur la gouvernance locale.<\/p>\n<p>Cette perspective rejoint l&rsquo;id\u00e9e d&rsquo;une d\u00e9mocratie territoriale plus participative. L&rsquo;article 139 de la Constitution pr\u00e9voit des m\u00e9canismes participatifs de dialogue et de consultation au niveau des collectivit\u00e9s territoriales, afin d&rsquo;associer citoyens et associations \u00e0 l&rsquo;\u00e9laboration et au suivi des programmes de d\u00e9veloppement (OCDE, 2019). (<a href=\"https:\/\/www.oecd.org\/en\/publications\/2019\/11\/open-government-in-sale-morocco_564916b2\/full-report\/gouvernement-ouvert-et-regionalisation-avancee_0e882117.html?utm_source=chatgpt.com\">OECD<\/a>)<\/p>\n<p>Le d\u00e9fi est de faire de ces m\u00e9canismes autre chose qu&rsquo;une proc\u00e9dure administrative.<\/p>\n<p>Dans les territoires amazighs, la participation pourrait s&rsquo;appuyer sur les associations locales, les coop\u00e9ratives, les organisations professionnelles, les universitaires, les jeunes, les femmes et les structures communautaires. Il s&rsquo;agirait de construire une <strong>gouvernance territoriale hybride<\/strong>, combinant institutions modernes et savoirs locaux, sous r\u00e9serve du respect plein et entier de la Constitution, des droits individuels et de l&rsquo;\u00c9tat de droit.<\/p>\n<p><strong>VIII. Femmes et jeunes : le v\u00e9ritable test de la transformation territoriale<\/strong><\/p>\n<p>Une politique territoriale efficace doit placer les femmes et les jeunes au centre de ses priorit\u00e9s. Les territoires p\u00e9riph\u00e9riques connaissent souvent une double exclusion : l&rsquo;\u00e9loignement g\u00e9ographique et l&rsquo;acc\u00e8s plus limit\u00e9 aux opportunit\u00e9s \u00e9conomiques.<\/p>\n<p>Le probl\u00e8me de l&#8217;emploi f\u00e9minin est particuli\u00e8rement pr\u00e9occupant. La Banque mondiale souligne que la participation des femmes marocaines au march\u00e9 du travail reste tr\u00e8s faible, autour de 19 %, tandis que le ch\u00f4mage des jeunes demeure \u00e9lev\u00e9 (World Bank, 2026). (<a href=\"https:\/\/www.worldbank.org\/ext\/en\/country\/morocco?utm_source=chatgpt.com\">Banque mondiale<\/a>)<\/p>\n<p>Dans les territoires amazighs, les coop\u00e9ratives f\u00e9minines peuvent devenir des instruments puissants d&rsquo;autonomisation \u00e9conomique, \u00e0 condition d&rsquo;\u00eatre int\u00e9gr\u00e9es dans des cha\u00eenes de valeur r\u00e9elles : financement, formation, certification, marketing num\u00e9rique, acc\u00e8s aux march\u00e9s et exportation.<\/p>\n<p>Pour les jeunes, la priorit\u00e9 devrait \u00eatre l&rsquo;entrepreneuriat productif plut\u00f4t que la simple multiplication des dispositifs de formation. Il faut cr\u00e9er des \u00e9cosyst\u00e8mes territoriaux o\u00f9 formation, financement, incubation, recherche appliqu\u00e9e et march\u00e9s sont reli\u00e9s.<\/p>\n<p>Le d\u00e9fi est de faire en sorte que la jeunesse n&rsquo;ait plus \u00e0 quitter son territoire pour trouver un avenir.<\/p>\n<ol>\n<li><strong> Eau, climat et montagne : le nouveau front de la justice territoriale<\/strong><\/li>\n<\/ol>\n<p>Le changement climatique rend cette question encore plus urgente. Les territoires ruraux et montagneux sont particuli\u00e8rement expos\u00e9s \u00e0 la s\u00e9cheresse, au stress hydrique, \u00e0 l&rsquo;\u00e9rosion et \u00e0 la d\u00e9gradation des \u00e9cosyst\u00e8mes.<\/p>\n<p>Le Maroc ne peut donc plus concevoir le d\u00e9veloppement territorial ind\u00e9pendamment de la politique climatique. Les territoires amazighs, dont l&rsquo;\u00e9conomie traditionnelle d\u00e9pend largement de l&rsquo;agriculture, de l&rsquo;\u00e9levage et des ressources naturelles, sont en premi\u00e8re ligne.<\/p>\n<p>Le prochain gouvernement devrait mettre en place un v\u00e9ritable <strong>pacte national pour les territoires de montagne<\/strong>, associant infrastructures hydrauliques, restauration des \u00e9cosyst\u00e8mes, agriculture r\u00e9siliente, gestion communautaire de l&rsquo;eau, \u00e9nergies renouvelables et nouvelles activit\u00e9s \u00e9conomiques.<\/p>\n<p>La question de l&rsquo;eau illustre parfaitement le passage n\u00e9cessaire d&rsquo;une politique sectorielle \u00e0 une politique territoriale int\u00e9gr\u00e9e. Une politique nationale de l&rsquo;eau ne peut \u00eatre efficace si elle ignore les r\u00e9alit\u00e9s g\u00e9ographiques des bassins versants et les pratiques locales de gestion des ressources.<\/p>\n<ol>\n<li><strong> Pour un nouveau contrat territorial marocain<\/strong><\/li>\n<\/ol>\n<p>Le v\u00e9ritable enjeu des \u00e9lections du 23 septembre 2026 est donc celui d&rsquo;un <strong>nouveau contrat territorial<\/strong>.<\/p>\n<p>Ce contrat devrait reposer sur une id\u00e9e fondamentale : aucun territoire marocain ne doit \u00eatre condamn\u00e9 \u00e0 rester p\u00e9riph\u00e9rique.<\/p>\n<p>Il ne s&rsquo;agit pas d&rsquo;abolir les diff\u00e9rences entre les r\u00e9gions. La justice territoriale ne signifie pas uniformit\u00e9. Au contraire, elle suppose de reconna\u00eetre la diversit\u00e9 des territoires et de leur permettre de valoriser leurs avantages sp\u00e9cifiques. Le mod\u00e8le pertinent est celui d&rsquo;une <strong>\u00e9galit\u00e9 diff\u00e9renci\u00e9e<\/strong> : m\u00eames droits fondamentaux, mais politiques adapt\u00e9es aux caract\u00e9ristiques locales.<\/p>\n<p>Dans cette perspective, le Rif ne doit pas \u00eatre trait\u00e9 comme le Haut Atlas ; le Souss ne doit pas \u00eatre administr\u00e9 selon les m\u00eames param\u00e8tres que l&rsquo;Oriental ; les oasis du Sud-Est ne peuvent \u00eatre pens\u00e9es comme les plaines atlantiques. L&rsquo;\u00c9tat doit garantir l&rsquo;\u00e9galit\u00e9 des citoyens tout en acceptant la diversit\u00e9 des strat\u00e9gies territoriales.<\/p>\n<p>La nouvelle g\u00e9n\u00e9ration de politiques publiques annonc\u00e9e par le gouvernement pour r\u00e9duire les disparit\u00e9s sociales et spatiales va dans cette direction (Royaume du Maroc, 2025). (<a href=\"https:\/\/maroc.ma\/fr\/actualites\/plf-2026-la-reduction-des-disparites-sociales-et-spatiales-au-coeur-des-priorites-du-gouvernement?utm_source=chatgpt.com\">Maroc<\/a>) Mais le v\u00e9ritable d\u00e9fi sera l&rsquo;ex\u00e9cution.<\/p>\n<p><strong>Conclusion : du Maroc des centres au Maroc des territoires<\/strong><\/p>\n<p>Les \u00e9lections l\u00e9gislatives du 23 septembre 2026 devraient \u00eatre l&rsquo;occasion d&rsquo;un d\u00e9bat national beaucoup plus ambitieux que celui des promesses \u00e9lectorales traditionnelles. Le Maroc doit d\u00e9sormais <strong>r\u00e9fl\u00e9chir \u00e0 la qualit\u00e9 de son \u00c9tat, \u00e0 l&rsquo;efficacit\u00e9 de son gouvernement et \u00e0 la capacit\u00e9 de ses institutions \u00e0 produire une justice territoriale r\u00e9elle<\/strong>.<\/p>\n<p>Le prochain gouvernement devra \u00eatre jug\u00e9 non seulement sur sa capacit\u00e9 \u00e0 g\u00e9rer les \u00e9quilibres politiques, mais sur son aptitude \u00e0 <strong>r\u00e9duire les distances entre le centre et la p\u00e9riph\u00e9rie, entre la m\u00e9tropole et la montagne, entre la ville et le monde rural, entre les territoires fortement connect\u00e9s et ceux qui le sont moins<\/strong>.<\/p>\n<p>La r\u00e9gionalisation avanc\u00e9e offre le cadre institutionnel n\u00e9cessaire. Le Nouveau Mod\u00e8le de D\u00e9veloppement offre une orientation strat\u00e9gique. Les donn\u00e9es du HCP permettent d\u00e9sormais de mieux identifier les territoires vuln\u00e9rables. Les analyses de l&rsquo;OCDE montrent les d\u00e9ficits persistants de coordination, de financement et de capacit\u00e9s. (<a href=\"https:\/\/www.hcp.ma\/Synthese-Cartographie-de-la-pauvrete-multidimensionnelle-paysage-territorial-et-dynamique-Mai-2025_a4112.html?utm_source=chatgpt.com\">HCP Maroc<\/a>) Ce qui manque surtout est une volont\u00e9 politique suffisamment forte pour transformer ces instruments en une v\u00e9ritable politique de convergence territoriale.<\/p>\n<p>C&rsquo;est ici que la question amazighe prend toute sa profondeur. Elle ne devrait pas \u00eatre enferm\u00e9e dans une opposition st\u00e9rile entre Arabit\u00e9 et Amazighit\u00e9. L&rsquo;Amazighit\u00e9 est l&rsquo;une des composantes historiques de la marocanit\u00e9 et l&rsquo;un des fondements culturels de nombreux territoires du Royaume. Comme je l&rsquo;ai \u00e9crit, \u00ab <em>Amazigh culture is not a residual element of the social fabric but a central component<\/em> \u00bb [\u00ab <em>La culture amazighe n\u2019est pas un \u00e9l\u00e9ment r\u00e9siduel du tissu social, mais une composante centrale de celui-ci <\/em>\u00bb] (Chtatou, 2026e, 7 ao\u00fbt) de la civilisation marocaine (Chtatou, 2026a). (<a href=\"https:\/\/www.eurasiareview.com\/13052026-amazigh-culture-in-morocco-challenges-and-future-prospects-analysis\/?utm_source=chatgpt.com\">Eurasia Review<\/a>)<\/p>\n<p>Reconna\u00eetre cette r\u00e9alit\u00e9 ne fragilise donc pas l&rsquo;unit\u00e9 nationale ; au contraire, cela peut contribuer \u00e0 la consolider en donnant \u00e0 chaque composante de la soci\u00e9t\u00e9 le sentiment que son histoire, sa langue, son territoire et sa contribution \u00e0 la civilisation nationale sont pleinement reconnus.<\/p>\n<p>Le Maroc a d\u00e9sormais besoin d&rsquo;une conception nouvelle du d\u00e9veloppement : <strong>un d\u00e9veloppement qui ne mesure pas seulement la croissance du PIB, mais la capacit\u00e9 de chaque territoire \u00e0 offrir dignit\u00e9, mobilit\u00e9 sociale, \u00e9ducation, sant\u00e9, emploi, connectivit\u00e9 et participation citoyenne<\/strong>.<\/p>\n<p>Le gouvernement issu des \u00e9lections du 23 septembre aura ainsi une responsabilit\u00e9 historique. Il devra transformer la r\u00e9gionalisation avanc\u00e9e en r\u00e9alit\u00e9, rapprocher l&rsquo;administration du citoyen, renforcer les collectivit\u00e9s territoriales, investir dans les p\u00e9riph\u00e9ries, valoriser le monde amazigh, d\u00e9velopper les \u00e9conomies locales et placer les jeunes et les femmes au centre de la transformation. Le prochain gouvernement ne devrait pas \u00eatre con\u00e7u comme le simple gouvernement du Mondial 2030, mais comme un gouvernement capable de r\u00e9pondre durablement aux d\u00e9fis sociaux, \u00e9conomiques et territoriaux du Maroc.<\/p>\n<p>La v\u00e9ritable r\u00e9ussite de ces \u00e9lections ne sera donc pas simplement la formation d&rsquo;une majorit\u00e9 parlementaire stable. Elle sera la capacit\u00e9 de cette majorit\u00e9 \u00e0 construire un \u00c9tat plus efficace et un Maroc plus \u00e9quilibr\u00e9.<\/p>\n<p><strong>Le Maroc de demain ne pourra \u00eatre durablement prosp\u00e8re si sa prosp\u00e9rit\u00e9 demeure concentr\u00e9e dans quelques centres. Il ne pourra \u00eatre v\u00e9ritablement inclusif si ses p\u00e9riph\u00e9ries restent des territoires de d\u00e9part. Et il ne pourra pleinement r\u00e9aliser la promesse de la r\u00e9gionalisation avanc\u00e9e que lorsque le citoyen de la montagne, du Rif, du Souss, de l&rsquo;Atlas, de l&rsquo;Oriental ou de l&rsquo;oasis aura le sentiment que le d\u00e9veloppement national est aussi son propre d\u00e9veloppement.<\/strong><\/p>\n<p>La question fondamentale des \u00e9lections du 23 septembre pourrait ainsi se r\u00e9sumer en une formule : <strong>non pas seulement quel gouvernement pour le Maroc, mais quel Maroc pour tous ses territoires ?<\/strong><\/p>\n<p><strong>Bibliographie<\/strong><\/p>\n<ul>\n<li>Chtatou, M. (2019). Morocco: Politics, culture, society, and economy. <em>Eurasia Review<\/em>. (<a href=\"https:\/\/www.eurasiareview.com\/27052023-morocco-politics-culture-society-and-economy-analysis\/?utm_source=chatgpt.com\">Eurasia Review<\/a>)<\/li>\n<li>Chtatou, M. (2024, June 11). Reflections on the Amazigh customary law Azref. <em>Eurasia Review<\/em>. (<a href=\"https:\/\/www.eurasiareview.com\/11062024-reflections-on-the-amazigh-customary-law-azref-analysis\/?utm_source=chatgpt.com\">Eurasia Review<\/a>)<\/li>\n<li>Chtatou, M. (2026a, May 13). Amazigh culture in Morocco: Challenges and future prospects. <em>Eurasia Review<\/em>. (<a href=\"https:\/\/www.eurasiareview.com\/13052026-amazigh-culture-in-morocco-challenges-and-future-prospects-analysis\/?utm_source=chatgpt.com\">Eurasia Review<\/a>)<\/li>\n<li>Chtatou, M. (2026b, May 27). The political process in Morocco: Monarchy, reform, and incremental democracy. <em>Eurasia Review<\/em>. (<a href=\"https:\/\/www.eurasiareview.com\/27052026-the-political-process-in-morocco-monarchy-reform-and-incremental-democracy-analysis\/?utm_source=chatgpt.com\">Eurasia Review<\/a>)<\/li>\n<li>Chtatou, M. (2026c, June 22). Amazigh: The proud guardians of an ancient culture. <em>Eurasia Review<\/em>. (<a href=\"https:\/\/www.eurasiareview.com\/22062026-amazigh-the-proud-guardians-of-an-ancient-culture-analysis\/?utm_source=chatgpt.com\">Eurasia Review<\/a>)<\/li>\n<li>Chtatou, M. (2026d, June 17). Moroccan migration governance: Balancing sovereignty, security, and human rights. <em>Eurasia Review<\/em>. (<a href=\"https:\/\/www.eurasiareview.com\/17062026-moroccan-migration-governance-balancing-sovereignty-security-and-human-rights-analysis\/?utm_source=chatgpt.com\">Eurasia Review<\/a>)<\/li>\n<li>Chtatou, M. (2026,e 7 ao\u00fbt). Fouzi Lekjaa et le \u00ab gouvernement du Mondial 2030 \u00bb : De la pelouse \u00e0 la primature ? <em>Article19.ma<\/em>. <a href=\"https:\/\/article19.ma\/accueil\/archives\/191142?utm_source=chatgpt.com\">https:\/\/article19.ma\/accueil\/archives\/191142?utm_source=chatgpt.com<\/a><\/li>\n<li>Haut-Commissariat au Plan. (2025, May 22). <em>Cartographie de la pauvret\u00e9 multidimensionnelle, paysage territorial et dynamique<\/em>. Royaume du Maroc. (<a href=\"https:\/\/www.hcp.ma\/Synthese-Cartographie-de-la-pauvrete-multidimensionnelle-paysage-territorial-et-dynamique-Mai-2025_a4112.html?utm_source=chatgpt.com\">HCP Maroc<\/a>)<\/li>\n<li>Haut-Commissariat au Plan. (2025). <em>RGPH 2024 : R\u00e9gion de Rabat-Sal\u00e9-K\u00e9nitra\u2014Dynamique de la pauvret\u00e9 multidimensionnelle entre 2014 et 2024<\/em>. Royaume du Maroc. (<a href=\"https:\/\/www.hcp.ma\/RGPH-2024-Region-de-Rabat-Sale-Kenitra-Dynamique-de-la-pauvrete-multidimensionnelle-entre-2014-et-2024-Octobre-2025_a4215.html?utm_source=chatgpt.com\">HCP Maroc<\/a>)<\/li>\n<li>OECD. (2019). <em>Open government in Sal\u00e9, Morocco<\/em>. OECD Publishing. (<a href=\"https:\/\/www.oecd.org\/en\/publications\/2019\/11\/open-government-in-sale-morocco_564916b2\/full-report\/gouvernement-ouvert-et-regionalisation-avancee_0e882117.html?utm_source=chatgpt.com\">OECD<\/a>)<\/li>\n<li>OECD. (2024). <em>OECD investment policy reviews: Morocco 2024<\/em>. OECD Publishing. (<a href=\"https:\/\/www.oecd.org\/en\/publications\/2024\/10\/examen-de-l-ocde-des-politiques-de-l-investissement-maroc-2024_06dbf6d6.html?utm_source=chatgpt.com\">OECD<\/a>)<\/li>\n<li>OECD. (2024). <em>Examen de l&rsquo;OCDE des politiques de l&rsquo;investissement : Maroc 2024<\/em>. OECD Publishing. (<a href=\"https:\/\/www.oecd.org\/fr\/publications\/examen-de-l-ocde-des-politiques-de-l-investissement-maroc-2024_e5752331-fr\/full-report\/component-9.html?utm_source=chatgpt.com\">OECD<\/a>)<\/li>\n<li>OECD. (2025). <em>National urban policy review of Morocco<\/em>. OECD Publishing. <a href=\"https:\/\/doi.org\/10.1787\/af7ee02f-en\">https:\/\/doi.org\/10.1787\/af7ee02f-en<\/a> (<a href=\"https:\/\/www.oecd.org\/en\/publications\/national-urban-policy-review-of-morocco_af7ee02f-en.html?utm_source=chatgpt.com\">OECD<\/a>)<\/li>\n<li>OECD. (2025). <em>National urban policy review of Morocco: Main findings and roadmap<\/em>. OECD Publishing. (<a href=\"https:\/\/www.oecd.org\/en\/publications\/national-urban-policy-review-of-morocco_af7ee02f-en\/full-report\/messages-cles-et-feuille-de-route_818c1e17.html?utm_source=chatgpt.com\">OECD<\/a>)<\/li>\n<li>Royaume du Maroc. (2011). <em>Constitution du Royaume du Maroc<\/em>. Secr\u00e9tariat g\u00e9n\u00e9ral du Gouvernement.<\/li>\n<li>Royaume du Maroc. (2025, August 11). <em>PLF 2026 : La r\u00e9duction des disparit\u00e9s sociales et spatiales au c\u0153ur des priorit\u00e9s du gouvernement<\/em>. Maroc.ma. (<a href=\"https:\/\/maroc.ma\/fr\/actualites\/plf-2026-la-reduction-des-disparites-sociales-et-spatiales-au-coeur-des-priorites-du-gouvernement?utm_source=chatgpt.com\">Maroc<\/a>)<\/li>\n<li>World Bank. (2026). <em>Morocco<\/em>. World Bank Group. (<a href=\"https:\/\/www.worldbank.org\/ext\/en\/country\/morocco?utm_source=chatgpt.com\">Banque mondiale<\/a>)<\/li>\n<\/ul>\n","protected":false},"excerpt":{"rendered":"<p>Introduction : au-del\u00e0 de l\u2019alternance \u00e9lectorale, la question de l\u2019efficacit\u00e9 territoriale Les \u00e9lections l\u00e9gislatives marocaines du 23 septembre 2026 s\u2019annoncent comme un moment important dans l\u2019\u00e9volution politique et institutionnelle du Royaume. Elles ne devraient cependant pas \u00eatre appr\u00e9hend\u00e9es uniquement sous l\u2019angle classique de la comp\u00e9tition entre partis, des alliances parlementaires ou de la formation de &hellip;<\/p>\n","protected":false},"author":2,"featured_media":8439,"comment_status":"open","ping_status":"closed","sticky":false,"template":"","format":"standard","meta":{"_jetpack_newsletter_access":"","_jetpack_dont_email_post_to_subs":false,"_jetpack_newsletter_tier_id":0,"_jetpack_memberships_contains_paywalled_content":false,"_jetpack_feature_clip_id":0,"_jetpack_memberships_contains_paid_content":false,"footnotes":"","jetpack_publicize_message":"","jetpack_publicize_feature_enabled":true,"jetpack_social_post_already_shared":true,"jetpack_social_options":{"image_generator_settings":{"template":"highway","default_image_id":0,"font":"","enabled":false},"version":2},"jetpack_post_was_ever_published":false},"categories":[13],"tags":[],"class_list":["post-8438","post","type-post","status-publish","format-standard","has-post-thumbnail","hentry","category-opinions"],"jetpack_publicize_connections":[],"jetpack_shortlink":"https:\/\/wp.me\/p9uxE2-2c6","jetpack_sharing_enabled":true,"jetpack_featured_media_url":"https:\/\/i0.wp.com\/amadalamazigh.press.ma\/fr\/wp-content\/uploads\/2026\/09\/tam.jpg?fit=687%2C448&ssl=1","_links":{"self":[{"href":"https:\/\/amadalamazigh.press.ma\/fr\/wp-json\/wp\/v2\/posts\/8438","targetHints":{"allow":["GET"]}}],"collection":[{"href":"https:\/\/amadalamazigh.press.ma\/fr\/wp-json\/wp\/v2\/posts"}],"about":[{"href":"https:\/\/amadalamazigh.press.ma\/fr\/wp-json\/wp\/v2\/types\/post"}],"author":[{"embeddable":true,"href":"https:\/\/amadalamazigh.press.ma\/fr\/wp-json\/wp\/v2\/users\/2"}],"replies":[{"embeddable":true,"href":"https:\/\/amadalamazigh.press.ma\/fr\/wp-json\/wp\/v2\/comments?post=8438"}],"version-history":[{"count":2,"href":"https:\/\/amadalamazigh.press.ma\/fr\/wp-json\/wp\/v2\/posts\/8438\/revisions"}],"predecessor-version":[{"id":8441,"href":"https:\/\/amadalamazigh.press.ma\/fr\/wp-json\/wp\/v2\/posts\/8438\/revisions\/8441"}],"wp:featuredmedia":[{"embeddable":true,"href":"https:\/\/amadalamazigh.press.ma\/fr\/wp-json\/wp\/v2\/media\/8439"}],"wp:attachment":[{"href":"https:\/\/amadalamazigh.press.ma\/fr\/wp-json\/wp\/v2\/media?parent=8438"}],"wp:term":[{"taxonomy":"category","embeddable":true,"href":"https:\/\/amadalamazigh.press.ma\/fr\/wp-json\/wp\/v2\/categories?post=8438"},{"taxonomy":"post_tag","embeddable":true,"href":"https:\/\/amadalamazigh.press.ma\/fr\/wp-json\/wp\/v2\/tags?post=8438"}],"curies":[{"name":"wp","href":"https:\/\/api.w.org\/{rel}","templated":true}]}}